{"id":738,"date":"2025-06-13T08:56:39","date_gmt":"2025-06-13T07:56:39","guid":{"rendered":"https:\/\/aspettandomilanocortina2026.it\/?p=738"},"modified":"2025-06-13T08:56:46","modified_gmt":"2025-06-13T07:56:46","slug":"viterbo-empfangt-die-olympische-flamme-zweiter-tag-des-feuers-nach-mailand-cortina","status":"publish","type":"post","link":"https:\/\/aspettandomilanocortina2026.it\/de\/viterbo-empfangt-die-olympische-flamme-zweiter-tag-des-feuers-nach-mailand-cortina\/","title":{"rendered":"Viterbo empf\u00e4ngt die Olympische Flamme: Zweiter Tag des Feuers in Richtung Mailand-Cortina"},"content":{"rendered":"<script type=\"text\/plain\" data-tcf=\"waiting-for-consent\" data-id=\"1033\" data-bid=\"1\" data-placement=\"1034\">PGRpdiBpZD0iYW1jLTMyMTc0NzgyODQiIGNsYXNzPSJhbWMtcHJpbWEtZGVsLWNvbnRlbnV0byI+PHNjcmlwdCBhc3luYyBzcmM9Ii8vcGFnZWFkMi5nb29nbGVzeW5kaWNhdGlvbi5jb20vcGFnZWFkL2pzL2Fkc2J5Z29vZ2xlLmpzP2NsaWVudD1jYS1wdWItNDQwMTE0NTAyNzUzOTExNSIgY3Jvc3NvcmlnaW49ImFub255bW91cyI+PC9zY3JpcHQ+PGlucyBjbGFzcz0iYWRzYnlnb29nbGUiIHN0eWxlPSJkaXNwbGF5OmJsb2NrOyIgZGF0YS1hZC1jbGllbnQ9ImNhLXB1Yi00NDAxMTQ1MDI3NTM5MTE1IiAKZGF0YS1hZC1zbG90PSIiIApkYXRhLWFkLWZvcm1hdD0iYXV0byIgZGF0YS1mdWxsLXdpZHRoLXJlc3BvbnNpdmU9InRydWUiPjwvaW5zPgo8c2NyaXB0PiAKKGFkc2J5Z29vZ2xlID0gd2luZG93LmFkc2J5Z29vZ2xlIHx8IFtdKS5wdXNoKHt9KTsgCjwvc2NyaXB0Pgo8L2Rpdj4=<\/script>\n<h2 class=\"wp-block-heading\"><strong>7. Dezember 2025 - Viterbo (Latium)<\/strong><\/h2>\n\n\n\n<p>Nach dem aufregenden Start in Rom wird die olympische Fackel auch in <strong>Viterbo<\/strong>Sie wird die erste offizielle Stadt sein, die den zweiten Tag des Staffellaufs ausrichtet. Mit einem am 4. April 2025 verabschiedeten Beschluss best\u00e4tigte die Stadt ihre Zusammenarbeit mit der Stiftung Mailand Cortina 2026 und machte die \u00dcbergabe der Fackel zu einem gro\u00dfen Ereignis <strong>F\u00f6rderung von Kultur, Tourismus und Sport<\/strong>.<\/p><script type=\"text\/plain\" data-tcf=\"waiting-for-consent\" data-id=\"1037\" data-bid=\"1\" data-placement=\"726\">PGRpdiBpZD0iYW1jLTM3OTM1Mjk4ODAiIGNsYXNzPSJhbWMtcG9zdC1jb250ZW50IiBzdHlsZT0ibWFyZ2luLWxlZnQ6IGF1dG87bWFyZ2luLXJpZ2h0OiBhdXRvO3RleHQtYWxpZ246IGNlbnRlcjsiPjxzY3JpcHQgYXN5bmMgc3JjPSIvL3BhZ2VhZDIuZ29vZ2xlc3luZGljYXRpb24uY29tL3BhZ2VhZC9qcy9hZHNieWdvb2dsZS5qcz9jbGllbnQ9Y2EtcHViLTQ0MDExNDUwMjc1MzkxMTUiIGNyb3Nzb3JpZ2luPSJhbm9ueW1vdXMiPjwvc2NyaXB0PjxpbnMgY2xhc3M9ImFkc2J5Z29vZ2xlIiBzdHlsZT0iZGlzcGxheTpibG9jazsiIGRhdGEtYWQtY2xpZW50PSJjYS1wdWItNDQwMTE0NTAyNzUzOTExNSIgCmRhdGEtYWQtc2xvdD0iODAyMDU4Mzc5MyIgCmRhdGEtYWQtZm9ybWF0PSJhdXRvIiBkYXRhLWZ1bGwtd2lkdGgtcmVzcG9uc2l2ZT0idHJ1ZSI+PC9pbnM+CjxzY3JpcHQ+IAooYWRzYnlnb29nbGUgPSB3aW5kb3cuYWRzYnlnb29nbGUgfHwgW10pLnB1c2goe30pOyAKPC9zY3JpcHQ+CjwvZGl2PjxiciBzdHlsZT0iY2xlYXI6IGJvdGg7IGRpc3BsYXk6IGJsb2NrOyBmbG9hdDogbm9uZTsiLz4=<\/script>\n\n\n\n<h2 class=\"wp-block-heading\"><strong>Programm vom 7. Dezember<\/strong><\/h2>\n\n\n\n<ul class=\"wp-block-list\">\n<li><strong>Erwarteter Zeitplan<\/strong>Die Fackel wird am sp\u00e4ten Vormittag eintreffen.<\/li>\n\n\n\n<li><strong>Stadtroute<\/strong>Die Route f\u00fchrt durch das historische Zentrum und ber\u00fchrt die wichtigsten mittelalterlichen Monumente und charakteristischen Stra\u00dfen.<\/li>\n\n\n\n<li><strong>Teilnahme<\/strong>die lokalen Beh\u00f6rden, die Sportverb\u00e4nde und die B\u00fcrgerschaft werden anwesend sein, mit einer kurzen Begr\u00fc\u00dfungszeremonie<\/li>\n<\/ul>\n\n\n\n<h2 class=\"wp-block-heading\"><strong>Viterbo Protagonist: Geschichte, Sch\u00f6nheit und olympischer Geist<\/strong><\/h2>\n\n\n\n<p>Bekannt als die <strong>\"Stadt der P\u00e4pste<\/strong>Viterbo bietet den perfekten Rahmen f\u00fcr den Empfang der Fackel: die Stadtmauern, die ber\u00fchmten <strong>Palast der P\u00e4pste<\/strong> und mittelalterlichen Stra\u00dfen spiegeln eine tiefe Verbindung zwischen <strong>Geschichte, Tradition und territoriale Identit\u00e4t<\/strong>.<\/p><script type=\"text\/plain\" data-tcf=\"waiting-for-consent\" data-id=\"1033\" data-bid=\"1\" data-placement=\"985\">PGRpdiBpZD0iYW1jLTE5MjEwNTc5MjciIGNsYXNzPSJhbWMtbWgtbWlkIj48c2NyaXB0IGFzeW5jIHNyYz0iLy9wYWdlYWQyLmdvb2dsZXN5bmRpY2F0aW9uLmNvbS9wYWdlYWQvanMvYWRzYnlnb29nbGUuanM\/Y2xpZW50PWNhLXB1Yi00NDAxMTQ1MDI3NTM5MTE1IiBjcm9zc29yaWdpbj0iYW5vbnltb3VzIj48L3NjcmlwdD48aW5zIGNsYXNzPSJhZHNieWdvb2dsZSIgc3R5bGU9ImRpc3BsYXk6YmxvY2s7IiBkYXRhLWFkLWNsaWVudD0iY2EtcHViLTQ0MDExNDUwMjc1MzkxMTUiIApkYXRhLWFkLXNsb3Q9IiIgCmRhdGEtYWQtZm9ybWF0PSJhdXRvIiBkYXRhLWZ1bGwtd2lkdGgtcmVzcG9uc2l2ZT0idHJ1ZSI+PC9pbnM+CjxzY3JpcHQ+IAooYWRzYnlnb29nbGUgPSB3aW5kb3cuYWRzYnlnb29nbGUgfHwgW10pLnB1c2goe30pOyAKPC9zY3JpcHQ+CjwvZGl2Pg==<\/script>\n\n\n\n<p>Die Stadt schickt sich also an, ein Symbol f\u00fcr die Begegnung zwischen <strong>Vergangenheit und Zukunft<\/strong>Sport wird zu einem Motor f\u00fcr die <strong>sozialer Zusammenhalt<\/strong> und die Aufwertung des Gebiets.<\/p>\n\n\n\n<h2 class=\"wp-block-heading\"><strong>Fackeltr\u00e4ger des Tages<\/strong><\/h2>\n\n\n\n<p>W\u00e4hrend dieser Etappe wird die Fackel getragen von <strong>10 Fackeltr\u00e4ger<\/strong>:<\/p>\n\n\n\n<ul class=\"wp-block-list\">\n<li>Vertreter der <strong>Stadtverwaltung von Viterbo<\/strong> und lokale Verb\u00e4nde<\/li>\n\n\n\n<li><strong>Ausgew\u00e4hlte Freiwillige<\/strong><\/li>\n\n\n\n<li>Ein junger aufstrebender Sportler als Symbol f\u00fcr die <strong>viterbese sportliche Zukunft<\/strong><\/li>\n\n\n\n<li>Repr\u00e4sentanten der Welt <strong>lokale kulturelle und institutionelle<\/strong><\/li>\n<\/ul>\n\n\n\n<h2 class=\"wp-block-heading\"><strong>Brennende Werte: Nachhaltigkeit und Integration<\/strong><\/h2>\n\n\n\n<p>Im Einklang mit der Tradition verwendet die Fackel eine <strong>nachhaltige Fackel<\/strong>konzipiert f\u00fcr <strong>bis zu zehnmal wiederaufladbar<\/strong>, gebaut mit <strong>recycelte Materialien<\/strong> und angetrieben von <strong>Bio-LPG<\/strong>.<\/p>\n\n\n\n<p>Viterbo bekr\u00e4ftigt damit sein Engagement f\u00fcr ein Veranstaltungsmodell <strong>\u00f6kologisch verantwortungsbewusst<\/strong>die mit den Grunds\u00e4tzen von Mailand Cortina 2026 \u00fcbereinstimmen.<\/p>\n\n\n\n<p>Die <strong>7. Dezember in Viterbo<\/strong> wird nicht nur eine Weitergabe der Fackel sein, sondern der konkrete Beginn einer kollektiven Erz\u00e4hlung zwischen <strong>Geschichte, Gemeinschaft und Sport<\/strong>. Auf einem Weg, der jede Stadt mit dem olympischen Symbol verbindet, nimmt Viterbo seine eigene Seite der Geschichte ein und wird zu einem Ort, an dem das olympische Feuer nicht nur die Fackel entz\u00fcndet, sondern auch den Stolz und die Teilnahme einer ganzen Gemeinschaft.<\/p>\n\n\n\n<figure class=\"wp-block-embed is-type-video is-provider-youtube wp-block-embed-youtube wp-embed-aspect-16-9 wp-has-aspect-ratio\"><div class=\"wp-block-embed__wrapper\">\n<iframe loading=\"lazy\" title=\"VITERBO | Vetus Urbs | DIE STADT DER P\u00c4PSTE | TUSCIA\" width=\"500\" height=\"281\" src=\"https:\/\/www.youtube.com\/embed\/huv83Qnc4I0?feature=oembed\" frameborder=\"0\" allow=\"accelerometer; autoplay; clipboard-write; encrypted-media; gyroscope; picture-in-picture; web-share\" referrerpolicy=\"strict-origin-when-cross-origin\" allowfullscreen><\/iframe>\n<\/div><\/figure>\n<div class=\"amc-dopo-il-contenuto\" id=\"amc-1746303257\"><script type=\"text\/plain\" data-tcf=\"waiting-for-consent\" data-id=\"1033\" data-bid=\"1\">PGRpdiBpZD0iYW1jLTMzOTQxNzA3NTkiPjxzY3JpcHQgYXN5bmMgc3JjPSIvL3BhZ2VhZDIuZ29vZ2xlc3luZGljYXRpb24uY29tL3BhZ2VhZC9qcy9hZHNieWdvb2dsZS5qcz9jbGllbnQ9Y2EtcHViLTQ0MDExNDUwMjc1MzkxMTUiIGNyb3Nzb3JpZ2luPSJhbm9ueW1vdXMiPjwvc2NyaXB0PjxpbnMgY2xhc3M9ImFkc2J5Z29vZ2xlIiBzdHlsZT0iZGlzcGxheTpibG9jazsiIGRhdGEtYWQtY2xpZW50PSJjYS1wdWItNDQwMTE0NTAyNzUzOTExNSIgCmRhdGEtYWQtc2xvdD0iIiAKZGF0YS1hZC1mb3JtYXQ9ImF1dG8iIGRhdGEtZnVsbC13aWR0aC1yZXNwb25zaXZlPSJ0cnVlIj48L2lucz4KPHNjcmlwdD4gCihhZHNieWdvb2dsZSA9IHdpbmRvdy5hZHNieWdvb2dsZSB8fCBbXSkucHVzaCh7fSk7IAo8L3NjcmlwdD4KPC9kaXY+<\/script><\/div>","protected":false},"excerpt":{"rendered":"<p>7 dicembre 2025 \u2013 Viterbo (Lazio) Dopo l&#8217;emozionante partenza romana, la fiaccola olimpica far\u00e0 tappa a Viterbo, diventando la prima citt\u00e0 ufficiale a ospitare il secondo giorno della staffetta. Tramite una delibera approvata il 4 aprile 2025, la citt\u00e0 ha confermato la propria collaborazione con la Fondazione Milano\u202fCortina 2026, trasformando il passaggio della torcia in [&hellip;]<\/p>","protected":false},"author":3,"featured_media":739,"comment_status":"open","ping_status":"open","sticky":false,"template":"","format":"standard","meta":{"_acf_changed":false,"footnotes":""},"categories":[5,3,7,1,16],"tags":[],"class_list":["post-738","post","type-post","status-publish","format-standard","has-post-thumbnail","hentry","category-guida-per-i-tifosi","category-calendario-gare","category-milano-e-cortina","category-notizie-e-aggiornamenti","category-notizie-e-approfondimenti"],"acf":[],"_links":{"self":[{"href":"https:\/\/aspettandomilanocortina2026.it\/de\/wp-json\/wp\/v2\/posts\/738","targetHints":{"allow":["GET"]}}],"collection":[{"href":"https:\/\/aspettandomilanocortina2026.it\/de\/wp-json\/wp\/v2\/posts"}],"about":[{"href":"https:\/\/aspettandomilanocortina2026.it\/de\/wp-json\/wp\/v2\/types\/post"}],"author":[{"embeddable":true,"href":"https:\/\/aspettandomilanocortina2026.it\/de\/wp-json\/wp\/v2\/users\/3"}],"replies":[{"embeddable":true,"href":"https:\/\/aspettandomilanocortina2026.it\/de\/wp-json\/wp\/v2\/comments?post=738"}],"version-history":[{"count":1,"href":"https:\/\/aspettandomilanocortina2026.it\/de\/wp-json\/wp\/v2\/posts\/738\/revisions"}],"predecessor-version":[{"id":741,"href":"https:\/\/aspettandomilanocortina2026.it\/de\/wp-json\/wp\/v2\/posts\/738\/revisions\/741"}],"wp:featuredmedia":[{"embeddable":true,"href":"https:\/\/aspettandomilanocortina2026.it\/de\/wp-json\/wp\/v2\/media\/739"}],"wp:attachment":[{"href":"https:\/\/aspettandomilanocortina2026.it\/de\/wp-json\/wp\/v2\/media?parent=738"}],"wp:term":[{"taxonomy":"category","embeddable":true,"href":"https:\/\/aspettandomilanocortina2026.it\/de\/wp-json\/wp\/v2\/categories?post=738"},{"taxonomy":"post_tag","embeddable":true,"href":"https:\/\/aspettandomilanocortina2026.it\/de\/wp-json\/wp\/v2\/tags?post=738"}],"curies":[{"name":"wp","href":"https:\/\/api.w.org\/{rel}","templated":true}]}}