{"id":729,"date":"2025-06-12T14:34:48","date_gmt":"2025-06-12T13:34:48","guid":{"rendered":"https:\/\/aspettandomilanocortina2026.it\/?p=729"},"modified":"2025-06-13T08:43:42","modified_gmt":"2025-06-13T07:43:42","slug":"rom-entzundet-die-olympische-flamme-wahrend-die-reise-der-fackel-fur-mailand-cortina-2026-beginnt","status":"publish","type":"post","link":"https:\/\/aspettandomilanocortina2026.it\/de\/rom-entzundet-die-olympische-flamme-wahrend-die-reise-der-fackel-fur-mailand-cortina-2026-beginnt\/","title":{"rendered":"Rom entz\u00fcndet die olympische Flamme: die Reise der Fackel von Mailand-Cortina 2026 beginnt"},"content":{"rendered":"<script type=\"text\/plain\" data-tcf=\"waiting-for-consent\" data-id=\"1033\" data-bid=\"1\" data-placement=\"1034\">PGRpdiBpZD0iYW1jLTEwNjMxNzQwMTgiIGNsYXNzPSJhbWMtcHJpbWEtZGVsLWNvbnRlbnV0byI+PHNjcmlwdCBhc3luYyBzcmM9Ii8vcGFnZWFkMi5nb29nbGVzeW5kaWNhdGlvbi5jb20vcGFnZWFkL2pzL2Fkc2J5Z29vZ2xlLmpzP2NsaWVudD1jYS1wdWItNDQwMTE0NTAyNzUzOTExNSIgY3Jvc3NvcmlnaW49ImFub255bW91cyI+PC9zY3JpcHQ+PGlucyBjbGFzcz0iYWRzYnlnb29nbGUiIHN0eWxlPSJkaXNwbGF5OmJsb2NrOyIgZGF0YS1hZC1jbGllbnQ9ImNhLXB1Yi00NDAxMTQ1MDI3NTM5MTE1IiAKZGF0YS1hZC1zbG90PSIiIApkYXRhLWFkLWZvcm1hdD0iYXV0byIgZGF0YS1mdWxsLXdpZHRoLXJlc3BvbnNpdmU9InRydWUiPjwvaW5zPgo8c2NyaXB0PiAKKGFkc2J5Z29vZ2xlID0gd2luZG93LmFkc2J5Z29vZ2xlIHx8IFtdKS5wdXNoKHt9KTsgCjwvc2NyaXB0Pgo8L2Rpdj4=<\/script>\n<p>Die olympische Flamme, die am 26. November 2025 in Olympia entz\u00fcndet wird, landet in Italien, um offiziell ihre aufregende Reise durch mehr als 1.500 Gemeinden anzutreten. Die <strong>6. Dezember<\/strong>im Herzen der Hauptstadt beginnt der erste Tag des Fackellaufs, an dem <strong>\u00fcber 10.001 Fackeltr\u00e4ger<\/strong> ausgew\u00e4hlt aus B\u00fcrgern, Sportlern, lokalen Vertretern und Freiwilligen.<\/p><script type=\"text\/plain\" data-tcf=\"waiting-for-consent\" data-id=\"1037\" data-bid=\"1\" data-placement=\"726\">PGRpdiBpZD0iYW1jLTQ2OTYzNzk0MSIgY2xhc3M9ImFtYy1wb3N0LWNvbnRlbnQiIHN0eWxlPSJtYXJnaW4tbGVmdDogYXV0bzttYXJnaW4tcmlnaHQ6IGF1dG87dGV4dC1hbGlnbjogY2VudGVyOyI+PHNjcmlwdCBhc3luYyBzcmM9Ii8vcGFnZWFkMi5nb29nbGVzeW5kaWNhdGlvbi5jb20vcGFnZWFkL2pzL2Fkc2J5Z29vZ2xlLmpzP2NsaWVudD1jYS1wdWItNDQwMTE0NTAyNzUzOTExNSIgY3Jvc3NvcmlnaW49ImFub255bW91cyI+PC9zY3JpcHQ+PGlucyBjbGFzcz0iYWRzYnlnb29nbGUiIHN0eWxlPSJkaXNwbGF5OmJsb2NrOyIgZGF0YS1hZC1jbGllbnQ9ImNhLXB1Yi00NDAxMTQ1MDI3NTM5MTE1IiAKZGF0YS1hZC1zbG90PSI4MDIwNTgzNzkzIiAKZGF0YS1hZC1mb3JtYXQ9ImF1dG8iIGRhdGEtZnVsbC13aWR0aC1yZXNwb25zaXZlPSJ0cnVlIj48L2lucz4KPHNjcmlwdD4gCihhZHNieWdvb2dsZSA9IHdpbmRvdy5hZHNieWdvb2dsZSB8fCBbXSkucHVzaCh7fSk7IAo8L3NjcmlwdD4KPC9kaXY+PGJyIHN0eWxlPSJjbGVhcjogYm90aDsgZGlzcGxheTogYmxvY2s7IGZsb2F0OiBub25lOyIvPg==<\/script>\n\n\n\n<h2 class=\"wp-block-heading\"><strong>Das Programm des R\u00f6mischen Tages<\/strong><\/h2>\n\n\n\n<ul class=\"wp-block-list\">\n<li><strong>Gesch\u00e4tzte Abfahrtszeit<\/strong>: 07:30<\/li>\n\n\n\n<li><strong>Ausgangspunkte<\/strong>Stadio dei Marmi<\/li>\n\n\n\n<li>Der Staffellauf wird durch ikonische Viertel wie den Aventin, Trastevere und das Kolosseum f\u00fchren, bevor er am Abend auf dem <strong>Olympiastadion<\/strong>in Verbindung mit der ersten gro\u00dfen symbolischen Zeremonie.<\/li>\n<\/ul>\n\n\n\n<p>Jeder Fackeltr\u00e4ger wird etwa <strong>200-250 Meter<\/strong>auf einer Strecke, die Sport, Geschichte und Kultur miteinander verbindet, das Feuer der Tradition weiterzugeben.<\/p><script type=\"text\/plain\" data-tcf=\"waiting-for-consent\" data-id=\"1033\" data-bid=\"1\" data-placement=\"985\">PGRpdiBpZD0iYW1jLTc5MjgzOTYxMyIgY2xhc3M9ImFtYy1taC1taWQiPjxzY3JpcHQgYXN5bmMgc3JjPSIvL3BhZ2VhZDIuZ29vZ2xlc3luZGljYXRpb24uY29tL3BhZ2VhZC9qcy9hZHNieWdvb2dsZS5qcz9jbGllbnQ9Y2EtcHViLTQ0MDExNDUwMjc1MzkxMTUiIGNyb3Nzb3JpZ2luPSJhbm9ueW1vdXMiPjwvc2NyaXB0PjxpbnMgY2xhc3M9ImFkc2J5Z29vZ2xlIiBzdHlsZT0iZGlzcGxheTpibG9jazsiIGRhdGEtYWQtY2xpZW50PSJjYS1wdWItNDQwMTE0NTAyNzUzOTExNSIgCmRhdGEtYWQtc2xvdD0iIiAKZGF0YS1hZC1mb3JtYXQ9ImF1dG8iIGRhdGEtZnVsbC13aWR0aC1yZXNwb25zaXZlPSJ0cnVlIj48L2lucz4KPHNjcmlwdD4gCihhZHNieWdvb2dsZSA9IHdpbmRvdy5hZHNieWdvb2dsZSB8fCBbXSkucHVzaCh7fSk7IAo8L3NjcmlwdD4KPC9kaXY+<\/script>\n\n\n\n<figure class=\"wp-block-gallery has-nested-images columns-default is-cropped wp-block-gallery-1 is-layout-flex wp-block-gallery-is-layout-flex\">\n<figure class=\"wp-block-image size-large\"><img loading=\"lazy\" decoding=\"async\" width=\"1024\" height=\"682\" data-id=\"732\" src=\"https:\/\/aspettandomilanocortina2026.it\/wp-content\/uploads\/2025\/06\/rome-3550739_1280-1024x682.jpg\" alt=\"\" class=\"wp-image-732\" title=\"\" srcset=\"https:\/\/aspettandomilanocortina2026.it\/wp-content\/uploads\/2025\/06\/rome-3550739_1280-1024x682.jpg 1024w, https:\/\/aspettandomilanocortina2026.it\/wp-content\/uploads\/2025\/06\/rome-3550739_1280-300x200.jpg 300w, https:\/\/aspettandomilanocortina2026.it\/wp-content\/uploads\/2025\/06\/rome-3550739_1280-768x512.jpg 768w, https:\/\/aspettandomilanocortina2026.it\/wp-content\/uploads\/2025\/06\/rome-3550739_1280-18x12.jpg 18w, https:\/\/aspettandomilanocortina2026.it\/wp-content\/uploads\/2025\/06\/rome-3550739_1280-1200x800.jpg 1200w, https:\/\/aspettandomilanocortina2026.it\/wp-content\/uploads\/2025\/06\/rome-3550739_1280-600x400.jpg 600w, https:\/\/aspettandomilanocortina2026.it\/wp-content\/uploads\/2025\/06\/rome-3550739_1280.jpg 1280w\" sizes=\"auto, (max-width: 1024px) 100vw, 1024px\" \/><\/figure>\n\n\n\n<figure class=\"wp-block-image size-large\"><img loading=\"lazy\" decoding=\"async\" width=\"1024\" height=\"671\" data-id=\"731\" src=\"https:\/\/aspettandomilanocortina2026.it\/wp-content\/uploads\/2025\/06\/bridge-7246855_1280-1024x671.jpg\" alt=\"\" class=\"wp-image-731\" title=\"\" srcset=\"https:\/\/aspettandomilanocortina2026.it\/wp-content\/uploads\/2025\/06\/bridge-7246855_1280-1024x671.jpg 1024w, https:\/\/aspettandomilanocortina2026.it\/wp-content\/uploads\/2025\/06\/bridge-7246855_1280-300x197.jpg 300w, https:\/\/aspettandomilanocortina2026.it\/wp-content\/uploads\/2025\/06\/bridge-7246855_1280-768x503.jpg 768w, https:\/\/aspettandomilanocortina2026.it\/wp-content\/uploads\/2025\/06\/bridge-7246855_1280-18x12.jpg 18w, https:\/\/aspettandomilanocortina2026.it\/wp-content\/uploads\/2025\/06\/bridge-7246855_1280-1200x787.jpg 1200w, https:\/\/aspettandomilanocortina2026.it\/wp-content\/uploads\/2025\/06\/bridge-7246855_1280-600x393.jpg 600w, https:\/\/aspettandomilanocortina2026.it\/wp-content\/uploads\/2025\/06\/bridge-7246855_1280.jpg 1280w\" sizes=\"auto, (max-width: 1024px) 100vw, 1024px\" \/><\/figure>\n<\/figure>\n\n\n\n<h2 class=\"wp-block-heading\"><strong>Rom: eine B\u00fchne der Geschichte und des Sports<\/strong><\/h2>\n\n\n\n<p>Rom ist eine Stadt, die im Zeichen der Erinnerung und der Leidenschaft lebt: vom antiken Rom bis zum modernen Fu\u00dfball, vom Foro Italico bis zum Campidoglio, jede Etappe ist voller Symbolik. Das Stadio dei Marmi, der Startpunkt, verk\u00f6rpert den olympischen Geist, w\u00e4hrend das Olympiastadion das pulsierende Herz des italienischen sportlichen Engagements darstellt.<\/p>\n\n\n\n<figure class=\"wp-block-embed is-type-video is-provider-youtube wp-block-embed-youtube wp-embed-aspect-16-9 wp-has-aspect-ratio\"><div class=\"wp-block-embed__wrapper\">\n<iframe loading=\"lazy\" title=\"Eine einzigartige Reise durch Rom: Von ber\u00fchmten Monumenten zu versteckten Juwelen\" width=\"500\" height=\"281\" src=\"https:\/\/www.youtube.com\/embed\/2vO1H_KNUZw?feature=oembed\" frameborder=\"0\" allow=\"accelerometer; autoplay; clipboard-write; encrypted-media; gyroscope; picture-in-picture; web-share\" referrerpolicy=\"strict-origin-when-cross-origin\" allowfullscreen><\/iframe>\n<\/div><\/figure>\n\n\n\n<h2 class=\"wp-block-heading\"><strong>Er, der die Flamme tr\u00e4gt<\/strong><\/h2>\n\n\n\n<p>Unter den Fackeltr\u00e4gern:<\/p>\n\n\n\n<ul class=\"wp-block-list\">\n<li><strong>Ehemalige CONI-Olympioniken<\/strong>Zeugnisse der sportlichen Vergangenheit Italiens<\/li>\n\n\n\n<li><strong>Ausgew\u00e4hlte Freiwillige<\/strong>Nutzer, die sich \u00fcber einen offenen Aufruf im Februar 2025 registriert haben (10 001 erfolgreiche Bewerber)<\/li>\n\n\n\n<li><strong>Vertreter von Institutionen<\/strong>lokale Beh\u00f6rden und ber\u00fchmte Protagonisten aus Kultur und Sport<\/li>\n\n\n\n<li><strong>Letzter heimlicher Fackeltr\u00e4ger<\/strong>die Fackel am 6. Februar 2026 in das San-Siro-Stadion zu tragen<\/li>\n\n\n\n<li><strong>Gr\u00fcne Neugierde und Design<\/strong><\/li>\n<\/ul>\n\n\n\n<p>Die Fackel - hergestellt aus Materialien <strong>gewaschen<\/strong> und angetrieben von <strong>Bio-LPG<\/strong> - wird bis zu zehnmal wiederbef\u00fcllbar sein, was die Abfallmenge reduziert und das Engagement f\u00fcr Nachhaltigkeit verst\u00e4rkt.<\/p>\n\n\n\n<p>Rom er\u00f6ffnet damit eine Reise, die Tag f\u00fcr Tag die <strong>alle 20 italienischen Regionen<\/strong>, Kreuzung <strong>60 St\u00e4dte<\/strong>, <strong>110 Provinzen<\/strong>\u00fcber <strong>1.500 Gemeinden<\/strong> und mehr zu ber\u00fchren als <strong>60 Unesco-St\u00e4tten<\/strong>. Am 6. Dezember wird in Rom der Startschuss f\u00fcr die symbolische Reise des olympischen Feuers fallen. Es handelt sich nicht nur um einen Staffellauf, sondern um eine Reise, die Sport, Geschichte, Kultur und Nachhaltigkeit miteinander verbindet. Ein kollektiver Moment, in dem jeder Fackeltr\u00e4ger zum Erz\u00e4hler universeller Werte wird: Leidenschaft, Einheit und Wiedergeburt.<\/p>\n\n\n\n<p><\/p>\n<div class=\"amc-dopo-il-contenuto\" id=\"amc-572198300\"><script type=\"text\/plain\" data-tcf=\"waiting-for-consent\" data-id=\"1033\" data-bid=\"1\">PGRpdiBpZD0iYW1jLTE0Nzk2MzAxNTIiPjxzY3JpcHQgYXN5bmMgc3JjPSIvL3BhZ2VhZDIuZ29vZ2xlc3luZGljYXRpb24uY29tL3BhZ2VhZC9qcy9hZHNieWdvb2dsZS5qcz9jbGllbnQ9Y2EtcHViLTQ0MDExNDUwMjc1MzkxMTUiIGNyb3Nzb3JpZ2luPSJhbm9ueW1vdXMiPjwvc2NyaXB0PjxpbnMgY2xhc3M9ImFkc2J5Z29vZ2xlIiBzdHlsZT0iZGlzcGxheTpibG9jazsiIGRhdGEtYWQtY2xpZW50PSJjYS1wdWItNDQwMTE0NTAyNzUzOTExNSIgCmRhdGEtYWQtc2xvdD0iIiAKZGF0YS1hZC1mb3JtYXQ9ImF1dG8iIGRhdGEtZnVsbC13aWR0aC1yZXNwb25zaXZlPSJ0cnVlIj48L2lucz4KPHNjcmlwdD4gCihhZHNieWdvb2dsZSA9IHdpbmRvdy5hZHNieWdvb2dsZSB8fCBbXSkucHVzaCh7fSk7IAo8L3NjcmlwdD4KPC9kaXY+<\/script><\/div>","protected":false},"excerpt":{"rendered":"<p>La fiamma olimpica accesa il 26 novembre 2025 a Olimpia, sbarca in Italia per dare inizio ufficiale al suo emozionante viaggio per pi\u00f9 di1.500 comuni. Il 6 dicembre, nel cuore della Capitale, prende avvio il primo giorno di staffetta della torcia, con oltre 10.001 tedofori scelti tra cittadini, atleti, rappresentanti locali e volontari. Il programma [&hellip;]<\/p>","protected":false},"author":3,"featured_media":730,"comment_status":"open","ping_status":"open","sticky":false,"template":"","format":"standard","meta":{"_acf_changed":false,"footnotes":""},"categories":[16,5,1],"tags":[],"class_list":["post-729","post","type-post","status-publish","format-standard","has-post-thumbnail","hentry","category-notizie-e-approfondimenti","category-guida-per-i-tifosi","category-notizie-e-aggiornamenti"],"acf":[],"_links":{"self":[{"href":"https:\/\/aspettandomilanocortina2026.it\/de\/wp-json\/wp\/v2\/posts\/729","targetHints":{"allow":["GET"]}}],"collection":[{"href":"https:\/\/aspettandomilanocortina2026.it\/de\/wp-json\/wp\/v2\/posts"}],"about":[{"href":"https:\/\/aspettandomilanocortina2026.it\/de\/wp-json\/wp\/v2\/types\/post"}],"author":[{"embeddable":true,"href":"https:\/\/aspettandomilanocortina2026.it\/de\/wp-json\/wp\/v2\/users\/3"}],"replies":[{"embeddable":true,"href":"https:\/\/aspettandomilanocortina2026.it\/de\/wp-json\/wp\/v2\/comments?post=729"}],"version-history":[{"count":4,"href":"https:\/\/aspettandomilanocortina2026.it\/de\/wp-json\/wp\/v2\/posts\/729\/revisions"}],"predecessor-version":[{"id":737,"href":"https:\/\/aspettandomilanocortina2026.it\/de\/wp-json\/wp\/v2\/posts\/729\/revisions\/737"}],"wp:featuredmedia":[{"embeddable":true,"href":"https:\/\/aspettandomilanocortina2026.it\/de\/wp-json\/wp\/v2\/media\/730"}],"wp:attachment":[{"href":"https:\/\/aspettandomilanocortina2026.it\/de\/wp-json\/wp\/v2\/media?parent=729"}],"wp:term":[{"taxonomy":"category","embeddable":true,"href":"https:\/\/aspettandomilanocortina2026.it\/de\/wp-json\/wp\/v2\/categories?post=729"},{"taxonomy":"post_tag","embeddable":true,"href":"https:\/\/aspettandomilanocortina2026.it\/de\/wp-json\/wp\/v2\/tags?post=729"}],"curies":[{"name":"wp","href":"https:\/\/api.w.org\/{rel}","templated":true}]}}