{"id":714,"date":"2025-06-09T14:18:29","date_gmt":"2025-06-09T13:18:29","guid":{"rendered":"https:\/\/aspettandomilanocortina2026.it\/?p=714"},"modified":"2025-06-09T14:18:37","modified_gmt":"2025-06-09T13:18:37","slug":"uefa-nations-league-2025-portugal-erobert-den-himmel-im-elfmeterschiesen-gegen-spanien-in-monaco","status":"publish","type":"post","link":"https:\/\/aspettandomilanocortina2026.it\/de\/uefa-nations-league-2025-portugal-erobert-den-himmel-im-elfmeterschiesen-gegen-spanien-in-monaco\/","title":{"rendered":"UEFA Nations League 2025: Portugal gewinnt den Himmel im Elfmeterschie\u00dfen und schl\u00e4gt Spanien in der Nacht von M\u00fcnchen"},"content":{"rendered":"<script type=\"text\/plain\" data-tcf=\"waiting-for-consent\" data-id=\"1033\" data-bid=\"1\" data-placement=\"1034\">PGRpdiBpZD0iYW1jLTE1Njc2NTg2MjEiIGNsYXNzPSJhbWMtcHJpbWEtZGVsLWNvbnRlbnV0byI+PHNjcmlwdCBhc3luYyBzcmM9Ii8vcGFnZWFkMi5nb29nbGVzeW5kaWNhdGlvbi5jb20vcGFnZWFkL2pzL2Fkc2J5Z29vZ2xlLmpzP2NsaWVudD1jYS1wdWItNDQwMTE0NTAyNzUzOTExNSIgY3Jvc3NvcmlnaW49ImFub255bW91cyI+PC9zY3JpcHQ+PGlucyBjbGFzcz0iYWRzYnlnb29nbGUiIHN0eWxlPSJkaXNwbGF5OmJsb2NrOyIgZGF0YS1hZC1jbGllbnQ9ImNhLXB1Yi00NDAxMTQ1MDI3NTM5MTE1IiAKZGF0YS1hZC1zbG90PSIiIApkYXRhLWFkLWZvcm1hdD0iYXV0byIgZGF0YS1mdWxsLXdpZHRoLXJlc3BvbnNpdmU9InRydWUiPjwvaW5zPgo8c2NyaXB0PiAKKGFkc2J5Z29vZ2xlID0gd2luZG93LmFkc2J5Z29vZ2xlIHx8IFtdKS5wdXNoKHt9KTsgCjwvc2NyaXB0Pgo8L2Rpdj4=<\/script>\n<p>Am 8. Juni 2025, in der stimmungsvollen Kulisse des<strong>Allianz Arena<\/strong> in M\u00fcnchen erz\u00e4hlte der Fu\u00dfball eine seiner sch\u00f6nsten Geschichten. Ein rein iberisches Finale - <strong>Portugal gegen Spanien<\/strong> - erst nach einem 120-min\u00fctigen Kampf und einer Lotterie von Elfmetern entschieden, die den Portugiesen den <strong>ihren zweiten Titel in der UEFA Nations League<\/strong>.<\/p><script type=\"text\/plain\" data-tcf=\"waiting-for-consent\" data-id=\"1037\" data-bid=\"1\" data-placement=\"726\">PGRpdiBpZD0iYW1jLTYwOTkwODIwNiIgY2xhc3M9ImFtYy1wb3N0LWNvbnRlbnQiIHN0eWxlPSJtYXJnaW4tbGVmdDogYXV0bzttYXJnaW4tcmlnaHQ6IGF1dG87dGV4dC1hbGlnbjogY2VudGVyOyI+PHNjcmlwdCBhc3luYyBzcmM9Ii8vcGFnZWFkMi5nb29nbGVzeW5kaWNhdGlvbi5jb20vcGFnZWFkL2pzL2Fkc2J5Z29vZ2xlLmpzP2NsaWVudD1jYS1wdWItNDQwMTE0NTAyNzUzOTExNSIgY3Jvc3NvcmlnaW49ImFub255bW91cyI+PC9zY3JpcHQ+PGlucyBjbGFzcz0iYWRzYnlnb29nbGUiIHN0eWxlPSJkaXNwbGF5OmJsb2NrOyIgZGF0YS1hZC1jbGllbnQ9ImNhLXB1Yi00NDAxMTQ1MDI3NTM5MTE1IiAKZGF0YS1hZC1zbG90PSI4MDIwNTgzNzkzIiAKZGF0YS1hZC1mb3JtYXQ9ImF1dG8iIGRhdGEtZnVsbC13aWR0aC1yZXNwb25zaXZlPSJ0cnVlIj48L2lucz4KPHNjcmlwdD4gCihhZHNieWdvb2dsZSA9IHdpbmRvdy5hZHNieWdvb2dsZSB8fCBbXSkucHVzaCh7fSk7IAo8L3NjcmlwdD4KPC9kaXY+PGJyIHN0eWxlPSJjbGVhcjogYm90aDsgZGlzcGxheTogYmxvY2s7IGZsb2F0OiBub25lOyIvPg==<\/script>\n\n\n\n<p><strong>Das hei\u00dfbl\u00fctige Duell: Spanien gegen Portugal<\/strong><\/p><script type=\"text\/plain\" data-tcf=\"waiting-for-consent\" data-id=\"1033\" data-bid=\"1\" data-placement=\"985\">PGRpdiBpZD0iYW1jLTIxNTYwNDA4MDEiIGNsYXNzPSJhbWMtbWgtbWlkIj48c2NyaXB0IGFzeW5jIHNyYz0iLy9wYWdlYWQyLmdvb2dsZXN5bmRpY2F0aW9uLmNvbS9wYWdlYWQvanMvYWRzYnlnb29nbGUuanM\/Y2xpZW50PWNhLXB1Yi00NDAxMTQ1MDI3NTM5MTE1IiBjcm9zc29yaWdpbj0iYW5vbnltb3VzIj48L3NjcmlwdD48aW5zIGNsYXNzPSJhZHNieWdvb2dsZSIgc3R5bGU9ImRpc3BsYXk6YmxvY2s7IiBkYXRhLWFkLWNsaWVudD0iY2EtcHViLTQ0MDExNDUwMjc1MzkxMTUiIApkYXRhLWFkLXNsb3Q9IiIgCmRhdGEtYWQtZm9ybWF0PSJhdXRvIiBkYXRhLWZ1bGwtd2lkdGgtcmVzcG9uc2l2ZT0idHJ1ZSI+PC9pbnM+CjxzY3JpcHQ+IAooYWRzYnlnb29nbGUgPSB3aW5kb3cuYWRzYnlnb29nbGUgfHwgW10pLnB1c2goe30pOyAKPC9zY3JpcHQ+CjwvZGl2Pg==<\/script>\n\n\n\n<p>Auf der einen Seite Spanien, der Titelverteidiger, organisiert, pr\u00e4zise und bereit, seine Krone zu verteidigen. Auf der anderen Seite ein Portugal, reich an Talent und Erfahrung und mit einem Mann, der wieder einmal ein entscheidendes Symbol ist: <strong>Cristiano Ronaldo<\/strong>. Ein Spiel, das Millionen von Zuschauern in seinen Bann zog und M\u00fcnchen zum pulsierenden Herzen des europ\u00e4ischen Fu\u00dfballs machte.<\/p>\n\n\n\n<p><strong>Die Chronik: Schl\u00e4ge, Antworten und Legende<\/strong><\/p>\n\n\n\n<p>Der Start ist fulminant. In der 21. Minute schlug Spanien zu: <strong>Mart\u00edn Zubimendi<\/strong>Mit Coolness schloss er eine von Nico Williams inszenierte Aktion ab. Doch Portugal reagierte, wie es gro\u00dfe Mannschaften zu tun pflegen. Nur f\u00fcnf Minuten sp\u00e4ter, <strong>Nuno Mendes<\/strong> mit einem Linksschuss in den Winkel und erzielte den Ausgleich.<\/p>\n\n\n\n<p>Doch die Wut der Spanier war noch nicht erloschen. Vor der Halbzeit, in der 45, <strong>Oyarzabal<\/strong> nutzte eine Unsicherheit in der lusitanischen Abwehr aus und markierte das 2:1. Es sah so aus, als ob das der K.o.-Schlag h\u00e4tte sein k\u00f6nnen, aber in der zweiten Halbzeit stieg er noch einmal in die H\u00f6he. <strong>Cristiano Ronaldo<\/strong>In der 61. Minute erzielte er nach einer Vorlage von Bernardo Silva mit einem satten Rechtsschuss den Ausgleichstreffer. Es war sein 138. Tor in der Nationalmannschaft. Ein Rekord. Ein Siegel der Legende.<\/p>\n\n\n\n<figure class=\"wp-block-embed is-type-video is-provider-youtube wp-block-embed-youtube wp-embed-aspect-16-9 wp-has-aspect-ratio\"><div class=\"wp-block-embed__wrapper\">\n<iframe loading=\"lazy\" title=\"Portugal - Spanien 7-5: H\u00f6hepunkte | UEFA Nations League 2024\/25\" width=\"500\" height=\"281\" src=\"https:\/\/www.youtube.com\/embed\/NNPvyaaYVrk?feature=oembed\" frameborder=\"0\" allow=\"accelerometer; autoplay; clipboard-write; encrypted-media; gyroscope; picture-in-picture; web-share\" referrerpolicy=\"strict-origin-when-cross-origin\" allowfullscreen><\/iframe>\n<\/div><\/figure>\n\n\n\n<p><strong>Bei Strafen: Die K\u00e4lte des Schicksals<\/strong><\/p>\n\n\n\n<p>Die Uhr tickt. Verl\u00e4ngerung ohne Tore, aber mit viel Spannung. Es geht ins Elfmeterschie\u00dfen. Spanien ist der erste, der ein Tor schie\u00dft: <strong>\u00c1lvaro Morata<\/strong> wird hypnotisiert von <strong>Diogo Costa<\/strong>. Portugal ist vom Elfmeterpunkt perfekt. Keine Flecken. Jetzt ist die Reihe an <strong>R\u00faben Neves<\/strong> den Kreis schlie\u00dfen. Das Ziel. Die Freude explodiert. Es steht 5:3 nach Elfmeterschie\u00dfen. Portugal ist wieder auf dem Dach von Europa.<\/p>\n\n\n\n<p><strong>Die Protagonisten<\/strong><\/p>\n\n\n\n<ul class=\"wp-block-list\">\n<li><strong>Cristiano Ronaldo<\/strong>nicht nur Tore, sondern auch F\u00fchrung und Tr\u00e4nen. Mit 40 Jahren hat er sich wahrscheinlich als Held von der internationalen B\u00fchne verabschiedet.<\/li>\n\n\n\n<li><strong>Nuno Mendes<\/strong>ernannt : ernannt <strong>MVP des Endspiels<\/strong>dank des Tores und einer dominanten Leistung bei den Flanken.<\/li>\n\n\n\n<li><strong>Diogo Costa<\/strong>Absoluter Protagonist im Elfmeterschie\u00dfen, entscheidend wie bei der Weltmeisterschaft 2022.<\/li>\n<\/ul>\n\n\n\n<p><strong>Statistiken und Trivialit\u00e4ten<\/strong><\/p>\n\n\n\n<ul class=\"wp-block-list\">\n<li><strong>2. Titel in der Nations League<\/strong> f\u00fcr Portugal (nach dem Triumph von 2019).<\/li>\n\n\n\n<li>Cristiano Ronaldo wird der <strong>\u00e4ltester Spieler, der ein Tor in einem UEFA-Finale erzielte<\/strong>.<\/li>\n\n\n\n<li>Portugal ist die erste Nation, die zwei Ausgaben des Wettbewerbs gewonnen hat.<\/li>\n\n\n\n<li>Allianz Arena ausverkauft: \u00fcber <strong>70.000 Zuschauer<\/strong> Gegenwart.<\/li>\n\n\n\n<li>Jenseits von <strong>150 L\u00e4nder<\/strong> Sie \u00fcbertragen das Finale live.<\/li>\n<\/ul>\n\n\n\n<p><strong>Ein Ende, das bereits Geschichte ist<\/strong><\/p>\n\n\n\n<p>W\u00e4hrend ein Feuerwerk den Himmel in Monaco erhellte, stemmte Cristiano Ronaldo eine weitere Troph\u00e4e in die H\u00f6he, vielleicht die letzte in seiner langen internationalen Karriere. Portugal feierte nicht nur einen Titel, sondern auch die \u00dcbergabe des Staffelstabs zwischen Vergangenheit und Zukunft. Ein neuer Zyklus hat begonnen, unter dem ewigen Stern der Nummer 7. Und Europa spricht - wieder einmal - Portugiesisch.<\/p>\n<div class=\"amc-dopo-il-contenuto\" id=\"amc-1019340976\"><script type=\"text\/plain\" data-tcf=\"waiting-for-consent\" data-id=\"1033\" data-bid=\"1\">PGRpdiBpZD0iYW1jLTM5Mjc3ODA4NTEiPjxzY3JpcHQgYXN5bmMgc3JjPSIvL3BhZ2VhZDIuZ29vZ2xlc3luZGljYXRpb24uY29tL3BhZ2VhZC9qcy9hZHNieWdvb2dsZS5qcz9jbGllbnQ9Y2EtcHViLTQ0MDExNDUwMjc1MzkxMTUiIGNyb3Nzb3JpZ2luPSJhbm9ueW1vdXMiPjwvc2NyaXB0PjxpbnMgY2xhc3M9ImFkc2J5Z29vZ2xlIiBzdHlsZT0iZGlzcGxheTpibG9jazsiIGRhdGEtYWQtY2xpZW50PSJjYS1wdWItNDQwMTE0NTAyNzUzOTExNSIgCmRhdGEtYWQtc2xvdD0iIiAKZGF0YS1hZC1mb3JtYXQ9ImF1dG8iIGRhdGEtZnVsbC13aWR0aC1yZXNwb25zaXZlPSJ0cnVlIj48L2lucz4KPHNjcmlwdD4gCihhZHNieWdvb2dsZSA9IHdpbmRvdy5hZHNieWdvb2dsZSB8fCBbXSkucHVzaCh7fSk7IAo8L3NjcmlwdD4KPC9kaXY+<\/script><\/div>","protected":false},"excerpt":{"rendered":"<p>L\u20198 giugno 2025, nella cornice suggestiva dell\u2019Allianz Arena di Monaco di Baviera, il calcio ha raccontato una delle sue storie pi\u00f9 belle. Una finale tutta iberica \u2014 Portogallo contro Spagna \u2014 decisa solo dopo 120 minuti di battaglia e una lotteria di rigori, che ha consegnato ai portoghesi il loro secondo titolo di UEFA Nations [&hellip;]<\/p>","protected":false},"author":3,"featured_media":715,"comment_status":"open","ping_status":"open","sticky":false,"template":"","format":"standard","meta":{"_acf_changed":false,"footnotes":""},"categories":[1,17],"tags":[],"class_list":["post-714","post","type-post","status-publish","format-standard","has-post-thumbnail","hentry","category-notizie-e-aggiornamenti","category-sport-e-atleti"],"acf":[],"_links":{"self":[{"href":"https:\/\/aspettandomilanocortina2026.it\/de\/wp-json\/wp\/v2\/posts\/714","targetHints":{"allow":["GET"]}}],"collection":[{"href":"https:\/\/aspettandomilanocortina2026.it\/de\/wp-json\/wp\/v2\/posts"}],"about":[{"href":"https:\/\/aspettandomilanocortina2026.it\/de\/wp-json\/wp\/v2\/types\/post"}],"author":[{"embeddable":true,"href":"https:\/\/aspettandomilanocortina2026.it\/de\/wp-json\/wp\/v2\/users\/3"}],"replies":[{"embeddable":true,"href":"https:\/\/aspettandomilanocortina2026.it\/de\/wp-json\/wp\/v2\/comments?post=714"}],"version-history":[{"count":1,"href":"https:\/\/aspettandomilanocortina2026.it\/de\/wp-json\/wp\/v2\/posts\/714\/revisions"}],"predecessor-version":[{"id":717,"href":"https:\/\/aspettandomilanocortina2026.it\/de\/wp-json\/wp\/v2\/posts\/714\/revisions\/717"}],"wp:featuredmedia":[{"embeddable":true,"href":"https:\/\/aspettandomilanocortina2026.it\/de\/wp-json\/wp\/v2\/media\/715"}],"wp:attachment":[{"href":"https:\/\/aspettandomilanocortina2026.it\/de\/wp-json\/wp\/v2\/media?parent=714"}],"wp:term":[{"taxonomy":"category","embeddable":true,"href":"https:\/\/aspettandomilanocortina2026.it\/de\/wp-json\/wp\/v2\/categories?post=714"},{"taxonomy":"post_tag","embeddable":true,"href":"https:\/\/aspettandomilanocortina2026.it\/de\/wp-json\/wp\/v2\/tags?post=714"}],"curies":[{"name":"wp","href":"https:\/\/api.w.org\/{rel}","templated":true}]}}