{"id":710,"date":"2025-06-08T21:35:58","date_gmt":"2025-06-08T20:35:58","guid":{"rendered":"https:\/\/aspettandomilanocortina2026.it\/?p=710"},"modified":"2025-06-08T21:36:08","modified_gmt":"2025-06-08T20:36:08","slug":"alcaraz-regiert-in-paris-gegen-sinner-in-roland-garros-2025","status":"publish","type":"post","link":"https:\/\/aspettandomilanocortina2026.it\/de\/alcaraz-regiert-in-paris-gegen-sinner-in-roland-garros-2025\/","title":{"rendered":"Alcaraz setzt sich in Paris gegen Sinner in Roland Garros 2025 durch"},"content":{"rendered":"<script type=\"text\/plain\" data-tcf=\"waiting-for-consent\" data-id=\"1033\" data-bid=\"1\" data-placement=\"1034\">PGRpdiBpZD0iYW1jLTI4MzE0NjgxMzkiIGNsYXNzPSJhbWMtcHJpbWEtZGVsLWNvbnRlbnV0byI+PHNjcmlwdCBhc3luYyBzcmM9Ii8vcGFnZWFkMi5nb29nbGVzeW5kaWNhdGlvbi5jb20vcGFnZWFkL2pzL2Fkc2J5Z29vZ2xlLmpzP2NsaWVudD1jYS1wdWItNDQwMTE0NTAyNzUzOTExNSIgY3Jvc3NvcmlnaW49ImFub255bW91cyI+PC9zY3JpcHQ+PGlucyBjbGFzcz0iYWRzYnlnb29nbGUiIHN0eWxlPSJkaXNwbGF5OmJsb2NrOyIgZGF0YS1hZC1jbGllbnQ9ImNhLXB1Yi00NDAxMTQ1MDI3NTM5MTE1IiAKZGF0YS1hZC1zbG90PSIiIApkYXRhLWFkLWZvcm1hdD0iYXV0byIgZGF0YS1mdWxsLXdpZHRoLXJlc3BvbnNpdmU9InRydWUiPjwvaW5zPgo8c2NyaXB0PiAKKGFkc2J5Z29vZ2xlID0gd2luZG93LmFkc2J5Z29vZ2xlIHx8IFtdKS5wdXNoKHt9KTsgCjwvc2NyaXB0Pgo8L2Rpdj4=<\/script>\n<p><strong>Paris, 8. Juni 2025<\/strong> - Die <strong>Gerichtshof Philippe-Chatrier<\/strong> war Zeuge eines der denkw\u00fcrdigsten Matches in der Geschichte des Tennissports: <strong>Carlos Alcaraz<\/strong>, 22, verteidigte seinen Titel in Roland Garros durch einen Sieg \u00fcber <strong>Jannik Sinner<\/strong> mit einer unglaublichen Punktzahl von <strong>4-6, 6-7(4), 6-4, 7-6(3), 7-6(10-2)<\/strong>nach <strong>5 Stunden 29 Minuten<\/strong> von reinem Spektakel und Spannung.<\/p><script type=\"text\/plain\" data-tcf=\"waiting-for-consent\" data-id=\"1037\" data-bid=\"1\" data-placement=\"726\">PGRpdiBpZD0iYW1jLTE3OTA4ODg5MzMiIGNsYXNzPSJhbWMtcG9zdC1jb250ZW50IiBzdHlsZT0ibWFyZ2luLWxlZnQ6IGF1dG87bWFyZ2luLXJpZ2h0OiBhdXRvO3RleHQtYWxpZ246IGNlbnRlcjsiPjxzY3JpcHQgYXN5bmMgc3JjPSIvL3BhZ2VhZDIuZ29vZ2xlc3luZGljYXRpb24uY29tL3BhZ2VhZC9qcy9hZHNieWdvb2dsZS5qcz9jbGllbnQ9Y2EtcHViLTQ0MDExNDUwMjc1MzkxMTUiIGNyb3Nzb3JpZ2luPSJhbm9ueW1vdXMiPjwvc2NyaXB0PjxpbnMgY2xhc3M9ImFkc2J5Z29vZ2xlIiBzdHlsZT0iZGlzcGxheTpibG9jazsiIGRhdGEtYWQtY2xpZW50PSJjYS1wdWItNDQwMTE0NTAyNzUzOTExNSIgCmRhdGEtYWQtc2xvdD0iODAyMDU4Mzc5MyIgCmRhdGEtYWQtZm9ybWF0PSJhdXRvIiBkYXRhLWZ1bGwtd2lkdGgtcmVzcG9uc2l2ZT0idHJ1ZSI+PC9pbnM+CjxzY3JpcHQ+IAooYWRzYnlnb29nbGUgPSB3aW5kb3cuYWRzYnlnb29nbGUgfHwgW10pLnB1c2goe30pOyAKPC9zY3JpcHQ+CjwvZGl2PjxiciBzdHlsZT0iY2xlYXI6IGJvdGg7IGRpc3BsYXk6IGJsb2NrOyBmbG9hdDogbm9uZTsiLz4=<\/script>\n\n\n\n<h2 class=\"wp-block-heading\"><strong>Unverw\u00fcstlichkeit, Klasse und Biss<\/strong><\/h2>\n\n\n\n<p>Sinner war der Favorit und f\u00fchrte in zwei S\u00e4tzen: 6-4, 7-6(4). Aber Alcaraz zeigte <strong>das Temperament eines Champions<\/strong>und steigerte sich in den folgenden S\u00e4tzen und setzte sich in den entscheidenden Momenten mit gro\u00dfer Entschlossenheit durch.<\/p><script type=\"text\/plain\" data-tcf=\"waiting-for-consent\" data-id=\"1033\" data-bid=\"1\" data-placement=\"985\">PGRpdiBpZD0iYW1jLTIxMTIzNzk4NzAiIGNsYXNzPSJhbWMtbWgtbWlkIj48c2NyaXB0IGFzeW5jIHNyYz0iLy9wYWdlYWQyLmdvb2dsZXN5bmRpY2F0aW9uLmNvbS9wYWdlYWQvanMvYWRzYnlnb29nbGUuanM\/Y2xpZW50PWNhLXB1Yi00NDAxMTQ1MDI3NTM5MTE1IiBjcm9zc29yaWdpbj0iYW5vbnltb3VzIj48L3NjcmlwdD48aW5zIGNsYXNzPSJhZHNieWdvb2dsZSIgc3R5bGU9ImRpc3BsYXk6YmxvY2s7IiBkYXRhLWFkLWNsaWVudD0iY2EtcHViLTQ0MDExNDUwMjc1MzkxMTUiIApkYXRhLWFkLXNsb3Q9IiIgCmRhdGEtYWQtZm9ybWF0PSJhdXRvIiBkYXRhLWZ1bGwtd2lkdGgtcmVzcG9uc2l2ZT0idHJ1ZSI+PC9pbnM+CjxzY3JpcHQ+IAooYWRzYnlnb29nbGUgPSB3aW5kb3cuYWRzYnlnb29nbGUgfHwgW10pLnB1c2goe30pOyAKPC9zY3JpcHQ+CjwvZGl2Pg==<\/script>\n\n\n\n<p>Im vierten Satz rettete El Palmar <strong>drei Spielb\u00e4lle<\/strong>den Tie-Break mit 7:3 f\u00fcr sich entscheiden. Der f\u00fcnfte Satz war ein atemloser Kampf, der mit dem entscheidenden Tiebreak endete, den Alcaraz gewann <strong>10-2<\/strong>einen Bereich, der unter extremem Druck steht.<\/p>\n\n\n\n<figure class=\"wp-block-embed is-type-video is-provider-youtube wp-block-embed-youtube wp-embed-aspect-16-9 wp-has-aspect-ratio\"><div class=\"wp-block-embed__wrapper\">\n<iframe loading=\"lazy\" title=\"Carlos Alcaraz gegen Jannik Sinner - VOLLE Highlights im Finale | Roland Garros 2025\" width=\"500\" height=\"281\" src=\"https:\/\/www.youtube.com\/embed\/D8s9Kjb9d94?feature=oembed\" frameborder=\"0\" allow=\"accelerometer; autoplay; clipboard-write; encrypted-media; gyroscope; picture-in-picture; web-share\" referrerpolicy=\"strict-origin-when-cross-origin\" allowfullscreen><\/iframe>\n<\/div><\/figure>\n\n\n\n<h2 class=\"wp-block-heading\"><strong>Eine Rivalit\u00e4t, die eine \u00c4ra markiert<\/strong><\/h2>\n\n\n\n<p>Dies war die <strong>erstes Slam-Finale nur zwischen Spielern, die im Jahr 2000 geboren wurden<\/strong>und das 18. Aufeinandertreffen zwischen Alcaraz und Sinner. Der Erfolg in Roland Garros markiert die <strong>f\u00fcnfter Grand-Slam-Titel<\/strong> f\u00fcr Alcaraz - nach US Open 2022, Wimbledon 2023 und 2024, French Open 2024 - und festigt ihn unter den Besten seiner Generation.<\/p>\n\n\n\n<p>Sinner hingegen kann erhobenen Hauptes abtreten: Er war der erste Italiener, der ein Slam-Finale auf Sand erreichte, noch dazu ohne Satzverlust vor dem Finale.<\/p>\n\n\n\n<h2 class=\"wp-block-heading\"><strong>Zeit- und Spannungsrekorde: ein Spiel f\u00fcr die Geschichtsb\u00fccher<\/strong><\/h2>\n\n\n\n<p>Mit <strong>5h29\u2032<\/strong>Dieses Finale geht als das l\u00e4ngste jemals in Paris gespielte in die Geschichte ein und als das zweitl\u00e4ngste bei einem Slam nach den Australian Open 2012.<\/p>\n\n\n\n<p>Der Kampf fesselte die Zuschauer: blitzschnelle Bewegungen, zirkusartige Aufholjagden, unvergessliche Schlagabtausche und eine unglaubliche Charakterleistung beider Protagonisten.<\/p>\n\n\n\n<h2 class=\"wp-block-heading\"><strong>Auszeichnungen und Sichtbarkeit<\/strong><\/h2>\n\n\n\n<p>Alcaraz wurde mit einem Preis in H\u00f6he von <strong>\u20ac2,550,000<\/strong>w\u00e4hrend Sinner gewann <strong>\u20ac1,275,000<\/strong> als Finalisten. Zus\u00e4tzlich zu den finanziellen Belohnungen sammelten beide wichtige Ranglistenpunkte und weltweite Aufmerksamkeit.<\/p>\n\n\n\n<h2 class=\"wp-block-heading\"><strong>Reaktionen, Sport und Klasse<\/strong><\/h2>\n\n\n\n<p>Das Spiel l\u00f6ste eine Kontroverse \u00fcber die Abwesenheit von HawkEye bei umstrittenen Punkten aus - insbesondere \u00fcber einen potenziellen Aufschlag, der von Sinner mit Fairplay als \"in\" bezeichnet wurde, was jedoch die Debatte \u00fcber das Fehlen der Technologie in Paris neu entfachte.<\/p>\n\n\n\n<p>Alcaraz bedankte sich bei seinem Team, w\u00e4hrend Nadal, Billie Jean King und andere legend\u00e4re Champions seine Leistung enthusiastisch begr\u00fc\u00dften.<\/p>\n\n\n\n<h2 class=\"wp-block-heading\"><strong>Ein Spiel, das Legenden schrieb<\/strong><\/h2>\n\n\n\n<p>Das Finale von Roland Garros 2025 hat die Grenzen der Ausdauer und des mentalen Talents neu definiert. Mit seinem epischen Comeback und dem Rekord, den er aufstellte, <strong>Carlos Alcaraz<\/strong> verteidigt nicht nur seinen Thron auf Sand, sondern sendet ein starkes Signal: Er ist bereit, die Zukunft des Welttennis zu dominieren. Und Jannik Sinner? Schon jetzt an der Spitze der Szene, mit einer Zukunft, die zusammen mit seinem spanischen Rivalen unvergessliche Geschichten verspricht.<\/p>\n<div class=\"amc-dopo-il-contenuto\" id=\"amc-1804157201\"><script type=\"text\/plain\" data-tcf=\"waiting-for-consent\" data-id=\"1033\" data-bid=\"1\">PGRpdiBpZD0iYW1jLTI1MDYyNjI3NDciPjxzY3JpcHQgYXN5bmMgc3JjPSIvL3BhZ2VhZDIuZ29vZ2xlc3luZGljYXRpb24uY29tL3BhZ2VhZC9qcy9hZHNieWdvb2dsZS5qcz9jbGllbnQ9Y2EtcHViLTQ0MDExNDUwMjc1MzkxMTUiIGNyb3Nzb3JpZ2luPSJhbm9ueW1vdXMiPjwvc2NyaXB0PjxpbnMgY2xhc3M9ImFkc2J5Z29vZ2xlIiBzdHlsZT0iZGlzcGxheTpibG9jazsiIGRhdGEtYWQtY2xpZW50PSJjYS1wdWItNDQwMTE0NTAyNzUzOTExNSIgCmRhdGEtYWQtc2xvdD0iIiAKZGF0YS1hZC1mb3JtYXQ9ImF1dG8iIGRhdGEtZnVsbC13aWR0aC1yZXNwb25zaXZlPSJ0cnVlIj48L2lucz4KPHNjcmlwdD4gCihhZHNieWdvb2dsZSA9IHdpbmRvdy5hZHNieWdvb2dsZSB8fCBbXSkucHVzaCh7fSk7IAo8L3NjcmlwdD4KPC9kaXY+<\/script><\/div>","protected":false},"excerpt":{"rendered":"<p>Parigi, 8 giugno 2025 \u2013 Il Court Philippe\u2011Chatrier ha assistito a uno dei match pi\u00f9 memorabili nella storia del tennis: Carlos Alcaraz, 22 anni, ha conservato il titolo del Roland\u202fGarros sconfiggendo Jannik Sinner con un incredibile punteggio di 4\u20116, 6\u20117(4), 6\u20114, 7\u20116(3), 7\u20116(10\u20112), dopo 5 ore e 29 minuti di spettacolo e tensione pura . [&hellip;]<\/p>","protected":false},"author":3,"featured_media":711,"comment_status":"open","ping_status":"open","sticky":false,"template":"","format":"standard","meta":{"_acf_changed":false,"footnotes":""},"categories":[16,17],"tags":[],"class_list":["post-710","post","type-post","status-publish","format-standard","has-post-thumbnail","hentry","category-notizie-e-approfondimenti","category-sport-e-atleti"],"acf":[],"_links":{"self":[{"href":"https:\/\/aspettandomilanocortina2026.it\/de\/wp-json\/wp\/v2\/posts\/710","targetHints":{"allow":["GET"]}}],"collection":[{"href":"https:\/\/aspettandomilanocortina2026.it\/de\/wp-json\/wp\/v2\/posts"}],"about":[{"href":"https:\/\/aspettandomilanocortina2026.it\/de\/wp-json\/wp\/v2\/types\/post"}],"author":[{"embeddable":true,"href":"https:\/\/aspettandomilanocortina2026.it\/de\/wp-json\/wp\/v2\/users\/3"}],"replies":[{"embeddable":true,"href":"https:\/\/aspettandomilanocortina2026.it\/de\/wp-json\/wp\/v2\/comments?post=710"}],"version-history":[{"count":1,"href":"https:\/\/aspettandomilanocortina2026.it\/de\/wp-json\/wp\/v2\/posts\/710\/revisions"}],"predecessor-version":[{"id":713,"href":"https:\/\/aspettandomilanocortina2026.it\/de\/wp-json\/wp\/v2\/posts\/710\/revisions\/713"}],"wp:featuredmedia":[{"embeddable":true,"href":"https:\/\/aspettandomilanocortina2026.it\/de\/wp-json\/wp\/v2\/media\/711"}],"wp:attachment":[{"href":"https:\/\/aspettandomilanocortina2026.it\/de\/wp-json\/wp\/v2\/media?parent=710"}],"wp:term":[{"taxonomy":"category","embeddable":true,"href":"https:\/\/aspettandomilanocortina2026.it\/de\/wp-json\/wp\/v2\/categories?post=710"},{"taxonomy":"post_tag","embeddable":true,"href":"https:\/\/aspettandomilanocortina2026.it\/de\/wp-json\/wp\/v2\/tags?post=710"}],"curies":[{"name":"wp","href":"https:\/\/api.w.org\/{rel}","templated":true}]}}