{"id":692,"date":"2025-06-07T17:48:14","date_gmt":"2025-06-07T16:48:14","guid":{"rendered":"https:\/\/aspettandomilanocortina2026.it\/?p=692"},"modified":"2025-06-07T17:51:34","modified_gmt":"2025-06-07T16:51:34","slug":"goldene-gala-pietro-mennea-2025-welt-leichtathletik-verzaubert-rom-in-einer-legendaren-nacht","status":"publish","type":"post","link":"https:\/\/aspettandomilanocortina2026.it\/de\/goldene-gala-pietro-mennea-2025-welt-leichtathletik-verzaubert-rom-in-einer-legendaren-nacht\/","title":{"rendered":"Goldene Gala Pietro Mennea 2025: Die Weltleichtathletik verzaubert Rom mit einer legend\u00e4ren Nacht"},"content":{"rendered":"<script type=\"text\/plain\" data-tcf=\"waiting-for-consent\" data-id=\"1033\" data-bid=\"1\" data-placement=\"1034\">PGRpdiBpZD0iYW1jLTM0ODAyMjA4NzEiIGNsYXNzPSJhbWMtcHJpbWEtZGVsLWNvbnRlbnV0byI+PHNjcmlwdCBhc3luYyBzcmM9Ii8vcGFnZWFkMi5nb29nbGVzeW5kaWNhdGlvbi5jb20vcGFnZWFkL2pzL2Fkc2J5Z29vZ2xlLmpzP2NsaWVudD1jYS1wdWItNDQwMTE0NTAyNzUzOTExNSIgY3Jvc3NvcmlnaW49ImFub255bW91cyI+PC9zY3JpcHQ+PGlucyBjbGFzcz0iYWRzYnlnb29nbGUiIHN0eWxlPSJkaXNwbGF5OmJsb2NrOyIgZGF0YS1hZC1jbGllbnQ9ImNhLXB1Yi00NDAxMTQ1MDI3NTM5MTE1IiAKZGF0YS1hZC1zbG90PSIiIApkYXRhLWFkLWZvcm1hdD0iYXV0byIgZGF0YS1mdWxsLXdpZHRoLXJlc3BvbnNpdmU9InRydWUiPjwvaW5zPgo8c2NyaXB0PiAKKGFkc2J5Z29vZ2xlID0gd2luZG93LmFkc2J5Z29vZ2xlIHx8IFtdKS5wdXNoKHt9KTsgCjwvc2NyaXB0Pgo8L2Rpdj4=<\/script>\n<p>Am 6. Juni 2025 wird die <strong>Olympiastadion in Rom<\/strong> wurde in eine B\u00fchne von au\u00dfergew\u00f6hnlicher Energie, Farbe und Talent verwandelt, auf der die <strong>45. Auflage der Goldenen Gala Pietro Mennea<\/strong>. F\u00fcnfte Stufe des <strong>Wanda Diamond League 2025<\/strong>Das Meeting bot einen Abend auf h\u00f6chstem sportlichen Niveau, der Tausende von Zuschauern begeisterte und die Hauptstadt als Zentrum der Weltleichtathletik festigte.<\/p><script type=\"text\/plain\" data-tcf=\"waiting-for-consent\" data-id=\"1037\" data-bid=\"1\" data-placement=\"726\">PGRpdiBpZD0iYW1jLTExODc5MTk0MDAiIGNsYXNzPSJhbWMtcG9zdC1jb250ZW50IiBzdHlsZT0ibWFyZ2luLWxlZnQ6IGF1dG87bWFyZ2luLXJpZ2h0OiBhdXRvO3RleHQtYWxpZ246IGNlbnRlcjsiPjxzY3JpcHQgYXN5bmMgc3JjPSIvL3BhZ2VhZDIuZ29vZ2xlc3luZGljYXRpb24uY29tL3BhZ2VhZC9qcy9hZHNieWdvb2dsZS5qcz9jbGllbnQ9Y2EtcHViLTQ0MDExNDUwMjc1MzkxMTUiIGNyb3Nzb3JpZ2luPSJhbm9ueW1vdXMiPjwvc2NyaXB0PjxpbnMgY2xhc3M9ImFkc2J5Z29vZ2xlIiBzdHlsZT0iZGlzcGxheTpibG9jazsiIGRhdGEtYWQtY2xpZW50PSJjYS1wdWItNDQwMTE0NTAyNzUzOTExNSIgCmRhdGEtYWQtc2xvdD0iODAyMDU4Mzc5MyIgCmRhdGEtYWQtZm9ybWF0PSJhdXRvIiBkYXRhLWZ1bGwtd2lkdGgtcmVzcG9uc2l2ZT0idHJ1ZSI+PC9pbnM+CjxzY3JpcHQ+IAooYWRzYnlnb29nbGUgPSB3aW5kb3cuYWRzYnlnb29nbGUgfHwgW10pLnB1c2goe30pOyAKPC9zY3JpcHQ+CjwvZGl2PjxiciBzdHlsZT0iY2xlYXI6IGJvdGg7IGRpc3BsYXk6IGJsb2NrOyBmbG9hdDogbm9uZTsiLz4=<\/script>\n\n\n\n<h2 class=\"wp-block-heading\">Ein Symbol der weltweiten Leichtathletik<\/h2>\n\n\n\n<p>Die <strong>Goldene Gala<\/strong> ist eine der prestigetr\u00e4chtigsten Veranstaltungen auf dem internationalen Parkett. Sie wurde 1980 ins Leben gerufen und ist seit 2013 dem Gedenken an den legend\u00e4ren Sprinter gewidmet <strong>Pietro Mennea<\/strong>Die Veranstaltung ist seit 2010 Teil der Diamond League und zieht jedes Jahr die besten Athleten der verschiedenen Leichtathletikdisziplinen an.<\/p><script type=\"text\/plain\" data-tcf=\"waiting-for-consent\" data-id=\"1033\" data-bid=\"1\" data-placement=\"985\">PGRpdiBpZD0iYW1jLTMwODMxNjY3NjUiIGNsYXNzPSJhbWMtbWgtbWlkIj48c2NyaXB0IGFzeW5jIHNyYz0iLy9wYWdlYWQyLmdvb2dsZXN5bmRpY2F0aW9uLmNvbS9wYWdlYWQvanMvYWRzYnlnb29nbGUuanM\/Y2xpZW50PWNhLXB1Yi00NDAxMTQ1MDI3NTM5MTE1IiBjcm9zc29yaWdpbj0iYW5vbnltb3VzIj48L3NjcmlwdD48aW5zIGNsYXNzPSJhZHNieWdvb2dsZSIgc3R5bGU9ImRpc3BsYXk6YmxvY2s7IiBkYXRhLWFkLWNsaWVudD0iY2EtcHViLTQ0MDExNDUwMjc1MzkxMTUiIApkYXRhLWFkLXNsb3Q9IiIgCmRhdGEtYWQtZm9ybWF0PSJhdXRvIiBkYXRhLWZ1bGwtd2lkdGgtcmVzcG9uc2l2ZT0idHJ1ZSI+PC9pbnM+CjxzY3JpcHQ+IAooYWRzYnlnb29nbGUgPSB3aW5kb3cuYWRzYnlnb29nbGUgfHwgW10pLnB1c2goe30pOyAKPC9zY3JpcHQ+CjwvZGl2Pg==<\/script>\n\n\n\n<p>Rom wird so f\u00fcr eine Nacht zur Welthauptstadt des Laufens, Springens und Werfens, in einer perfekten Mischung aus Wettbewerb, Spannung und Feier des Sports.<\/p>\n\n\n\n<figure class=\"wp-block-embed is-type-video is-provider-youtube wp-block-embed-youtube wp-embed-aspect-4-3 wp-has-aspect-ratio\"><div class=\"wp-block-embed__wrapper\">\n<iframe loading=\"lazy\" title=\"MOSKAU 1980 MENNEA 200 M FINALE MIT RAI KOMMENTAR VON PAOLO ROSI\" width=\"500\" height=\"375\" src=\"https:\/\/www.youtube.com\/embed\/Fr5U7t-HR9A?feature=oembed\" frameborder=\"0\" allow=\"accelerometer; autoplay; clipboard-write; encrypted-media; gyroscope; picture-in-picture; web-share\" referrerpolicy=\"strict-origin-when-cross-origin\" allowfullscreen><\/iframe>\n<\/div><\/figure>\n\n\n\n<h2 class=\"wp-block-heading\">Internationale Sportler im Rampenlicht: Wenn Talent keine Grenzen kennt<\/h2>\n\n\n\n<p>Bei der Goldenen Gala 2025 waren einige der gr\u00f6\u00dften Namen der internationalen Leichtathletik zu Gast und lieferten atemberaubende Rennen und Leistungen, die in die Annalen eingehen werden:<\/p>\n\n\n\n<ul class=\"wp-block-list\">\n<li><strong>Andy D\u00edaz<\/strong> (Italien\/Kuba): Beherrscher der <strong>Dreisprung<\/strong>belegte den ersten Platz mit einem Sprung von <strong>17,32 Meter<\/strong>seine Position unter den besten der Welt zu festigen.<\/li>\n\n\n\n<li><strong>Ryan Crouser<\/strong> (Vereinigte Staaten): Der amerikanische Riese triumphierte im <strong>Kugelsto\u00dfen<\/strong> mit einer Monstereinf\u00fchrung von <strong>22,49 Meter<\/strong>die best\u00e4tigen, dass sie auch in dieser Phase der Saison unschlagbar sind.<\/li>\n\n\n\n<li><strong>Sascha Zhoya<\/strong> (Frankreich): aufstrebendes Talent in der <strong>110 Meter H\u00fcrden<\/strong>, beeindruckt mit einer Zeit von <strong>13\u203318<\/strong>die Eleganz und Kraft vereint.<\/li>\n\n\n\n<li><strong>Nina Kennedy<\/strong> (Australien): gl\u00e4nzte im <strong>Stabhochsprung der Frauen<\/strong>\u00dcberqueren der Latte bei <strong>4,83 Meter<\/strong>Sie schlug erfahrene Konkurrentinnen und best\u00e4tigte sich als eine der K\u00f6niginnen des Fachs.<\/li>\n\n\n\n<li><strong>Marie-Jos\u00e9e Ta Lou<\/strong> (C\u00f4te d'Ivoire): einer der Protagonisten der <strong>200 Meter der Frauen<\/strong>Mit seiner explosiven Kraft und seinem tadellosen Stil zog er eine Show ab.<\/li>\n<\/ul>\n\n\n\n<p>Diese Stars aus verschiedenen Kontinenten zeigten, dass Leichtathletik eine universelle Sprache ist, die Kulturen, Geschichten und Tr\u00e4ume unter einem Himmel vereint.<\/p>\n\n\n\n<h2 class=\"wp-block-heading\">Italienischer Stolz auf der Rennstrecke und auf der Piste<\/h2>\n\n\n\n<p>Die Goldene Gala ist auch die Zeit, in der Italien der Welt seine sportlichen Juwelen zeigt. Hier sind die <strong>blaue Protagonisten<\/strong> der Ausgabe 2025:<\/p>\n\n\n\n<ul class=\"wp-block-list\">\n<li><strong>Gianmarco Tamberi<\/strong>Als charismatischer Hochsprungkapit\u00e4n begeisterte er das Publikum mit seinem unverwechselbaren Stil und dem Elan eines Olympiasiegers.<\/li>\n\n\n\n<li><strong>Nadia Battocletti<\/strong>Protagonist in der <strong>5000 Meter<\/strong>hat die neue <strong>Italienischer Rekord<\/strong> mit einer Zeit von <strong>14'23\u203315<\/strong>Italien in die Elite des Mittelstreckenlaufs zu bringen.<\/li>\n\n\n\n<li><strong>Mattia Furlani<\/strong>junges Versprechen der <strong>Weitsprung<\/strong>hat sich als Sicherheit f\u00fcr die Gegenwart und Zukunft der italienischen Leichtathletik erwiesen.<\/li>\n\n\n\n<li><strong>Ayomide Folorunso<\/strong>in der <strong>400 Meter H\u00fcrden<\/strong>Er k\u00e4mpfte mit den besten Athleten der Welt und bewies gro\u00dfe Z\u00e4higkeit und technischen Fortschritt.<\/li>\n\n\n\n<li><strong>Dalia Kaddari<\/strong>: Sprinter in der <strong>200 Meter<\/strong>belohnte das Treffen mit einer soliden und entschlossenen Leistung und best\u00e4tigte sein anhaltendes Wachstum.<\/li>\n<\/ul>\n\n\n\n<h2 class=\"wp-block-heading\">Emotionen, Zuschauer und Spektakel: Leichtathletik, die verbindet<\/h2>\n\n\n\n<p>Die Goldene Gala ist viel mehr als ein Wettbewerb. Sie ist ein <strong>feierliche Veranstaltung<\/strong>eine Br\u00fccke zwischen Sportlern und Zuschauern, zwischen Generationen von Sportlern und jungen Menschen auf der Suche nach Inspiration. Das Publikum reagierte begeistert: volle Trib\u00fcnen, Ch\u00f6re, Fahnen und eine rege Beteiligung, auch dank der Initiative der <strong>Palio dei Comuni<\/strong>an dem Hunderte von Sch\u00fclern in einem symbolischen Staffellauf teilnahmen. Die <strong>Goldene Gala Pietro Mennea 2025<\/strong> wird als eines der bedeutendsten Sportereignisse des Jahres best\u00e4tigt, das technische Qualit\u00e4t, Emotionen und Leidenschaft vereint. Rom hat wieder einmal bewiesen, dass es <strong>nicht nur eine ewige Stadt, sondern auch eine Welthauptstadt des Sports<\/strong>.<\/p>\n<div class=\"amc-dopo-il-contenuto\" id=\"amc-1545604380\"><script type=\"text\/plain\" data-tcf=\"waiting-for-consent\" data-id=\"1033\" data-bid=\"1\">PGRpdiBpZD0iYW1jLTIzOTgyNjIyMDgiPjxzY3JpcHQgYXN5bmMgc3JjPSIvL3BhZ2VhZDIuZ29vZ2xlc3luZGljYXRpb24uY29tL3BhZ2VhZC9qcy9hZHNieWdvb2dsZS5qcz9jbGllbnQ9Y2EtcHViLTQ0MDExNDUwMjc1MzkxMTUiIGNyb3Nzb3JpZ2luPSJhbm9ueW1vdXMiPjwvc2NyaXB0PjxpbnMgY2xhc3M9ImFkc2J5Z29vZ2xlIiBzdHlsZT0iZGlzcGxheTpibG9jazsiIGRhdGEtYWQtY2xpZW50PSJjYS1wdWItNDQwMTE0NTAyNzUzOTExNSIgCmRhdGEtYWQtc2xvdD0iIiAKZGF0YS1hZC1mb3JtYXQ9ImF1dG8iIGRhdGEtZnVsbC13aWR0aC1yZXNwb25zaXZlPSJ0cnVlIj48L2lucz4KPHNjcmlwdD4gCihhZHNieWdvb2dsZSA9IHdpbmRvdy5hZHNieWdvb2dsZSB8fCBbXSkucHVzaCh7fSk7IAo8L3NjcmlwdD4KPC9kaXY+<\/script><\/div>","protected":false},"excerpt":{"rendered":"<p>Il 6 giugno 2025, lo Stadio Olimpico di Roma si \u00e8 trasformato in un palcoscenico di straordinaria energia, colori e talento, accogliendo la 45\u00aa edizione del Golden Gala Pietro Mennea. Quinta tappa della Wanda Diamond League 2025, il meeting ha offerto una serata di altissimo livello sportivo, accendendo la passione di migliaia di spettatori e [&hellip;]<\/p>","protected":false},"author":3,"featured_media":696,"comment_status":"open","ping_status":"open","sticky":false,"template":"","format":"standard","meta":{"_acf_changed":false,"footnotes":""},"categories":[1,17],"tags":[],"class_list":["post-692","post","type-post","status-publish","format-standard","has-post-thumbnail","hentry","category-notizie-e-aggiornamenti","category-sport-e-atleti"],"acf":[],"_links":{"self":[{"href":"https:\/\/aspettandomilanocortina2026.it\/de\/wp-json\/wp\/v2\/posts\/692","targetHints":{"allow":["GET"]}}],"collection":[{"href":"https:\/\/aspettandomilanocortina2026.it\/de\/wp-json\/wp\/v2\/posts"}],"about":[{"href":"https:\/\/aspettandomilanocortina2026.it\/de\/wp-json\/wp\/v2\/types\/post"}],"author":[{"embeddable":true,"href":"https:\/\/aspettandomilanocortina2026.it\/de\/wp-json\/wp\/v2\/users\/3"}],"replies":[{"embeddable":true,"href":"https:\/\/aspettandomilanocortina2026.it\/de\/wp-json\/wp\/v2\/comments?post=692"}],"version-history":[{"count":5,"href":"https:\/\/aspettandomilanocortina2026.it\/de\/wp-json\/wp\/v2\/posts\/692\/revisions"}],"predecessor-version":[{"id":702,"href":"https:\/\/aspettandomilanocortina2026.it\/de\/wp-json\/wp\/v2\/posts\/692\/revisions\/702"}],"wp:featuredmedia":[{"embeddable":true,"href":"https:\/\/aspettandomilanocortina2026.it\/de\/wp-json\/wp\/v2\/media\/696"}],"wp:attachment":[{"href":"https:\/\/aspettandomilanocortina2026.it\/de\/wp-json\/wp\/v2\/media?parent=692"}],"wp:term":[{"taxonomy":"category","embeddable":true,"href":"https:\/\/aspettandomilanocortina2026.it\/de\/wp-json\/wp\/v2\/categories?post=692"},{"taxonomy":"post_tag","embeddable":true,"href":"https:\/\/aspettandomilanocortina2026.it\/de\/wp-json\/wp\/v2\/tags?post=692"}],"curies":[{"name":"wp","href":"https:\/\/api.w.org\/{rel}","templated":true}]}}