{"id":682,"date":"2025-06-07T15:43:50","date_gmt":"2025-06-07T14:43:50","guid":{"rendered":"https:\/\/aspettandomilanocortina2026.it\/?p=682"},"modified":"2025-06-07T16:44:54","modified_gmt":"2025-06-07T15:44:54","slug":"der-fall-hajijewa-das-paralympische-jahr-das-die-judowelt-erschutterte","status":"publish","type":"post","link":"https:\/\/aspettandomilanocortina2026.it\/de\/der-fall-hajijewa-das-paralympische-jahr-das-die-judowelt-erschutterte\/","title":{"rendered":"Der Fall Hajiyeva: Paralympischer Betrug, der die Judowelt ersch\u00fctterte"},"content":{"rendered":"<script type=\"text\/plain\" data-tcf=\"waiting-for-consent\" data-id=\"1033\" data-bid=\"1\" data-placement=\"1034\">PGRpdiBpZD0iYW1jLTEwOTE2MDExOTMiIGNsYXNzPSJhbWMtcHJpbWEtZGVsLWNvbnRlbnV0byI+PHNjcmlwdCBhc3luYyBzcmM9Ii8vcGFnZWFkMi5nb29nbGVzeW5kaWNhdGlvbi5jb20vcGFnZWFkL2pzL2Fkc2J5Z29vZ2xlLmpzP2NsaWVudD1jYS1wdWItNDQwMTE0NTAyNzUzOTExNSIgY3Jvc3NvcmlnaW49ImFub255bW91cyI+PC9zY3JpcHQ+PGlucyBjbGFzcz0iYWRzYnlnb29nbGUiIHN0eWxlPSJkaXNwbGF5OmJsb2NrOyIgZGF0YS1hZC1jbGllbnQ9ImNhLXB1Yi00NDAxMTQ1MDI3NTM5MTE1IiAKZGF0YS1hZC1zbG90PSIiIApkYXRhLWFkLWZvcm1hdD0iYXV0byIgZGF0YS1mdWxsLXdpZHRoLXJlc3BvbnNpdmU9InRydWUiPjwvaW5zPgo8c2NyaXB0PiAKKGFkc2J5Z29vZ2xlID0gd2luZG93LmFkc2J5Z29vZ2xlIHx8IFtdKS5wdXNoKHt9KTsgCjwvc2NyaXB0Pgo8L2Rpdj4=<\/script>\n<p>In der paralympischen Welt, in der jede Medaille oft das Ergebnis eines doppelten Kampfes ist - gegen den Gegner und gegen die eigenen Grenzen - ist der Fall von <strong>Schahana Hadschijewa<\/strong> hat einen schweren Schatten hinterlassen. Aserbaidschanischer Judoka, Jahrgang 2000, Goldmedaillengewinner bei den Paralympics in <strong>Tokio 2020<\/strong> in der Kategorie J2 (reserviert f\u00fcr sehbehinderte Athleten), war <strong>lebenslang disqualifiziert<\/strong> f\u00fcr <strong>Wettk\u00e4mpfe ohne Sehbehinderung<\/strong>.<\/p><script type=\"text\/plain\" data-tcf=\"waiting-for-consent\" data-id=\"1037\" data-bid=\"1\" data-placement=\"726\">PGRpdiBpZD0iYW1jLTEyMjgwMjY2MTgiIGNsYXNzPSJhbWMtcG9zdC1jb250ZW50IiBzdHlsZT0ibWFyZ2luLWxlZnQ6IGF1dG87bWFyZ2luLXJpZ2h0OiBhdXRvO3RleHQtYWxpZ246IGNlbnRlcjsiPjxzY3JpcHQgYXN5bmMgc3JjPSIvL3BhZ2VhZDIuZ29vZ2xlc3luZGljYXRpb24uY29tL3BhZ2VhZC9qcy9hZHNieWdvb2dsZS5qcz9jbGllbnQ9Y2EtcHViLTQ0MDExNDUwMjc1MzkxMTUiIGNyb3Nzb3JpZ2luPSJhbm9ueW1vdXMiPjwvc2NyaXB0PjxpbnMgY2xhc3M9ImFkc2J5Z29vZ2xlIiBzdHlsZT0iZGlzcGxheTpibG9jazsiIGRhdGEtYWQtY2xpZW50PSJjYS1wdWItNDQwMTE0NTAyNzUzOTExNSIgCmRhdGEtYWQtc2xvdD0iODAyMDU4Mzc5MyIgCmRhdGEtYWQtZm9ybWF0PSJhdXRvIiBkYXRhLWZ1bGwtd2lkdGgtcmVzcG9uc2l2ZT0idHJ1ZSI+PC9pbnM+CjxzY3JpcHQ+IAooYWRzYnlnb29nbGUgPSB3aW5kb3cuYWRzYnlnb29nbGUgfHwgW10pLnB1c2goe30pOyAKPC9zY3JpcHQ+CjwvZGl2PjxiciBzdHlsZT0iY2xlYXI6IGJvdGg7IGRpc3BsYXk6IGJsb2NrOyBmbG9hdDogbm9uZTsiLz4=<\/script>\n\n\n\n<h2 class=\"wp-block-heading\">Eine sensationelle Entdeckung<\/h2>\n\n\n\n<p>Das \u00e4nderte sich 2025 bei den medizinischen Untersuchungen vor den Parajudo-Weltmeisterschaften in Astana (Kasachstan). Die \u00c4rzte stellten fest, dass Hajiyeva <strong>hatte keine Sehbehinderung<\/strong>im Gegenteil: Sein Augenlicht war <strong>voll funktionsf\u00e4hig<\/strong>.<\/p><script type=\"text\/plain\" data-tcf=\"waiting-for-consent\" data-id=\"1033\" data-bid=\"1\" data-placement=\"985\">PGRpdiBpZD0iYW1jLTI1MzMzNjgyNDYiIGNsYXNzPSJhbWMtbWgtbWlkIj48c2NyaXB0IGFzeW5jIHNyYz0iLy9wYWdlYWQyLmdvb2dsZXN5bmRpY2F0aW9uLmNvbS9wYWdlYWQvanMvYWRzYnlnb29nbGUuanM\/Y2xpZW50PWNhLXB1Yi00NDAxMTQ1MDI3NTM5MTE1IiBjcm9zc29yaWdpbj0iYW5vbnltb3VzIj48L3NjcmlwdD48aW5zIGNsYXNzPSJhZHNieWdvb2dsZSIgc3R5bGU9ImRpc3BsYXk6YmxvY2s7IiBkYXRhLWFkLWNsaWVudD0iY2EtcHViLTQ0MDExNDUwMjc1MzkxMTUiIApkYXRhLWFkLXNsb3Q9IiIgCmRhdGEtYWQtZm9ybWF0PSJhdXRvIiBkYXRhLWZ1bGwtd2lkdGgtcmVzcG9uc2l2ZT0idHJ1ZSI+PC9pbnM+CjxzY3JpcHQ+IAooYWRzYnlnb29nbGUgPSB3aW5kb3cuYWRzYnlnb29nbGUgfHwgW10pLnB1c2goe30pOyAKPC9zY3JpcHQ+CjwvZGl2Pg==<\/script>\n\n\n\n<p>Innerhalb weniger Wochen ging die Nachricht um die Welt. Das Internationale Paralympische Komitee traf eine drastische Entscheidung: <strong>lebenslange Disqualifikation<\/strong> von allen paralympischen Wettbewerben und <strong>R\u00fccknahme der Goldmedaille<\/strong> in Japan erobert.<\/p>\n\n\n\n<h2 class=\"wp-block-heading\">Eine Verletzung der Glaubw\u00fcrdigkeit des Sports<\/h2>\n\n\n\n<p>Dieser Vorfall l\u00f6ste eine Welle von Reaktionen und Fragen aus. Wie war es m\u00f6glich, dass ein Athlet die internationalen Kontrollen f\u00fcr die Teilnahme an den Spielen in Tokio 2020 bestanden hat, ohne die erforderlichen Sehanforderungen zu erf\u00fcllen? Das Klassifizierungssystem f\u00fcr paralympische Athleten, das ohnehin schon komplex und heikel ist, ger\u00e4t unter Beschuss wegen m\u00f6glicher <strong>Unzul\u00e4nglichkeiten bei der medizinischen Kontrolle und der \u00dcberpr\u00fcfung der Erwerbsunf\u00e4higkeit<\/strong>.<\/p>\n\n\n\n<p>Einige Experten sprechen von <strong>Kriterien noch zu offen f\u00fcr Interpretationen<\/strong>andere zeigen mit dem Finger auf einen <strong>nationales Zertifizierungsmanagement<\/strong> oft undurchsichtig.<\/p>\n\n\n\n<h2 class=\"wp-block-heading\">Das Paradoxon des Athleten, der \"sehr gut sah<\/h2>\n\n\n\n<p>Die Geschichte von Hajiyeva, \u00fcber die zuerst die italienischen Medien berichteten und die dann von zahlreichen internationalen Publikationen aufgegriffen wurde, weist ein schmerzhaftes Paradoxon auf: W\u00e4hrend Tausende von paralympischen Athleten jeden Tag darum k\u00e4mpfen, Barrieren zu \u00fcberwinden, hat jemand eine Behinderung als Maske benutzt, um dort zu konkurrieren, wo sie nicht legitim war.<\/p>\n\n\n\n<p>Die aserbaidschanische Judoka, die bereits als Hoffnungstr\u00e4gerin des paralympischen Sports gilt, hatte sich ihren Ruhm auf der Tatami erarbeitet, indem sie echte Gegner besiegte... aber mit einem <strong>falsche Bedingung<\/strong>. Ein Schaden f\u00fcr das Vertrauen, den Geist der Spiele und die Wahrnehmung des Wertes der Inklusion im Sport.<\/p>\n\n\n\n<figure class=\"wp-block-image size-full\"><img loading=\"lazy\" decoding=\"async\" width=\"892\" height=\"655\" src=\"https:\/\/aspettandomilanocortina2026.it\/wp-content\/uploads\/2025\/06\/paralimpica.png\" alt=\"Goldmedaille f\u00fcr paralympische Athleten\" class=\"wp-image-683\" title=\"\" srcset=\"https:\/\/aspettandomilanocortina2026.it\/wp-content\/uploads\/2025\/06\/paralimpica.png 892w, https:\/\/aspettandomilanocortina2026.it\/wp-content\/uploads\/2025\/06\/paralimpica-300x220.png 300w, https:\/\/aspettandomilanocortina2026.it\/wp-content\/uploads\/2025\/06\/paralimpica-768x564.png 768w, https:\/\/aspettandomilanocortina2026.it\/wp-content\/uploads\/2025\/06\/paralimpica-16x12.png 16w, https:\/\/aspettandomilanocortina2026.it\/wp-content\/uploads\/2025\/06\/paralimpica-600x441.png 600w\" sizes=\"auto, (max-width: 892px) 100vw, 892px\" \/><\/figure>\n\n\n\n<h2 class=\"wp-block-heading\">Was \u00e4ndert sich nach dem Fall Hajiyeva?<\/h2>\n\n\n\n<p>Das Internationale Paralympische Komitee hat bereits eine <strong>\u00dcberarbeitung von Klassifizierungsprotokollen<\/strong> medizinisch. Die nationalen Verb\u00e4nde, einschlie\u00dflich der europ\u00e4ischen und asiatischen, wurden aufgefordert, ihre Methoden zur Validierung von Athletenprofilen zu aktualisieren, insbesondere in Kategorien, die sich auf nicht sichtbare Behinderungen beziehen (wie Sehkraft, Koordination oder Sinneswahrnehmung).<\/p>\n\n\n\n<p>Dieser Fall wird dann ein <strong>symbolischer Pr\u00e4zedenzfall<\/strong>aber auch ein Weckruf f\u00fcr die paralympische Bewegung: <strong>mehr Transparenz zum Schutz echter Sportler<\/strong>.<\/p>\n\n\n\n<p>Der Fall Hajiyeva ist nicht nur eine Sportnachricht: Er ist eine <strong>ethische Wasserscheide<\/strong>. In einem Kontext, in dem Authentizit\u00e4t das wahre Gold ist, untergraben diejenigen, die betr\u00fcgen, die Grundlagen des Sports selbst. Das paralympische Judo, ein Symbol f\u00fcr Gleichgewicht, Respekt und Disziplin, geht verwundet, aber auch mit einem neuen Bewusstsein hervor: <strong>der Schutz der Integrit\u00e4t hat heute mehr denn je Priorit\u00e4t<\/strong>.<\/p>\n\n\n\n<p><\/p>\n<div class=\"amc-dopo-il-contenuto\" id=\"amc-480397664\"><script type=\"text\/plain\" data-tcf=\"waiting-for-consent\" data-id=\"1033\" data-bid=\"1\">PGRpdiBpZD0iYW1jLTM1ODkwMjM4NDIiPjxzY3JpcHQgYXN5bmMgc3JjPSIvL3BhZ2VhZDIuZ29vZ2xlc3luZGljYXRpb24uY29tL3BhZ2VhZC9qcy9hZHNieWdvb2dsZS5qcz9jbGllbnQ9Y2EtcHViLTQ0MDExNDUwMjc1MzkxMTUiIGNyb3Nzb3JpZ2luPSJhbm9ueW1vdXMiPjwvc2NyaXB0PjxpbnMgY2xhc3M9ImFkc2J5Z29vZ2xlIiBzdHlsZT0iZGlzcGxheTpibG9jazsiIGRhdGEtYWQtY2xpZW50PSJjYS1wdWItNDQwMTE0NTAyNzUzOTExNSIgCmRhdGEtYWQtc2xvdD0iIiAKZGF0YS1hZC1mb3JtYXQ9ImF1dG8iIGRhdGEtZnVsbC13aWR0aC1yZXNwb25zaXZlPSJ0cnVlIj48L2lucz4KPHNjcmlwdD4gCihhZHNieWdvb2dsZSA9IHdpbmRvdy5hZHNieWdvb2dsZSB8fCBbXSkucHVzaCh7fSk7IAo8L3NjcmlwdD4KPC9kaXY+<\/script><\/div>","protected":false},"excerpt":{"rendered":"<p>Nel mondo paralimpico, dove ogni medaglia \u00e8 spesso il frutto di una battaglia doppia \u2013 contro l\u2019avversario e contro i propri limiti \u2013 il caso di Shahana Hajiyeva ha lasciato un\u2019ombra pesante. Judoka azera, classe 2000, vincitrice dell\u2019oro alle Paralimpiadi di Tokyo 2020 nella categoria J2 (riservata ad atleti ipovedenti), \u00e8 stata squalificata a vita [&hellip;]<\/p>","protected":false},"author":3,"featured_media":689,"comment_status":"open","ping_status":"open","sticky":false,"template":"","format":"standard","meta":{"_acf_changed":false,"footnotes":""},"categories":[9,1,16],"tags":[],"class_list":["post-682","post","type-post","status-publish","format-standard","has-post-thumbnail","hentry","category-paralimpiadi","category-notizie-e-aggiornamenti","category-notizie-e-approfondimenti"],"acf":[],"_links":{"self":[{"href":"https:\/\/aspettandomilanocortina2026.it\/de\/wp-json\/wp\/v2\/posts\/682","targetHints":{"allow":["GET"]}}],"collection":[{"href":"https:\/\/aspettandomilanocortina2026.it\/de\/wp-json\/wp\/v2\/posts"}],"about":[{"href":"https:\/\/aspettandomilanocortina2026.it\/de\/wp-json\/wp\/v2\/types\/post"}],"author":[{"embeddable":true,"href":"https:\/\/aspettandomilanocortina2026.it\/de\/wp-json\/wp\/v2\/users\/3"}],"replies":[{"embeddable":true,"href":"https:\/\/aspettandomilanocortina2026.it\/de\/wp-json\/wp\/v2\/comments?post=682"}],"version-history":[{"count":5,"href":"https:\/\/aspettandomilanocortina2026.it\/de\/wp-json\/wp\/v2\/posts\/682\/revisions"}],"predecessor-version":[{"id":691,"href":"https:\/\/aspettandomilanocortina2026.it\/de\/wp-json\/wp\/v2\/posts\/682\/revisions\/691"}],"wp:featuredmedia":[{"embeddable":true,"href":"https:\/\/aspettandomilanocortina2026.it\/de\/wp-json\/wp\/v2\/media\/689"}],"wp:attachment":[{"href":"https:\/\/aspettandomilanocortina2026.it\/de\/wp-json\/wp\/v2\/media?parent=682"}],"wp:term":[{"taxonomy":"category","embeddable":true,"href":"https:\/\/aspettandomilanocortina2026.it\/de\/wp-json\/wp\/v2\/categories?post=682"},{"taxonomy":"post_tag","embeddable":true,"href":"https:\/\/aspettandomilanocortina2026.it\/de\/wp-json\/wp\/v2\/tags?post=682"}],"curies":[{"name":"wp","href":"https:\/\/api.w.org\/{rel}","templated":true}]}}