{"id":535,"date":"2025-06-01T20:59:15","date_gmt":"2025-06-01T19:59:15","guid":{"rendered":"https:\/\/aspettandomilanocortina2026.it\/?p=535"},"modified":"2025-06-07T17:06:05","modified_gmt":"2025-06-07T16:06:05","slug":"simon-yates-erobert-den-giro-ditalia-2025-mit-einem-epischen-sieg-aus-zahigkeit-und-strategie","status":"publish","type":"post","link":"https:\/\/aspettandomilanocortina2026.it\/de\/simon-yates-erobert-den-giro-ditalia-2025-mit-einem-epischen-sieg-aus-zahigkeit-und-strategie\/","title":{"rendered":"Simon Yates bezwingt den Giro d'Italia 2025: Ein epischer Sieg der Beharrlichkeit und Strategie"},"content":{"rendered":"<script type=\"text\/plain\" data-tcf=\"waiting-for-consent\" data-id=\"1033\" data-bid=\"1\" data-placement=\"1034\">PGRpdiBpZD0iYW1jLTI3ODY3NjU4NyIgY2xhc3M9ImFtYy1wcmltYS1kZWwtY29udGVudXRvIj48c2NyaXB0IGFzeW5jIHNyYz0iLy9wYWdlYWQyLmdvb2dsZXN5bmRpY2F0aW9uLmNvbS9wYWdlYWQvanMvYWRzYnlnb29nbGUuanM\/Y2xpZW50PWNhLXB1Yi00NDAxMTQ1MDI3NTM5MTE1IiBjcm9zc29yaWdpbj0iYW5vbnltb3VzIj48L3NjcmlwdD48aW5zIGNsYXNzPSJhZHNieWdvb2dsZSIgc3R5bGU9ImRpc3BsYXk6YmxvY2s7IiBkYXRhLWFkLWNsaWVudD0iY2EtcHViLTQ0MDExNDUwMjc1MzkxMTUiIApkYXRhLWFkLXNsb3Q9IiIgCmRhdGEtYWQtZm9ybWF0PSJhdXRvIiBkYXRhLWZ1bGwtd2lkdGgtcmVzcG9uc2l2ZT0idHJ1ZSI+PC9pbnM+CjxzY3JpcHQ+IAooYWRzYnlnb29nbGUgPSB3aW5kb3cuYWRzYnlnb29nbGUgfHwgW10pLnB1c2goe30pOyAKPC9zY3JpcHQ+CjwvZGl2Pg==<\/script>\n<p><strong>Rom, 1. Juni 2025<\/strong> - Der Giro d'Italia 2025 endete mit einem historischen Triumph f\u00fcr <strong>Simon Yates<\/strong>der das rosa Trikot auf dem Podium der Weltmeisterschaft trug <strong>Zirkus Maximus<\/strong> von Rom. Ein nicht nur verdienter, sondern auch einzigartiger Sieg: Yates wurde einer der wenigen Fahrer in der Geschichte, die den Giro gewinnen konnten, ohne eine einzige Etappe zu bezwingen. Seine Leistung ist bereits eine Legende.<\/p><script type=\"text\/plain\" data-tcf=\"waiting-for-consent\" data-id=\"1037\" data-bid=\"1\" data-placement=\"726\">PGRpdiBpZD0iYW1jLTU1NDg2OTgwOCIgY2xhc3M9ImFtYy1wb3N0LWNvbnRlbnQiIHN0eWxlPSJtYXJnaW4tbGVmdDogYXV0bzttYXJnaW4tcmlnaHQ6IGF1dG87dGV4dC1hbGlnbjogY2VudGVyOyI+PHNjcmlwdCBhc3luYyBzcmM9Ii8vcGFnZWFkMi5nb29nbGVzeW5kaWNhdGlvbi5jb20vcGFnZWFkL2pzL2Fkc2J5Z29vZ2xlLmpzP2NsaWVudD1jYS1wdWItNDQwMTE0NTAyNzUzOTExNSIgY3Jvc3NvcmlnaW49ImFub255bW91cyI+PC9zY3JpcHQ+PGlucyBjbGFzcz0iYWRzYnlnb29nbGUiIHN0eWxlPSJkaXNwbGF5OmJsb2NrOyIgZGF0YS1hZC1jbGllbnQ9ImNhLXB1Yi00NDAxMTQ1MDI3NTM5MTE1IiAKZGF0YS1hZC1zbG90PSI4MDIwNTgzNzkzIiAKZGF0YS1hZC1mb3JtYXQ9ImF1dG8iIGRhdGEtZnVsbC13aWR0aC1yZXNwb25zaXZlPSJ0cnVlIj48L2lucz4KPHNjcmlwdD4gCihhZHNieWdvb2dsZSA9IHdpbmRvdy5hZHNieWdvb2dsZSB8fCBbXSkucHVzaCh7fSk7IAo8L3NjcmlwdD4KPC9kaXY+PGJyIHN0eWxlPSJjbGVhcjogYm90aDsgZGlzcGxheTogYmxvY2s7IGZsb2F0OiBub25lOyIvPg==<\/script>\n\n\n\n<h2 class=\"wp-block-heading\">Die Strategie eines Champions<\/h2>\n\n\n\n<p>In der 32, <strong>Simon Yates<\/strong> erwies sich als einer der komplettesten Fahrer seiner Generation. Nach Jahren des Auf und Ab bei den Grand Tours hat der Brite der <strong>Visma-Lease a Bike<\/strong> hat endlich die perfekte Kombination aus Fitness, Teamgeist und taktischer Intelligenz gefunden.<\/p><script type=\"text\/plain\" data-tcf=\"waiting-for-consent\" data-id=\"1033\" data-bid=\"1\" data-placement=\"985\">PGRpdiBpZD0iYW1jLTExNzIxNzMxMTAiIGNsYXNzPSJhbWMtbWgtbWlkIj48c2NyaXB0IGFzeW5jIHNyYz0iLy9wYWdlYWQyLmdvb2dsZXN5bmRpY2F0aW9uLmNvbS9wYWdlYWQvanMvYWRzYnlnb29nbGUuanM\/Y2xpZW50PWNhLXB1Yi00NDAxMTQ1MDI3NTM5MTE1IiBjcm9zc29yaWdpbj0iYW5vbnltb3VzIj48L3NjcmlwdD48aW5zIGNsYXNzPSJhZHNieWdvb2dsZSIgc3R5bGU9ImRpc3BsYXk6YmxvY2s7IiBkYXRhLWFkLWNsaWVudD0iY2EtcHViLTQ0MDExNDUwMjc1MzkxMTUiIApkYXRhLWFkLXNsb3Q9IiIgCmRhdGEtYWQtZm9ybWF0PSJhdXRvIiBkYXRhLWZ1bGwtd2lkdGgtcmVzcG9uc2l2ZT0idHJ1ZSI+PC9pbnM+CjxzY3JpcHQ+IAooYWRzYnlnb29nbGUgPSB3aW5kb3cuYWRzYnlnb29nbGUgfHwgW10pLnB1c2goe30pOyAKPC9zY3JpcHQ+CjwvZGl2Pg==<\/script>\n\n\n\n<p>Der Wendepunkt kam in der <strong>19. Etappe<\/strong>mit dem mythischen Aufstieg zum <strong>Finestre-H\u00fcgel<\/strong>wo sich Yates in der Gesamtwertung mit einer entschlossenen, aber ma\u00dfvollen Aktion von seinen direkten Konkurrenten absetzte. Von da an verwaltete er den Vorsprung mit k\u00fchlem Blut, neutralisierte die Angriffe auf der vorletzten Alpenetappe und kontrollierte jeden Meter der Stra\u00dfe.<\/p>\n\n\n\n<h2 class=\"wp-block-heading\">Die letzte Etappe: Triumph und Spektakel in Rom<\/h2>\n\n\n\n<p>Der letzte Laufsteg von <strong>Vatikanstadt in Ostia<\/strong>mit einem malerischen Zieleinlauf am Circus Maximus, feierte nicht nur den Sieger, sondern die ganze Sch\u00f6nheit des italienischen Radsports. Der Ruhm des Tages ging an <strong>Olav Kooij<\/strong>Yates' Teamkollege, der den Schlussspurt gewann und die Vorherrschaft im Rennen festigte <strong>Visma-Lease a Bike<\/strong>.<\/p>\n\n\n\n<p>Das r\u00f6mische Publikum empfing die Fahrer feierlich nach drei Wochen, in denen der Giro Sport, Kultur und atemberaubende Landschaften miteinander verband.<\/p>\n\n\n\n<h2 class=\"wp-block-heading\">Eine globale Reise: Zwischen Grenzen, Kulturen und Spiritualit\u00e4t<\/h2>\n\n\n\n<p>F\u00fcr die Ausgabe 2025 wurde eine innovative und grenz\u00fcberschreitende Route vorgeschlagen: <strong>Abfahrt von Triest<\/strong>, Passagen in <strong>Slowenien und Albanien<\/strong>und eine R\u00fcckkehr nach Italien zwischen den Dolomiten, dem Apennin und dem Tyrrhenischen Meer. Ein Giro \"offen f\u00fcr die Welt\", aber mit einer zutiefst italienischen Seele.<\/p>\n\n\n\n<p>Einer der spannendsten Momente war die Begegnung der Radfahrer mit <strong>Papst Leo XIV.<\/strong>der die Gruppe kurz vor dem Start der letzten Etappe segnete. Eine symbolische Geste, die dem Abschluss des Rennens eine fast sakrale Note verlieh.<\/p>\n\n\n\n<figure class=\"wp-block-embed is-type-video is-provider-youtube wp-block-embed-youtube wp-embed-aspect-16-9 wp-has-aspect-ratio\"><div class=\"wp-block-embed__wrapper\">\n<iframe loading=\"lazy\" title=\"YATES Meisterst\u00fcck! Der Giro ist sein: van Aert monumental | Giro d&#039;Italia 2025 Etappe 20 | HIGHLIGHTS\" width=\"500\" height=\"281\" src=\"https:\/\/www.youtube.com\/embed\/MdzuSU9HDMQ?feature=oembed\" frameborder=\"0\" allow=\"accelerometer; autoplay; clipboard-write; encrypted-media; gyroscope; picture-in-picture; web-share\" referrerpolicy=\"strict-origin-when-cross-origin\" allowfullscreen><\/iframe>\n<\/div><\/figure>\n\n\n\n<h2 class=\"wp-block-heading\">Endg\u00fcltige Gesamtwertung des Giro d'Italia 2025<\/h2>\n\n\n\n<figure class=\"wp-block-table\"><table class=\"has-fixed-layout\"><thead><tr><td><strong>Standort<\/strong><\/td><td><strong>L\u00e4ufer<\/strong><\/td><td><strong>Team<\/strong><\/td><td><strong>Zeit<\/strong><\/td><\/tr><\/thead><tbody><tr><td>\ud83e\udd47 1\u00b0<\/td><td>Simon Yates<\/td><td>Visma-Lease a Bike<\/td><td>84h 22\u2032 17\u2033<\/td><\/tr><tr><td>\ud83e\udd48 2\u00b0<\/td><td>Isaac Del Toro<\/td><td>UAE Mannschaft Emirate<\/td><td>+3'56\"<\/td><\/tr><tr><td>\ud83e\udd49 3\u00b0<\/td><td>Richard Carapaz<\/td><td>EF Bildung-EasyPost<\/td><td>+4'12\"<\/td><\/tr><\/tbody><\/table><\/figure>\n\n\n\n<h2 class=\"wp-block-heading\">Post-Race-Statements<\/h2>\n\n\n\n<p>\"Ich bin noch nie einen so ruhigen Giro gefahren, aber so intensiv. Jeder Tag war mehr ein mentaler als ein physischer Test. Ich verdanke alles dem Team.\"<br><strong>Simon Yates<\/strong>, Sieger des Giro d'Italia 2025<\/p>\n\n\n\n<p>\"Hier in Rom auf dem Podium zu stehen, ist der Traum eines jeden L\u00e4ufers. Ich werde es wieder versuchen.\"<br><strong>Isaac Del Toro<\/strong>Zweitplatzierter<\/p>\n\n\n\n<p>Der Sieg der <strong>Simon Yates beim Giro d'Italia 2025<\/strong> ist eine Lektion in Sachen Best\u00e4ndigkeit, Reife und Vision. In einer Radsportwelt, die zunehmend von Zahlen und Wattzahlen dominiert wird, hat der Brite die Bedeutung des Sports wieder in den Vordergrund ger\u00fcckt. <strong>Strategie<\/strong>die <strong>psychische Widerstandskraft<\/strong> und die <strong>die F\u00e4higkeit, warten zu k\u00f6nnen<\/strong>. Ein Erfolg, der zu Recht in die Geschichte des modernen Radsports eingeht.<\/p>\n\n\n\n<p><\/p>\n<div class=\"amc-dopo-il-contenuto\" id=\"amc-937313747\"><script type=\"text\/plain\" data-tcf=\"waiting-for-consent\" data-id=\"1033\" data-bid=\"1\">PGRpdiBpZD0iYW1jLTk0ODI5MjgwMiI+PHNjcmlwdCBhc3luYyBzcmM9Ii8vcGFnZWFkMi5nb29nbGVzeW5kaWNhdGlvbi5jb20vcGFnZWFkL2pzL2Fkc2J5Z29vZ2xlLmpzP2NsaWVudD1jYS1wdWItNDQwMTE0NTAyNzUzOTExNSIgY3Jvc3NvcmlnaW49ImFub255bW91cyI+PC9zY3JpcHQ+PGlucyBjbGFzcz0iYWRzYnlnb29nbGUiIHN0eWxlPSJkaXNwbGF5OmJsb2NrOyIgZGF0YS1hZC1jbGllbnQ9ImNhLXB1Yi00NDAxMTQ1MDI3NTM5MTE1IiAKZGF0YS1hZC1zbG90PSIiIApkYXRhLWFkLWZvcm1hdD0iYXV0byIgZGF0YS1mdWxsLXdpZHRoLXJlc3BvbnNpdmU9InRydWUiPjwvaW5zPgo8c2NyaXB0PiAKKGFkc2J5Z29vZ2xlID0gd2luZG93LmFkc2J5Z29vZ2xlIHx8IFtdKS5wdXNoKHt9KTsgCjwvc2NyaXB0Pgo8L2Rpdj4=<\/script><\/div>","protected":false},"excerpt":{"rendered":"<p>Roma, 1 giugno 2025 \u2014 Il Giro d\u2019Italia 2025 si \u00e8 concluso con un trionfo storico per Simon Yates, che ha vestito la maglia rosa sul podio del Circo Massimo di Roma. Una vittoria non solo meritata, ma anche unica: Yates \u00e8 diventato uno dei pochi corridori nella storia a vincere il Giro senza conquistare [&hellip;]<\/p>","protected":false},"author":3,"featured_media":536,"comment_status":"open","ping_status":"open","sticky":false,"template":"","format":"standard","meta":{"_acf_changed":false,"footnotes":""},"categories":[1],"tags":[],"class_list":["post-535","post","type-post","status-publish","format-standard","has-post-thumbnail","hentry","category-notizie-e-aggiornamenti"],"acf":[],"_links":{"self":[{"href":"https:\/\/aspettandomilanocortina2026.it\/de\/wp-json\/wp\/v2\/posts\/535","targetHints":{"allow":["GET"]}}],"collection":[{"href":"https:\/\/aspettandomilanocortina2026.it\/de\/wp-json\/wp\/v2\/posts"}],"about":[{"href":"https:\/\/aspettandomilanocortina2026.it\/de\/wp-json\/wp\/v2\/types\/post"}],"author":[{"embeddable":true,"href":"https:\/\/aspettandomilanocortina2026.it\/de\/wp-json\/wp\/v2\/users\/3"}],"replies":[{"embeddable":true,"href":"https:\/\/aspettandomilanocortina2026.it\/de\/wp-json\/wp\/v2\/comments?post=535"}],"version-history":[{"count":3,"href":"https:\/\/aspettandomilanocortina2026.it\/de\/wp-json\/wp\/v2\/posts\/535\/revisions"}],"predecessor-version":[{"id":695,"href":"https:\/\/aspettandomilanocortina2026.it\/de\/wp-json\/wp\/v2\/posts\/535\/revisions\/695"}],"wp:featuredmedia":[{"embeddable":true,"href":"https:\/\/aspettandomilanocortina2026.it\/de\/wp-json\/wp\/v2\/media\/536"}],"wp:attachment":[{"href":"https:\/\/aspettandomilanocortina2026.it\/de\/wp-json\/wp\/v2\/media?parent=535"}],"wp:term":[{"taxonomy":"category","embeddable":true,"href":"https:\/\/aspettandomilanocortina2026.it\/de\/wp-json\/wp\/v2\/categories?post=535"},{"taxonomy":"post_tag","embeddable":true,"href":"https:\/\/aspettandomilanocortina2026.it\/de\/wp-json\/wp\/v2\/tags?post=535"}],"curies":[{"name":"wp","href":"https:\/\/api.w.org\/{rel}","templated":true}]}}