{"id":526,"date":"2025-05-31T22:25:42","date_gmt":"2025-05-31T21:25:42","guid":{"rendered":"https:\/\/aspettandomilanocortina2026.it\/?p=526"},"modified":"2025-06-01T08:02:52","modified_gmt":"2025-06-01T07:02:52","slug":"monaco-2025-die-nacht-in-der-psg-den-europaischen-himmel-beruhrte","status":"publish","type":"post","link":"https:\/\/aspettandomilanocortina2026.it\/de\/monaco-2025-die-nacht-in-der-psg-den-europaischen-himmel-beruhrte\/","title":{"rendered":"Monaco 2025: die Nacht, in der PSG den Himmel Europas ber\u00fchrte"},"content":{"rendered":"<script type=\"text\/plain\" data-tcf=\"waiting-for-consent\" data-id=\"1033\" data-bid=\"1\" data-placement=\"1034\">PGRpdiBpZD0iYW1jLTEwMjkzOTkzNjQiIGNsYXNzPSJhbWMtcHJpbWEtZGVsLWNvbnRlbnV0byI+PHNjcmlwdCBhc3luYyBzcmM9Ii8vcGFnZWFkMi5nb29nbGVzeW5kaWNhdGlvbi5jb20vcGFnZWFkL2pzL2Fkc2J5Z29vZ2xlLmpzP2NsaWVudD1jYS1wdWItNDQwMTE0NTAyNzUzOTExNSIgY3Jvc3NvcmlnaW49ImFub255bW91cyI+PC9zY3JpcHQ+PGlucyBjbGFzcz0iYWRzYnlnb29nbGUiIHN0eWxlPSJkaXNwbGF5OmJsb2NrOyIgZGF0YS1hZC1jbGllbnQ9ImNhLXB1Yi00NDAxMTQ1MDI3NTM5MTE1IiAKZGF0YS1hZC1zbG90PSIiIApkYXRhLWFkLWZvcm1hdD0iYXV0byIgZGF0YS1mdWxsLXdpZHRoLXJlc3BvbnNpdmU9InRydWUiPjwvaW5zPgo8c2NyaXB0PiAKKGFkc2J5Z29vZ2xlID0gd2luZG93LmFkc2J5Z29vZ2xlIHx8IFtdKS5wdXNoKHt9KTsgCjwvc2NyaXB0Pgo8L2Rpdj4=<\/script>\n<p>Noch nie war der Himmel in M\u00fcnchen so erwartungsvoll wie am Abend des 31. Mai 2025. In der Allianz-Arena, einem Spielort, der bereits legend\u00e4re Seiten des Weltfu\u00dfballs geschrieben hat, lag eine elektrisierende Atmosph\u00e4re in der Luft: auf der einen Seite Paris Saint-Germain, das auf der Suche nach der ersten Champions League in seiner Geschichte ist; auf der anderen Seite Inter, das 2010 siegreich war, aber seit Jahren blockiert wird, um den gro\u00dfen europ\u00e4ischen Triumph erneut zu erreichen. Als sich die Tore \u00f6ffneten, str\u00f6mten Wind, Jubelschreie und Seufzer der Anspannung auf die Trib\u00fcnen, ein Mosaik aus Farben und Fahnen, die bereit waren, eine Begegnung mitzuerleben, die ein neues Kapitel im Buch des Fu\u00dfballs schreiben sollte.<\/p><script type=\"text\/plain\" data-tcf=\"waiting-for-consent\" data-id=\"1037\" data-bid=\"1\" data-placement=\"726\">PGRpdiBpZD0iYW1jLTE4MzA4MjI3NjkiIGNsYXNzPSJhbWMtcG9zdC1jb250ZW50IiBzdHlsZT0ibWFyZ2luLWxlZnQ6IGF1dG87bWFyZ2luLXJpZ2h0OiBhdXRvO3RleHQtYWxpZ246IGNlbnRlcjsiPjxzY3JpcHQgYXN5bmMgc3JjPSIvL3BhZ2VhZDIuZ29vZ2xlc3luZGljYXRpb24uY29tL3BhZ2VhZC9qcy9hZHNieWdvb2dsZS5qcz9jbGllbnQ9Y2EtcHViLTQ0MDExNDUwMjc1MzkxMTUiIGNyb3Nzb3JpZ2luPSJhbm9ueW1vdXMiPjwvc2NyaXB0PjxpbnMgY2xhc3M9ImFkc2J5Z29vZ2xlIiBzdHlsZT0iZGlzcGxheTpibG9jazsiIGRhdGEtYWQtY2xpZW50PSJjYS1wdWItNDQwMTE0NTAyNzUzOTExNSIgCmRhdGEtYWQtc2xvdD0iODAyMDU4Mzc5MyIgCmRhdGEtYWQtZm9ybWF0PSJhdXRvIiBkYXRhLWZ1bGwtd2lkdGgtcmVzcG9uc2l2ZT0idHJ1ZSI+PC9pbnM+CjxzY3JpcHQ+IAooYWRzYnlnb29nbGUgPSB3aW5kb3cuYWRzYnlnb29nbGUgfHwgW10pLnB1c2goe30pOyAKPC9zY3JpcHQ+CjwvZGl2PjxiciBzdHlsZT0iY2xlYXI6IGJvdGg7IGRpc3BsYXk6IGJsb2NrOyBmbG9hdDogbm9uZTsiLz4=<\/script>\n\n\n\n<h2 class=\"wp-block-heading\"><strong>Der lange Weg nach M\u00fcnchen<\/strong><\/h2>\n\n\n\n<h3 class=\"wp-block-heading\"><strong>PSG: ein seit Jahren gehegter Traum<\/strong><\/h3>\n\n\n\n<p>Paris Saint-Germain ist kein Fremder bei europ\u00e4ischen Wettbewerben. Mit M\u00e4zenen, die bereit sind, pharaonische Summen zu investieren, verfolgt der franz\u00f6sische Klub, der bereits nationale Meisterschaften und Pokale gewonnen hat, seit mehr als einem Jahrzehnt sein eigentliches Ziel: den Pokal der gro\u00dfen Ohren zu holen. Mit Weltklassetrainern und einer Mischung aus etablierten Stars und jungen Hoffnungstr\u00e4gern hat PSG eine Mannschaft von Weltklasse aufgebaut. Aber die Champions League, diese Champions League, war immer wieder durch dumme Abwehrfehler in den entscheidenden Phasen oder durch Tage, an denen der Star des Tages nicht genug gl\u00e4nzte, aus dem Ruder gelaufen. Das Jahr 2025 schien die richtige Saison zu sein: ein eingespieltes Team, ein Trainer mit festen Vorstellungen und eine Stadt, Paris, die bereit war, vor Freude zu explodieren, sollte der Traum wahr werden.<\/p><script type=\"text\/plain\" data-tcf=\"waiting-for-consent\" data-id=\"1033\" data-bid=\"1\" data-placement=\"985\">PGRpdiBpZD0iYW1jLTExNTMwODY0OTYiIGNsYXNzPSJhbWMtbWgtbWlkIj48c2NyaXB0IGFzeW5jIHNyYz0iLy9wYWdlYWQyLmdvb2dsZXN5bmRpY2F0aW9uLmNvbS9wYWdlYWQvanMvYWRzYnlnb29nbGUuanM\/Y2xpZW50PWNhLXB1Yi00NDAxMTQ1MDI3NTM5MTE1IiBjcm9zc29yaWdpbj0iYW5vbnltb3VzIj48L3NjcmlwdD48aW5zIGNsYXNzPSJhZHNieWdvb2dsZSIgc3R5bGU9ImRpc3BsYXk6YmxvY2s7IiBkYXRhLWFkLWNsaWVudD0iY2EtcHViLTQ0MDExNDUwMjc1MzkxMTUiIApkYXRhLWFkLXNsb3Q9IiIgCmRhdGEtYWQtZm9ybWF0PSJhdXRvIiBkYXRhLWZ1bGwtd2lkdGgtcmVzcG9uc2l2ZT0idHJ1ZSI+PC9pbnM+CjxzY3JpcHQ+IAooYWRzYnlnb29nbGUgPSB3aW5kb3cuYWRzYnlnb29nbGUgfHwgW10pLnB1c2goe30pOyAKPC9zY3JpcHQ+CjwvZGl2Pg==<\/script>\n\n\n\n<h3 class=\"wp-block-heading\"><strong>Inter: Nerazzurri-Tradition will sich r\u00e4chen<\/strong><\/h3>\n\n\n\n<p>Inter wiederum konnte auf eine glorreiche Vergangenheit zur\u00fcckblicken: Der historische Hattrick von 2010 unter Jos\u00e9 Mourinho ist den Fans noch immer im Ged\u00e4chtnis geblieben. Doch die Erfolge kollidierten mit den Jahren des Wiederaufbaus. Nach Jahren inkonsequenter Investitionen und Umbesetzungen auf der Bank beschloss das Management der Nerazzurri, sich auf die Jugend und einen offensiveren Spielstil zu konzentrieren und gleichzeitig international erfahrene Spieler im Kader zu behalten. Inter musste beweisen, dass es wieder in der Lage war, die europ\u00e4ischen Giganten herauszufordern und, warum nicht, den Titel anzustreben. Auf dem m\u00fchsamen Weg ins Finale hatten die Nerazzurri Gegner von h\u00f6chstem Rang ausgeschaltet, eine mutige Identit\u00e4t bewiesen und sich der Idee verschrieben, dass sich Mut manchmal mehr auszahlt als Erfahrung.<\/p>\n\n\n\n<h2 class=\"wp-block-heading\"><strong>Die Atmosph\u00e4re vor dem Spiel: eine bunte Welle<\/strong><\/h2>\n\n\n\n<p>Schon in der Abendd\u00e4mmerung war der Vorplatz der Allianz Arena ein einziger Farbenrausch: Tausende von Pariser Fans verk\u00f6rperten die festliche transalpine Eleganz, blaue und rote Fahnen, Schals im Wind und der Klang von Trommeln, die wie ein kollektiver Herzschlag schlugen. Gegen\u00fcber der Bereich, der den Nerazzurri-Fans gewidmet ist: Nerazzurri- und schwarz-gelbe Fahnen werden leidenschaftlich geschwenkt, historische Inter-Trikots und Ch\u00f6re, die Stolz und Rache fordern. Zwei Welten in visuellem und akustischem Kontrast, aber mit einem gemeinsamen Nenner: die Liebe zum Fu\u00dfball. \u00dcberall erinnerten Selfies, Schulterklopfen und Popcorn-Pakete aus den mobilen Saunen an die Essenz eines Sportereignisses, das Tausende von Menschen in seinen Bann ziehen kann, die neunzig Minuten lang im Gleichschritt jubeln und ihr Herz schlagen lassen... plus Verl\u00e4ngerung und vielleicht Elfmeterschie\u00dfen.<\/p>\n\n\n\n<h2 class=\"wp-block-heading\"><strong>Anpfiff und erste Minuten der Studie<\/strong><\/h2>\n\n\n\n<p>Als der Schiedsrichter das Spiel anpfiff, schienen beide Mannschaften den taktischen Roman des Gegners lesen zu wollen. PSG stellte sich mit einem fl\u00fcssigen 4-3-3 auf: eine solide Abwehr, ein technisch versiertes Mittelfeld, das die B\u00e4lle verteilt, und ein offensiver Dreizack, der bereit ist, jeden Raum zu nutzen. Inter, das mit einem geschickten 3-5-2 auflief, wollte stattdessen die Au\u00dfenbahnen und das schnelle Anlaufen des Angriffsduos nutzen. Doch schon nach 10 Minuten war klar, dass es ein schwieriges Spiel f\u00fcr die Nerazzurri werden w\u00fcrde.<\/p>\n\n\n\n<p><strong>12' - Hakimi, der St\u00fcrmer, der weh tut<\/strong><\/p>\n\n\n\n<p>Den ersten Treffer erzielte der ehemalige Achraf Hakimi, der bei PSG als Rechtsverteidiger eingesetzt wurde. Nach einem langen Ball in die Mitte \u00fcberwand er mit einer schnellen Finte mehrere Gegner und \u00fcberwand Nerazzurri-Torh\u00fcter Yann Sommer mit einem pr\u00e4zisen Rechtsschuss. Der Jubel h\u00e4lt sich in den erstickten Schreien der franz\u00f6sischen Fans: Es steht 1:0, aber es scheint ein 0:0 zu sein, so selbstbewusst bewegen sich die Pariser auf dem Platz.<\/p>\n\n\n\n<p><strong>20' - Das Double von D\u00e9sir\u00e9 Dou\u00e9: Poesie in Bewegung<\/strong><\/p>\n\n\n\n<p>F\u00fcr Inter bleibt keine Zeit, sich neu zu formieren. Der junge Mittelfeldspieler, eine der Offenbarungen der Saison, zog aus der Distanz ab, dribbelte sich an einigen Abfangj\u00e4gern der Nerazzurri vorbei und gab einen so pr\u00e4zisen Flachschuss ab, dass der Ball eine Flugbahn zu nehmen schien, die bereits vorgezeichnet war und unter der Latte landete. Nach weniger als einer Halbzeit stand es 2:0, und den Nerazzurri stand die Sorge ins Gesicht geschrieben.<\/p>\n\n\n\n<p><strong>30' - Inter in Schwierigkeiten, aber bereit zu reagieren<\/strong><\/p>\n\n\n\n<p>Nach ein paar Minuten des Dr\u00e4ngens versuchte Inter, eine Reaktion zu organisieren. Calhanoglu diktierte den Rhythmus, Barella suchte den engen Austausch mit Lautaro Mart\u00ednez, doch die Pariser Abwehr bewegte sich in perfekter Synchronit\u00e4t und machte jeden Raum zu. Die Allianz Arena sah vor allem einen offensiven Monolog von PSG, das einige Chancen zum Ausbau der F\u00fchrung vergab. Der Applaus des teutonischen Publikums, das stets respektvoll ist, unterstreicht die Eleganz einiger Spielz\u00fcge.<\/p>\n\n\n\n<p><strong>45'+2 - Halbzeitpfiff<\/strong><\/p>\n\n\n\n<p>Als der Schiedsrichter das Ende der ersten Halbzeit abpfeift, steht es immer noch 2:0 auf der Anzeigetafel. Aber es ist kein Ergebnis, das den Abstand zwischen den beiden Mannschaften wirklich wiedergibt. Inter wirkt verkrampft, niedergeschlagen, als ob sie dem Charme eines gut aufgestellten Gegners erliegen w\u00fcrden. PSG hingegen wirkte wie ein absoluter Herr auf dem Platz, fl\u00fcssig und \u00fcberzeugt davon, den Sack noch vor der Halbzeit zuzumachen.<\/p>\n\n\n\n<h2 class=\"wp-block-heading\"><strong>Taktische Pause und \u00dcberlegungen: die zweite H\u00e4lfte der Revolution<\/strong><\/h2>\n\n\n\n<p>In der Halbzeitpause fordert der Inter-Trainer seine Spieler auf: \"Wir m\u00fcssen mehr wagen, die Linien von PSG angreifen und sie nicht zum Nachdenken bringen. Aber in Paris antwortet der Trainer ruhig: \"Wir wollen das Ergebnis verwalten, aber wir bleiben hungrig nach mehr Toren\". Die Idee eines PSG, das sich nicht damit zufrieden gibt, eine doppelte F\u00fchrung zu verwalten, ist bereits klar. Es geht nicht nur darum, das Ergebnis zu verteidigen: Es geht darum, die Dominanz auf mentaler Ebene zu festigen.<\/p>\n\n\n\n<h2 class=\"wp-block-heading\"><strong>Zweite Halbzeit: Inter kapituliert und die Pariser Apotheose<\/strong><\/h2>\n\n\n\n<p><strong>63' - Dou\u00e9 erzielt einen Doppeltreffer<\/strong><\/p>\n\n\n\n<p>Zu Beginn der zweiten Halbzeit war Inter aktiver, zumindest in ihren Absichten. Aber es bedurfte nur einer schnellen Aktion, um den einzigen Passversuch der Nerazzurri in Richtung Mittelfeld zu schlagen. Der Youngster vergab nicht: ein Blitzschuss auf den ersten Pfosten, Sommer flog, aber es reichte nicht. \u00c8 3-0. Die Pariser Fans explodieren in einem Gebr\u00fcll, das die gesamte Allianz Arena ersch\u00fcttert.<\/p>\n\n\n\n<p><strong>70' - Kvaratskhelia l\u00e4sst das franz\u00f6sische Herz h\u00f6her schlagen<\/strong><\/p>\n\n\n\n<p>Inter ist kurz davor, sich zu ergeben. Eine t\u00f6dliche Drehung von PSG lie\u00df Kvaratskhelia, den Georgier mit dem unaufhaltsamen Lauf, v\u00f6llig frei an der kurzen Seite des Strafraums stehen: ein scharfes Dribbling, der Ball unter den Beinen eines Verteidigers hindurch und eine sanfte Ber\u00fchrung am zweiten Pfosten. Das 4:0 fiel in der 70. Minute und wirkte eher wie ein Coup de Grace als ein bereits besiegelter Sieg.<\/p>\n\n\n\n<p><strong>86' - Das Siegel von Senny Mayulu, dem Thronfolger<\/strong><\/p>\n\n\n\n<p>Als alles schon vollbracht scheint, erscheint ein neuer Name auf der Anzeigetafel: Senny Mayulu, der ein paar Minuten zuvor eingewechselt wurde, um offensive Frische zu bringen. \u00c8 5-0. Ein Tor, das den Triumph noch unglaublicher macht und die franz\u00f6sischen Fans in einen Jubel aus Fahnen, wehenden Schals und Ges\u00e4ngen ausbrechen l\u00e4sst.<\/p>\n\n\n\n<h2 class=\"wp-block-heading\"><strong>Taktische Analyse: der Grund f\u00fcr die totale Beherrschung<\/strong><\/h2>\n\n\n\n<h3 class=\"wp-block-heading\"><strong>Hohes Pressing und Ballbehandlung<\/strong><\/h3>\n\n\n\n<p>Die Erfolgsstrategie von PSG basierte auf einem konstanten Pressing im Mittelfeld, das darauf abzielte, den Spielaufbau der Nerazzurri zu ersticken. Jedes Mal, wenn Inter versuchte, aus der Tiefe herauszukommen, wurden sie angegriffen, zu langen B\u00e4llen gezwungen und boten der franz\u00f6sischen Hintermannschaft leichte B\u00e4lle.<\/p>\n\n\n\n<h3 class=\"wp-block-heading\"><strong>Rascher Neustart und Abschluss der Operation<\/strong><\/h3>\n\n\n\n<p>PSG musste den Ballbesitz nicht mit bulgarischen Prozenten dominieren: ein paar schnelle Phrasen gen\u00fcgten, um sich in den gegnerischen Strafraum zu schleichen. Nach dem 2:0 war Inter auf der Suche nach einer Reaktion und lie\u00df den Parisern viel Raum f\u00fcr Konter. Und jedes Mal, wenn Dou\u00e9 oder Kvaratskhelia den Ball bekamen, hatte die Abwehr der Nerazzurri M\u00fche, die Dreiecke zu schlie\u00dfen, was t\u00f6dliche Chancen zur Folge hatte.<\/p>\n\n\n\n<h3 class=\"wp-block-heading\"><strong>Mentaler Faktor und Erfahrung in Schl\u00fcsselmomenten<\/strong><\/h3>\n\n\n\n<p>Der Einzug in ein Champions-League-Finale ist mit einem enormen psychologischen Druck verbunden. Inter zeigte trotz seiner Erfahrung bereits nach dem ersten Gegentreffer Anzeichen von Nervosit\u00e4t, spielte einfache P\u00e4sse falsch und wirkte hilflos. PSG, das sich bewusst war, dass es jeden Fehler ausnutzen musste, machte weiter Druck, ohne die Konzentration zu verlieren, und dominierte das Spiel nicht nur physisch, sondern auch mental.<\/p>\n\n\n\n<h2 class=\"wp-block-heading\"><strong>Die emotionale Wirkung: Tr\u00e4nen, L\u00e4cheln und Umarmungen<\/strong><\/h2>\n\n\n\n<p>Als der dreifache Abpfiff zum 5:0 ert\u00f6nte, gab es einige, die eine Tr\u00e4ne nicht zur\u00fcckhalten konnten. Es war nicht nur ein sportlicher Sieg, sondern die Erf\u00fcllung eines Traums, den Paris seit Jahren hegt: der Wunsch, sich im legend\u00e4ren Pokal der gro\u00dfen Ohren wiederzufinden. Auf den Trib\u00fcnen umarmten sich Familien mit Kindern im Schlepptau, Pariser Ultras und aus aller Welt angereiste Fu\u00dfballfans, wohl wissend, dass sie Zeugen eines Moments geworden waren, der im kollektiven Ged\u00e4chtnis bleiben wird. Auf der anderen Seite: trauriges L\u00e4cheln und niedergeschlagene Blicke bei den Nerazzurri. F\u00fcr Inter die bittere Entt\u00e4uschung \u00fcber ein Spiel, in dem sich alles gegen sie zu wenden schien, aber auch das Bewusstsein, die Begeisterung im Verein wiederhergestellt und gezeigt zu haben, dass sie mit jedem mithalten k\u00f6nnen.<\/p>\n\n\n\n<h2 class=\"wp-block-heading\"><strong>Bedeutung und Perspektiven f\u00fcr die Zukunft<\/strong><\/h2>\n\n\n\n<h3 class=\"wp-block-heading\"><strong>PSG, der Anbruch einer neuen \u00c4ra<\/strong><\/h3>\n\n\n\n<p>Dieser Triumph wird Paris Saint-Germain eine noch gr\u00f6\u00dfere globale Dimension verleihen. Jetzt sind die Ambitionen nicht mehr aufzuhalten: die st\u00e4rkste Mannschaft der Welt zu werden, die Klub-Weltmeisterschaft zu gewinnen und junge Talente wie Mayulu, Dou\u00e9 und andere zu f\u00f6rdern, die bereits davon tr\u00e4umen, die Nacht in Monaco zu wiederholen. Der Champions-League-Titel k\u00f6nnte sich auch auf die Marktpolitik auswirken, da PSG bereit ist, zu den Topspielern zur\u00fcckzukehren und seinen Status als europ\u00e4isches Kraftzentrum zu festigen.<\/p>\n\n\n\n<h3 class=\"wp-block-heading\"><strong>Inter, ein Ansatzpunkt<\/strong><\/h3>\n\n\n\n<p>F\u00fcr Inter darf die Niederlage nicht nur als Verletzung betrachtet werden. Sie ist eine Warnung: Mit Geduld aufbauen, die Mannschaft in wichtigen Bereichen verst\u00e4rken, den jungen Spielern Vertrauen schenken und die offensive Identit\u00e4t beibehalten, die es ihnen erm\u00f6glicht hat, erneut ein Champions-League-Finale zu erreichen. Der Trainer und der Verein wissen, dass es jetzt an der Zeit ist, auf dem in dieser Saison geschaffenen Fundament aufzubauen, die L\u00fccken zu schlie\u00dfen und die internationale Erfahrung zu vervollkommnen.<\/p>\n\n\n\n<p><\/p>\n<div class=\"amc-dopo-il-contenuto\" id=\"amc-2422852542\"><script type=\"text\/plain\" data-tcf=\"waiting-for-consent\" data-id=\"1033\" data-bid=\"1\">PGRpdiBpZD0iYW1jLTMyMjY4ODI4OTIiPjxzY3JpcHQgYXN5bmMgc3JjPSIvL3BhZ2VhZDIuZ29vZ2xlc3luZGljYXRpb24uY29tL3BhZ2VhZC9qcy9hZHNieWdvb2dsZS5qcz9jbGllbnQ9Y2EtcHViLTQ0MDExNDUwMjc1MzkxMTUiIGNyb3Nzb3JpZ2luPSJhbm9ueW1vdXMiPjwvc2NyaXB0PjxpbnMgY2xhc3M9ImFkc2J5Z29vZ2xlIiBzdHlsZT0iZGlzcGxheTpibG9jazsiIGRhdGEtYWQtY2xpZW50PSJjYS1wdWItNDQwMTE0NTAyNzUzOTExNSIgCmRhdGEtYWQtc2xvdD0iIiAKZGF0YS1hZC1mb3JtYXQ9ImF1dG8iIGRhdGEtZnVsbC13aWR0aC1yZXNwb25zaXZlPSJ0cnVlIj48L2lucz4KPHNjcmlwdD4gCihhZHNieWdvb2dsZSA9IHdpbmRvdy5hZHNieWdvb2dsZSB8fCBbXSkucHVzaCh7fSk7IAo8L3NjcmlwdD4KPC9kaXY+<\/script><\/div>","protected":false},"excerpt":{"rendered":"<p>Il cielo di Monaco di Baviera non \u00e8 mai stato cos\u00ec carico di aspettative come la sera del 31 maggio 2025. All\u2019Allianz Arena, un impianto che ha gi\u00e0 scritto pagine leggendarie del calcio mondiale, si respirava un\u2019aria elettrica: da una parte, il Paris Saint-Germain, alla ricerca della prima Champions League della sua storia; dall\u2019altra, l\u2019Inter, [&hellip;]<\/p>","protected":false},"author":3,"featured_media":529,"comment_status":"open","ping_status":"open","sticky":false,"template":"","format":"standard","meta":{"_acf_changed":false,"footnotes":""},"categories":[1],"tags":[],"class_list":["post-526","post","type-post","status-publish","format-standard","has-post-thumbnail","hentry","category-notizie-e-aggiornamenti"],"acf":[],"_links":{"self":[{"href":"https:\/\/aspettandomilanocortina2026.it\/de\/wp-json\/wp\/v2\/posts\/526","targetHints":{"allow":["GET"]}}],"collection":[{"href":"https:\/\/aspettandomilanocortina2026.it\/de\/wp-json\/wp\/v2\/posts"}],"about":[{"href":"https:\/\/aspettandomilanocortina2026.it\/de\/wp-json\/wp\/v2\/types\/post"}],"author":[{"embeddable":true,"href":"https:\/\/aspettandomilanocortina2026.it\/de\/wp-json\/wp\/v2\/users\/3"}],"replies":[{"embeddable":true,"href":"https:\/\/aspettandomilanocortina2026.it\/de\/wp-json\/wp\/v2\/comments?post=526"}],"version-history":[{"count":4,"href":"https:\/\/aspettandomilanocortina2026.it\/de\/wp-json\/wp\/v2\/posts\/526\/revisions"}],"predecessor-version":[{"id":534,"href":"https:\/\/aspettandomilanocortina2026.it\/de\/wp-json\/wp\/v2\/posts\/526\/revisions\/534"}],"wp:featuredmedia":[{"embeddable":true,"href":"https:\/\/aspettandomilanocortina2026.it\/de\/wp-json\/wp\/v2\/media\/529"}],"wp:attachment":[{"href":"https:\/\/aspettandomilanocortina2026.it\/de\/wp-json\/wp\/v2\/media?parent=526"}],"wp:term":[{"taxonomy":"category","embeddable":true,"href":"https:\/\/aspettandomilanocortina2026.it\/de\/wp-json\/wp\/v2\/categories?post=526"},{"taxonomy":"post_tag","embeddable":true,"href":"https:\/\/aspettandomilanocortina2026.it\/de\/wp-json\/wp\/v2\/tags?post=526"}],"curies":[{"name":"wp","href":"https:\/\/api.w.org\/{rel}","templated":true}]}}