{"id":505,"date":"2025-05-29T11:08:40","date_gmt":"2025-05-29T10:08:40","guid":{"rendered":"https:\/\/aspettandomilanocortina2026.it\/?p=505"},"modified":"2025-05-29T11:08:42","modified_gmt":"2025-05-29T10:08:42","slug":"chelsea-meister-der-uefa-konferenzliga-2025-europaischer-triumph-in-breslawien","status":"publish","type":"post","link":"https:\/\/aspettandomilanocortina2026.it\/de\/chelsea-meister-der-uefa-konferenzliga-2025-europaischer-triumph-in-breslawien\/","title":{"rendered":"Chelsea Meister der UEFA Conference League 2025: Europ\u00e4ischer Triumph in Breslau"},"content":{"rendered":"<script type=\"text\/plain\" data-tcf=\"waiting-for-consent\" data-id=\"1033\" data-bid=\"1\" data-placement=\"1034\">PGRpdiBpZD0iYW1jLTIzNjg4OTg0ODIiIGNsYXNzPSJhbWMtcHJpbWEtZGVsLWNvbnRlbnV0byI+PHNjcmlwdCBhc3luYyBzcmM9Ii8vcGFnZWFkMi5nb29nbGVzeW5kaWNhdGlvbi5jb20vcGFnZWFkL2pzL2Fkc2J5Z29vZ2xlLmpzP2NsaWVudD1jYS1wdWItNDQwMTE0NTAyNzUzOTExNSIgY3Jvc3NvcmlnaW49ImFub255bW91cyI+PC9zY3JpcHQ+PGlucyBjbGFzcz0iYWRzYnlnb29nbGUiIHN0eWxlPSJkaXNwbGF5OmJsb2NrOyIgZGF0YS1hZC1jbGllbnQ9ImNhLXB1Yi00NDAxMTQ1MDI3NTM5MTE1IiAKZGF0YS1hZC1zbG90PSIiIApkYXRhLWFkLWZvcm1hdD0iYXV0byIgZGF0YS1mdWxsLXdpZHRoLXJlc3BvbnNpdmU9InRydWUiPjwvaW5zPgo8c2NyaXB0PiAKKGFkc2J5Z29vZ2xlID0gd2luZG93LmFkc2J5Z29vZ2xlIHx8IFtdKS5wdXNoKHt9KTsgCjwvc2NyaXB0Pgo8L2Rpdj4=<\/script>\n<p><strong>Breslau, 28. Mai 2025<\/strong> - An einem Abend voller Emotionen und historischer Bedeutung hat Chelsea ein neues Kapitel im europ\u00e4ischen Fu\u00dfball aufgeschlagen. Im Finale der UEFA Conference League 2025, das im Stadion Wroc\u0142aw in Wroc\u0142aw (Polen) ausgetragen wurde, setzten sich die Blues mit 4:1 gegen Real Betis durch und gewannen eine Troph\u00e4e, die ihre kontinentale Sammlung vervollst\u00e4ndigt. Chelsea ist damit der erste Verein, der die Champions League, die Europa League, den Pokal der Pokalsieger und die Conference League gewonnen hat.<\/p><script type=\"text\/plain\" data-tcf=\"waiting-for-consent\" data-id=\"1037\" data-bid=\"1\" data-placement=\"726\">PGRpdiBpZD0iYW1jLTE5NjUyOTAzOCIgY2xhc3M9ImFtYy1wb3N0LWNvbnRlbnQiIHN0eWxlPSJtYXJnaW4tbGVmdDogYXV0bzttYXJnaW4tcmlnaHQ6IGF1dG87dGV4dC1hbGlnbjogY2VudGVyOyI+PHNjcmlwdCBhc3luYyBzcmM9Ii8vcGFnZWFkMi5nb29nbGVzeW5kaWNhdGlvbi5jb20vcGFnZWFkL2pzL2Fkc2J5Z29vZ2xlLmpzP2NsaWVudD1jYS1wdWItNDQwMTE0NTAyNzUzOTExNSIgY3Jvc3NvcmlnaW49ImFub255bW91cyI+PC9zY3JpcHQ+PGlucyBjbGFzcz0iYWRzYnlnb29nbGUiIHN0eWxlPSJkaXNwbGF5OmJsb2NrOyIgZGF0YS1hZC1jbGllbnQ9ImNhLXB1Yi00NDAxMTQ1MDI3NTM5MTE1IiAKZGF0YS1hZC1zbG90PSI4MDIwNTgzNzkzIiAKZGF0YS1hZC1mb3JtYXQ9ImF1dG8iIGRhdGEtZnVsbC13aWR0aC1yZXNwb25zaXZlPSJ0cnVlIj48L2lucz4KPHNjcmlwdD4gCihhZHNieWdvb2dsZSA9IHdpbmRvdy5hZHNieWdvb2dsZSB8fCBbXSkucHVzaCh7fSk7IAo8L3NjcmlwdD4KPC9kaXY+PGJyIHN0eWxlPSJjbGVhcjogYm90aDsgZGlzcGxheTogYmxvY2s7IGZsb2F0OiBub25lOyIvPg==<\/script>\n\n\n\n<h2 class=\"wp-block-heading\"><strong>Ein w\u00fcrdiges Finale f\u00fcr das neue Fu\u00dfballeuropa<\/strong><\/h2>\n\n\n\n<p>Die Conference League wurde mit dem Ziel ins Leben gerufen, aufstrebende Mannschaften zu f\u00f6rdern, und die Conference League 2025 hat dieses Ziel voll und ganz erreicht. Auf der einen Seite Real Betis - ein Verein mit einer starken Identit\u00e4t, der auf der europ\u00e4ischen B\u00fchne stetig w\u00e4chst - und auf der anderen Seite Chelsea, das eine schwankende Saison hinter sich hat, aber \u00fcber eine junge und talentierte Mannschaft verf\u00fcgt.<\/p><script type=\"text\/plain\" data-tcf=\"waiting-for-consent\" data-id=\"1033\" data-bid=\"1\" data-placement=\"985\">PGRpdiBpZD0iYW1jLTIzOTcxNzUzNDAiIGNsYXNzPSJhbWMtbWgtbWlkIj48c2NyaXB0IGFzeW5jIHNyYz0iLy9wYWdlYWQyLmdvb2dsZXN5bmRpY2F0aW9uLmNvbS9wYWdlYWQvanMvYWRzYnlnb29nbGUuanM\/Y2xpZW50PWNhLXB1Yi00NDAxMTQ1MDI3NTM5MTE1IiBjcm9zc29yaWdpbj0iYW5vbnltb3VzIj48L3NjcmlwdD48aW5zIGNsYXNzPSJhZHNieWdvb2dsZSIgc3R5bGU9ImRpc3BsYXk6YmxvY2s7IiBkYXRhLWFkLWNsaWVudD0iY2EtcHViLTQ0MDExNDUwMjc1MzkxMTUiIApkYXRhLWFkLXNsb3Q9IiIgCmRhdGEtYWQtZm9ybWF0PSJhdXRvIiBkYXRhLWZ1bGwtd2lkdGgtcmVzcG9uc2l2ZT0idHJ1ZSI+PC9pbnM+CjxzY3JpcHQ+IAooYWRzYnlnb29nbGUgPSB3aW5kb3cuYWRzYnlnb29nbGUgfHwgW10pLnB1c2goe30pOyAKPC9zY3JpcHQ+CjwvZGl2Pg==<\/script>\n\n\n\n<p>Die Atmosph\u00e4re war vom Anpfiff weg elektrisierend. Die aus Spanien angereisten Betis-Fans feuerten ihre Mannschaft mit lauten Ges\u00e4ngen an. Und in der 12. Minute war es dann soweit: Isco bediente Ezzalzouli, der Petrovic mit einem pr\u00e4zisen Rechtsschuss \u00fcberwinden konnte. Es stand 1:0 f\u00fcr Betis und der gr\u00fcn-andalusische Traum nahm Gestalt an.<\/p>\n\n\n\n<h2 class=\"wp-block-heading\"><strong>Chelsea dreht den Spie\u00df in der zweiten Halbzeit um<\/strong><\/h2>\n\n\n\n<p>Die erste Halbzeit endete mit einer F\u00fchrung f\u00fcr Betis, aber die zweite Halbzeit war eine andere Geschichte. Der Chelsea-Trainer nahm zwei wichtige \u00c4nderungen vor: Reece James und Jadon Sancho kamen ins Spiel. Die Wirkung war sofort zu sp\u00fcren. In der 55. Minute bediente Cole Palmer Enzo Fern\u00e1ndez im Strafraum, der mit einem Schlenzer das 1:1 erzielte.<\/p>\n\n\n\n<p>Von diesem Zeitpunkt an \u00fcbernahmen die Blues die Kontrolle. Nicolas Jackson erzielte in der 63. Minute das 2:1, gefolgt von Sanchos F\u00fchrungstreffer in der 72. Minute. Den Treffer zum 4:1-Endstand erzielte Mois\u00e9s Caicedo am Ende einer perfekten Choreo-Aktion. Chelsea beendete das Spiel mit Autorit\u00e4t und Stolz.<\/p>\n\n\n\n<h2 class=\"wp-block-heading\"><strong>Cole Palmer MVP: das Gesicht des neuen Chelsea<\/strong><\/h2>\n\n\n\n<p>Der Preis f\u00fcr den Mann des Spiels geht an <strong>Cole Palmer<\/strong>Er ist ein absoluter Protagonist mit zwei Assists, konstantem Pressing und Spiel\u00fcbersicht. Der ehemalige Spieler von Manchester City spielt eine Saison als technischer und charismatischer Anf\u00fchrer und verk\u00f6rpert den wiedergeborenen Geist der Blues: jung, hungrig und ehrgeizig.<\/p>\n\n\n\n<h2 class=\"wp-block-heading\"><strong>Ein historischer Erfolg f\u00fcr Chelsea<\/strong><\/h2>\n\n\n\n<p>Mit diesem Sieg geht Chelsea in die Geschichte ein und wird <strong>der erste Verein, der alle UEFA-Klubwettbewerbe gewonnen hat<\/strong>. Nach zwei Champions Leagues (2012, 2021), zwei Europa Leagues (2013, 2019) und zwei Pokalwettbewerben (1971, 1998) hat der Verein von der Stamford Bridge nun auch die Conference League gewonnen.<\/p>\n\n\n\n<p>Ein Triumph der besonderen Art, der in einer \u00dcbergangssaison errungen wurde, der aber auch dank des Beitrags einer Generation reiner Talente die T\u00fcr zu einer Zukunft voller Perspektiven \u00f6ffnet.<\/p>\n\n\n\n<h2 class=\"wp-block-heading\"><strong>Betis kommt mit erhobenem Haupt heraus<\/strong><\/h2>\n\n\n\n<p>F\u00fcr Real Betis ist die Entt\u00e4uschung gro\u00df, aber sie t\u00e4uscht nicht \u00fcber den au\u00dfergew\u00f6hnlichen Weg ins Finale hinweg. Isco hat gezeigt, dass er wieder auf h\u00f6chstem Niveau spielt, und junge Spieler wie Luiz Henrique und Altimira versprechen eine gro\u00dfe Zukunft. Pellegrinis Mannschaft kann optimistisch nach vorne blicken, denn sie wei\u00df, dass sie dem Kontinent gezeigt hat, was sie wert ist.<\/p>\n\n\n\n<h2 class=\"wp-block-heading\"><strong>Conference League: ein Turnier, das auf Leistung setzt<\/strong><\/h2>\n\n\n\n<p>Dieses Finale ist der Beweis daf\u00fcr, dass die Conference League nicht nur \"der dritte Pokal\" ist, sondern eine B\u00fchne, auf der Leistung, Wachstum und offensives Spiel belohnt werden. Die UEFA kann zufrieden sein: Der Wettbewerb gewinnt weiter an Attraktivit\u00e4t, Zuschauern und technischer Qualit\u00e4t.<\/p>\n<div class=\"amc-dopo-il-contenuto\" id=\"amc-3116123296\"><script type=\"text\/plain\" data-tcf=\"waiting-for-consent\" data-id=\"1033\" data-bid=\"1\">PGRpdiBpZD0iYW1jLTQyNjgwMjk0MTQiPjxzY3JpcHQgYXN5bmMgc3JjPSIvL3BhZ2VhZDIuZ29vZ2xlc3luZGljYXRpb24uY29tL3BhZ2VhZC9qcy9hZHNieWdvb2dsZS5qcz9jbGllbnQ9Y2EtcHViLTQ0MDExNDUwMjc1MzkxMTUiIGNyb3Nzb3JpZ2luPSJhbm9ueW1vdXMiPjwvc2NyaXB0PjxpbnMgY2xhc3M9ImFkc2J5Z29vZ2xlIiBzdHlsZT0iZGlzcGxheTpibG9jazsiIGRhdGEtYWQtY2xpZW50PSJjYS1wdWItNDQwMTE0NTAyNzUzOTExNSIgCmRhdGEtYWQtc2xvdD0iIiAKZGF0YS1hZC1mb3JtYXQ9ImF1dG8iIGRhdGEtZnVsbC13aWR0aC1yZXNwb25zaXZlPSJ0cnVlIj48L2lucz4KPHNjcmlwdD4gCihhZHNieWdvb2dsZSA9IHdpbmRvdy5hZHNieWdvb2dsZSB8fCBbXSkucHVzaCh7fSk7IAo8L3NjcmlwdD4KPC9kaXY+<\/script><\/div>","protected":false},"excerpt":{"rendered":"<p>Breslavia, 28 maggio 2025 \u2013 In una notte carica di emozioni e significati storici, il Chelsea ha scritto una nuova pagina del calcio europeo. Nella finale della UEFA Conference League 2025, disputata allo Stadion Wroc\u0142aw di Breslavia (Polonia), i Blues hanno dominato per 4-1 contro il Real Betis, conquistando cos\u00ec un trofeo che completa la [&hellip;]<\/p>","protected":false},"author":3,"featured_media":506,"comment_status":"open","ping_status":"open","sticky":false,"template":"","format":"standard","meta":{"_acf_changed":false,"footnotes":""},"categories":[1],"tags":[],"class_list":["post-505","post","type-post","status-publish","format-standard","has-post-thumbnail","hentry","category-notizie-e-aggiornamenti"],"acf":[],"_links":{"self":[{"href":"https:\/\/aspettandomilanocortina2026.it\/de\/wp-json\/wp\/v2\/posts\/505","targetHints":{"allow":["GET"]}}],"collection":[{"href":"https:\/\/aspettandomilanocortina2026.it\/de\/wp-json\/wp\/v2\/posts"}],"about":[{"href":"https:\/\/aspettandomilanocortina2026.it\/de\/wp-json\/wp\/v2\/types\/post"}],"author":[{"embeddable":true,"href":"https:\/\/aspettandomilanocortina2026.it\/de\/wp-json\/wp\/v2\/users\/3"}],"replies":[{"embeddable":true,"href":"https:\/\/aspettandomilanocortina2026.it\/de\/wp-json\/wp\/v2\/comments?post=505"}],"version-history":[{"count":1,"href":"https:\/\/aspettandomilanocortina2026.it\/de\/wp-json\/wp\/v2\/posts\/505\/revisions"}],"predecessor-version":[{"id":507,"href":"https:\/\/aspettandomilanocortina2026.it\/de\/wp-json\/wp\/v2\/posts\/505\/revisions\/507"}],"wp:featuredmedia":[{"embeddable":true,"href":"https:\/\/aspettandomilanocortina2026.it\/de\/wp-json\/wp\/v2\/media\/506"}],"wp:attachment":[{"href":"https:\/\/aspettandomilanocortina2026.it\/de\/wp-json\/wp\/v2\/media?parent=505"}],"wp:term":[{"taxonomy":"category","embeddable":true,"href":"https:\/\/aspettandomilanocortina2026.it\/de\/wp-json\/wp\/v2\/categories?post=505"},{"taxonomy":"post_tag","embeddable":true,"href":"https:\/\/aspettandomilanocortina2026.it\/de\/wp-json\/wp\/v2\/tags?post=505"}],"curies":[{"name":"wp","href":"https:\/\/api.w.org\/{rel}","templated":true}]}}