{"id":498,"date":"2025-05-29T09:36:26","date_gmt":"2025-05-29T08:36:26","guid":{"rendered":"https:\/\/aspettandomilanocortina2026.it\/?p=498"},"modified":"2025-05-29T10:39:49","modified_gmt":"2025-05-29T09:39:49","slug":"fenerbahce-triumphiert-im-euroleague-final-four-2025-in-einer-historischen-nacht-in-abu-dhabi","status":"publish","type":"post","link":"https:\/\/aspettandomilanocortina2026.it\/de\/fenerbahce-triumphiert-im-euroleague-final-four-2025-in-einer-historischen-nacht-in-abu-dhabi\/","title":{"rendered":"Fenerbah\u00e7e triumphiert beim Euroleague Final Four 2025: eine historische Nacht in Abu Dhabi"},"content":{"rendered":"<script type=\"text\/plain\" data-tcf=\"waiting-for-consent\" data-id=\"1033\" data-bid=\"1\" data-placement=\"1034\">PGRpdiBpZD0iYW1jLTIzNjg5ODgwMjkiIGNsYXNzPSJhbWMtcHJpbWEtZGVsLWNvbnRlbnV0byI+PHNjcmlwdCBhc3luYyBzcmM9Ii8vcGFnZWFkMi5nb29nbGVzeW5kaWNhdGlvbi5jb20vcGFnZWFkL2pzL2Fkc2J5Z29vZ2xlLmpzP2NsaWVudD1jYS1wdWItNDQwMTE0NTAyNzUzOTExNSIgY3Jvc3NvcmlnaW49ImFub255bW91cyI+PC9zY3JpcHQ+PGlucyBjbGFzcz0iYWRzYnlnb29nbGUiIHN0eWxlPSJkaXNwbGF5OmJsb2NrOyIgZGF0YS1hZC1jbGllbnQ9ImNhLXB1Yi00NDAxMTQ1MDI3NTM5MTE1IiAKZGF0YS1hZC1zbG90PSIiIApkYXRhLWFkLWZvcm1hdD0iYXV0byIgZGF0YS1mdWxsLXdpZHRoLXJlc3BvbnNpdmU9InRydWUiPjwvaW5zPgo8c2NyaXB0PiAKKGFkc2J5Z29vZ2xlID0gd2luZG93LmFkc2J5Z29vZ2xlIHx8IFtdKS5wdXNoKHt9KTsgCjwvc2NyaXB0Pgo8L2Rpdj4=<\/script>\n<p>Am 25. Mai 2025 war die Etihad Arena in Abu Dhabi Schauplatz eines noch nie dagewesenen Euroleague-Finales: Zum ersten Mal fand das Endspiel des wichtigsten europ\u00e4ischen Wettbewerbs au\u00dferhalb des Kontinents statt. Vor dieser beeindruckenden Kulisse gewann Fenerbah\u00e7e seinen zweiten europ\u00e4ischen Titel, indem es den AS Monaco mit 81:70 bezwang.<\/p><script type=\"text\/plain\" data-tcf=\"waiting-for-consent\" data-id=\"1037\" data-bid=\"1\" data-placement=\"726\">PGRpdiBpZD0iYW1jLTc5NDgyMjc5MiIgY2xhc3M9ImFtYy1wb3N0LWNvbnRlbnQiIHN0eWxlPSJtYXJnaW4tbGVmdDogYXV0bzttYXJnaW4tcmlnaHQ6IGF1dG87dGV4dC1hbGlnbjogY2VudGVyOyI+PHNjcmlwdCBhc3luYyBzcmM9Ii8vcGFnZWFkMi5nb29nbGVzeW5kaWNhdGlvbi5jb20vcGFnZWFkL2pzL2Fkc2J5Z29vZ2xlLmpzP2NsaWVudD1jYS1wdWItNDQwMTE0NTAyNzUzOTExNSIgY3Jvc3NvcmlnaW49ImFub255bW91cyI+PC9zY3JpcHQ+PGlucyBjbGFzcz0iYWRzYnlnb29nbGUiIHN0eWxlPSJkaXNwbGF5OmJsb2NrOyIgZGF0YS1hZC1jbGllbnQ9ImNhLXB1Yi00NDAxMTQ1MDI3NTM5MTE1IiAKZGF0YS1hZC1zbG90PSI4MDIwNTgzNzkzIiAKZGF0YS1hZC1mb3JtYXQ9ImF1dG8iIGRhdGEtZnVsbC13aWR0aC1yZXNwb25zaXZlPSJ0cnVlIj48L2lucz4KPHNjcmlwdD4gCihhZHNieWdvb2dsZSA9IHdpbmRvdy5hZHNieWdvb2dsZSB8fCBbXSkucHVzaCh7fSk7IAo8L3NjcmlwdD4KPC9kaXY+PGJyIHN0eWxlPSJjbGVhcjogYm90aDsgZGlzcGxheTogYmxvY2s7IGZsb2F0OiBub25lOyIvPg==<\/script>\n\n\n\n<h2 class=\"wp-block-heading\"><strong>Ein intensives und hart umk\u00e4mpftes Finale<\/strong><\/h2>\n\n\n\n<p>Das Spiel begann mit einem hohen Tempo, wobei Monaco dank der Treffer von Mike James und Alpha Diallo in F\u00fchrung ging und das erste Viertel mit 20-18 beendete. Im zweiten Abschnitt reagierte Fenerbah\u00e7e entschlossen, angef\u00fchrt von Devon Hall, und konnte die erste Halbzeit mit 35-33 f\u00fcr sich entscheiden.<\/p><script type=\"text\/plain\" data-tcf=\"waiting-for-consent\" data-id=\"1033\" data-bid=\"1\" data-placement=\"985\">PGRpdiBpZD0iYW1jLTE5NjE5NzA0NzUiIGNsYXNzPSJhbWMtbWgtbWlkIj48c2NyaXB0IGFzeW5jIHNyYz0iLy9wYWdlYWQyLmdvb2dsZXN5bmRpY2F0aW9uLmNvbS9wYWdlYWQvanMvYWRzYnlnb29nbGUuanM\/Y2xpZW50PWNhLXB1Yi00NDAxMTQ1MDI3NTM5MTE1IiBjcm9zc29yaWdpbj0iYW5vbnltb3VzIj48L3NjcmlwdD48aW5zIGNsYXNzPSJhZHNieWdvb2dsZSIgc3R5bGU9ImRpc3BsYXk6YmxvY2s7IiBkYXRhLWFkLWNsaWVudD0iY2EtcHViLTQ0MDExNDUwMjc1MzkxMTUiIApkYXRhLWFkLXNsb3Q9IiIgCmRhdGEtYWQtZm9ybWF0PSJhdXRvIiBkYXRhLWZ1bGwtd2lkdGgtcmVzcG9uc2l2ZT0idHJ1ZSI+PC9pbnM+CjxzY3JpcHQ+IAooYWRzYnlnb29nbGUgPSB3aW5kb3cuYWRzYnlnb29nbGUgfHwgW10pLnB1c2goe30pOyAKPC9zY3JpcHQ+CjwvZGl2Pg==<\/script>\n\n\n\n<p>Im dritten Viertel wechselte der Spielstand st\u00e4ndig, aber erst im vierten Abschnitt ging Fenerbah\u00e7e dank eines 11:0-Laufs, der durch Dreier von Wade Baldwin und Spielz\u00fcge von Errick McCollum angeheizt wurde, in F\u00fchrung. Monaco versuchte zu reagieren, aber die t\u00fcrkische Verteidigung hielt stand und sicherte den Sieg.<\/p>\n\n\n\n<h2 class=\"wp-block-heading\"><strong>Hayes-Davis Final Four MVP<\/strong><\/h2>\n\n\n\n<p>Nigel Hayes-Davis wurde dank einer Leistung von 23 Punkten, 9 Rebounds und 2 Rebounds im Finale zum MVP des Final Four gew\u00e4hlt. Trotz einer glanzlosen Nacht auf dem Spielfeld (4 von 13 aus dem Feld) waren seine Treffsicherheit an der Freiwurflinie (14 von 14) und seine F\u00fchrungsqualit\u00e4ten auf dem Spielfeld entscheidend f\u00fcr den Erfolg von Fenerbah\u00e7e.<\/p>\n\n\n\n<h2 class=\"wp-block-heading\"><strong>Jasikevicius schreibt Geschichte<\/strong><\/h2>\n\n\n\n<p>Trainer Sarunas Jasikevicius hat einen historischen Meilenstein erreicht: Er ist der vierte Mensch, der die Euroleague sowohl als Spieler als auch als Trainer gewonnen hat. Nach vier Titeln als Spieler gewann er nun seinen ersten als Trainer und kr\u00f6nte damit eine Reise, die im Dezember 2023 an der Spitze von Fenerbah\u00e7e begann.<\/p>\n\n\n\n<h2 class=\"wp-block-heading\"><strong>Ein historisches Ereignis in Abu Dhabi<\/strong><\/h2>\n\n\n\n<p>Die Wahl von Abu Dhabi als Austragungsort f\u00fcr das Final Four 2025 markiert einen historischen Wendepunkt f\u00fcr die Euroleague und stellt einen wichtigen Schritt in der globalen Expansionsstrategie des Wettbewerbs dar. Die Veranstaltung bot ein neues Fan-Erlebnis und zeigte die Atmosph\u00e4re des Turniers einem vielf\u00e4ltigen Publikum. Zusammenfassend l\u00e4sst sich sagen, dass das Final Four 2025 nicht nur ein Fest des europ\u00e4ischen Basketballs war, sondern auch ein Symbol f\u00fcr die Entwicklung und Expansion des Sports weltweit.<\/p>\n<div class=\"amc-dopo-il-contenuto\" id=\"amc-1226768756\"><script type=\"text\/plain\" data-tcf=\"waiting-for-consent\" data-id=\"1033\" data-bid=\"1\">PGRpdiBpZD0iYW1jLTI1NjQ1MDk4NjYiPjxzY3JpcHQgYXN5bmMgc3JjPSIvL3BhZ2VhZDIuZ29vZ2xlc3luZGljYXRpb24uY29tL3BhZ2VhZC9qcy9hZHNieWdvb2dsZS5qcz9jbGllbnQ9Y2EtcHViLTQ0MDExNDUwMjc1MzkxMTUiIGNyb3Nzb3JpZ2luPSJhbm9ueW1vdXMiPjwvc2NyaXB0PjxpbnMgY2xhc3M9ImFkc2J5Z29vZ2xlIiBzdHlsZT0iZGlzcGxheTpibG9jazsiIGRhdGEtYWQtY2xpZW50PSJjYS1wdWItNDQwMTE0NTAyNzUzOTExNSIgCmRhdGEtYWQtc2xvdD0iIiAKZGF0YS1hZC1mb3JtYXQ9ImF1dG8iIGRhdGEtZnVsbC13aWR0aC1yZXNwb25zaXZlPSJ0cnVlIj48L2lucz4KPHNjcmlwdD4gCihhZHNieWdvb2dsZSA9IHdpbmRvdy5hZHNieWdvb2dsZSB8fCBbXSkucHVzaCh7fSk7IAo8L3NjcmlwdD4KPC9kaXY+<\/script><\/div>","protected":false},"excerpt":{"rendered":"<p>Il 25 maggio 2025, la Etihad Arena di Abu Dhabi ha ospitato una finale di Eurolega senza precedenti: per la prima volta, l&#8217;atto conclusivo della massima competizione europea si \u00e8 svolto fuori dal continente. In questa cornice suggestiva, il Fenerbah\u00e7e ha conquistato il suo secondo titolo europeo, superando l&#8217;AS Monaco con il punteggio di 81-70 [&hellip;]<\/p>","protected":false},"author":3,"featured_media":499,"comment_status":"open","ping_status":"open","sticky":false,"template":"","format":"standard","meta":{"_acf_changed":false,"footnotes":""},"categories":[1],"tags":[],"class_list":["post-498","post","type-post","status-publish","format-standard","has-post-thumbnail","hentry","category-notizie-e-aggiornamenti"],"acf":[],"_links":{"self":[{"href":"https:\/\/aspettandomilanocortina2026.it\/de\/wp-json\/wp\/v2\/posts\/498","targetHints":{"allow":["GET"]}}],"collection":[{"href":"https:\/\/aspettandomilanocortina2026.it\/de\/wp-json\/wp\/v2\/posts"}],"about":[{"href":"https:\/\/aspettandomilanocortina2026.it\/de\/wp-json\/wp\/v2\/types\/post"}],"author":[{"embeddable":true,"href":"https:\/\/aspettandomilanocortina2026.it\/de\/wp-json\/wp\/v2\/users\/3"}],"replies":[{"embeddable":true,"href":"https:\/\/aspettandomilanocortina2026.it\/de\/wp-json\/wp\/v2\/comments?post=498"}],"version-history":[{"count":2,"href":"https:\/\/aspettandomilanocortina2026.it\/de\/wp-json\/wp\/v2\/posts\/498\/revisions"}],"predecessor-version":[{"id":504,"href":"https:\/\/aspettandomilanocortina2026.it\/de\/wp-json\/wp\/v2\/posts\/498\/revisions\/504"}],"wp:featuredmedia":[{"embeddable":true,"href":"https:\/\/aspettandomilanocortina2026.it\/de\/wp-json\/wp\/v2\/media\/499"}],"wp:attachment":[{"href":"https:\/\/aspettandomilanocortina2026.it\/de\/wp-json\/wp\/v2\/media?parent=498"}],"wp:term":[{"taxonomy":"category","embeddable":true,"href":"https:\/\/aspettandomilanocortina2026.it\/de\/wp-json\/wp\/v2\/categories?post=498"},{"taxonomy":"post_tag","embeddable":true,"href":"https:\/\/aspettandomilanocortina2026.it\/de\/wp-json\/wp\/v2\/tags?post=498"}],"curies":[{"name":"wp","href":"https:\/\/api.w.org\/{rel}","templated":true}]}}