{"id":489,"date":"2025-05-23T12:58:54","date_gmt":"2025-05-23T11:58:54","guid":{"rendered":"https:\/\/aspettandomilanocortina2026.it\/?p=489"},"modified":"2025-05-23T12:59:04","modified_gmt":"2025-05-23T11:59:04","slug":"geschichten-von-paralympischer-erlosung-wenn-sport-das-leben-verandert","status":"publish","type":"post","link":"https:\/\/aspettandomilanocortina2026.it\/de\/geschichten-von-paralympischer-erlosung-wenn-sport-das-leben-verandert\/","title":{"rendered":"Geschichten von paralympischer Erl\u00f6sung: Wenn Sport das Leben ver\u00e4ndert"},"content":{"rendered":"<script type=\"text\/plain\" data-tcf=\"waiting-for-consent\" data-id=\"1033\" data-bid=\"1\" data-placement=\"1034\">PGRpdiBpZD0iYW1jLTI2NTYwOTc3MDMiIGNsYXNzPSJhbWMtcHJpbWEtZGVsLWNvbnRlbnV0byI+PHNjcmlwdCBhc3luYyBzcmM9Ii8vcGFnZWFkMi5nb29nbGVzeW5kaWNhdGlvbi5jb20vcGFnZWFkL2pzL2Fkc2J5Z29vZ2xlLmpzP2NsaWVudD1jYS1wdWItNDQwMTE0NTAyNzUzOTExNSIgY3Jvc3NvcmlnaW49ImFub255bW91cyI+PC9zY3JpcHQ+PGlucyBjbGFzcz0iYWRzYnlnb29nbGUiIHN0eWxlPSJkaXNwbGF5OmJsb2NrOyIgZGF0YS1hZC1jbGllbnQ9ImNhLXB1Yi00NDAxMTQ1MDI3NTM5MTE1IiAKZGF0YS1hZC1zbG90PSIiIApkYXRhLWFkLWZvcm1hdD0iYXV0byIgZGF0YS1mdWxsLXdpZHRoLXJlc3BvbnNpdmU9InRydWUiPjwvaW5zPgo8c2NyaXB0PiAKKGFkc2J5Z29vZ2xlID0gd2luZG93LmFkc2J5Z29vZ2xlIHx8IFtdKS5wdXNoKHt9KTsgCjwvc2NyaXB0Pgo8L2Rpdj4=<\/script>\n<p>Es gibt einen Raum an der Grenze zwischen Entschlossenheit und Tr\u00e4umen, in dem Barrieren niedergerissen und Grenzen zu Horizonten werden: Dort bewegt sich der paralympische Geist. Hinter jeder Medaille, hinter jeder Ziellinie, die mit Tr\u00e4nen in den Augen und vor Anstrengung angespannten Muskeln \u00fcberquert wird, steht eine Geschichte. Eine Geschichte der Wiedergutmachung. Von Mut. Von Wiedergeburt.<\/p><script type=\"text\/plain\" data-tcf=\"waiting-for-consent\" data-id=\"1037\" data-bid=\"1\" data-placement=\"726\">PGRpdiBpZD0iYW1jLTMzODIxMDExMDgiIGNsYXNzPSJhbWMtcG9zdC1jb250ZW50IiBzdHlsZT0ibWFyZ2luLWxlZnQ6IGF1dG87bWFyZ2luLXJpZ2h0OiBhdXRvO3RleHQtYWxpZ246IGNlbnRlcjsiPjxzY3JpcHQgYXN5bmMgc3JjPSIvL3BhZ2VhZDIuZ29vZ2xlc3luZGljYXRpb24uY29tL3BhZ2VhZC9qcy9hZHNieWdvb2dsZS5qcz9jbGllbnQ9Y2EtcHViLTQ0MDExNDUwMjc1MzkxMTUiIGNyb3Nzb3JpZ2luPSJhbm9ueW1vdXMiPjwvc2NyaXB0PjxpbnMgY2xhc3M9ImFkc2J5Z29vZ2xlIiBzdHlsZT0iZGlzcGxheTpibG9jazsiIGRhdGEtYWQtY2xpZW50PSJjYS1wdWItNDQwMTE0NTAyNzUzOTExNSIgCmRhdGEtYWQtc2xvdD0iODAyMDU4Mzc5MyIgCmRhdGEtYWQtZm9ybWF0PSJhdXRvIiBkYXRhLWZ1bGwtd2lkdGgtcmVzcG9uc2l2ZT0idHJ1ZSI+PC9pbnM+CjxzY3JpcHQ+IAooYWRzYnlnb29nbGUgPSB3aW5kb3cuYWRzYnlnb29nbGUgfHwgW10pLnB1c2goe30pOyAKPC9zY3JpcHQ+CjwvZGl2PjxiciBzdHlsZT0iY2xlYXI6IGJvdGg7IGRpc3BsYXk6IGJsb2NrOyBmbG9hdDogbm9uZTsiLz4=<\/script>\n\n\n\n<p><strong>Die transformative Kraft des paralympischen Sports<\/strong><\/p><script type=\"text\/plain\" data-tcf=\"waiting-for-consent\" data-id=\"1033\" data-bid=\"1\" data-placement=\"985\">PGRpdiBpZD0iYW1jLTMyMzk1MzM3MTQiIGNsYXNzPSJhbWMtbWgtbWlkIj48c2NyaXB0IGFzeW5jIHNyYz0iLy9wYWdlYWQyLmdvb2dsZXN5bmRpY2F0aW9uLmNvbS9wYWdlYWQvanMvYWRzYnlnb29nbGUuanM\/Y2xpZW50PWNhLXB1Yi00NDAxMTQ1MDI3NTM5MTE1IiBjcm9zc29yaWdpbj0iYW5vbnltb3VzIj48L3NjcmlwdD48aW5zIGNsYXNzPSJhZHNieWdvb2dsZSIgc3R5bGU9ImRpc3BsYXk6YmxvY2s7IiBkYXRhLWFkLWNsaWVudD0iY2EtcHViLTQ0MDExNDUwMjc1MzkxMTUiIApkYXRhLWFkLXNsb3Q9IiIgCmRhdGEtYWQtZm9ybWF0PSJhdXRvIiBkYXRhLWZ1bGwtd2lkdGgtcmVzcG9uc2l2ZT0idHJ1ZSI+PC9pbnM+CjxzY3JpcHQ+IAooYWRzYnlnb29nbGUgPSB3aW5kb3cuYWRzYnlnb29nbGUgfHwgW10pLnB1c2goe30pOyAKPC9zY3JpcHQ+CjwvZGl2Pg==<\/script>\n\n\n\n<p>Paralympischer Sport ist nicht einfach nur ein Wettbewerb. Er ist ein Akt der pers\u00f6nlichen Best\u00e4tigung, eine Form des Widerstands. F\u00fcr viele Athleten ist er der Weg, nach einem Trauma, einer Krankheit oder einem Zustand, den die Gesellschaft immer noch als Einschr\u00e4nkung betrachtet, zu sich selbst zu finden.<\/p>\n\n\n\n<p>In Disziplinen wie <strong>Paralympischer Ski Alpin<\/strong>die <strong>Para-Eishockey<\/strong> oder die <strong>Paralympischer Biathlon<\/strong>sehen wir Athleten, die nicht nur Wettk\u00e4mpfe bestreiten, sondern ein ganzes kulturelles Narrativ in Frage stellen. Sie zeigen, dass der K\u00f6rper sich anpassen und neu erfinden kann und dass die st\u00e4rkste Kraft im Geist liegt.<\/p>\n\n\n\n<p><strong>Geschichten, die die Welt inspirieren<\/strong><\/p>\n\n\n\n<p><strong>Sofia, die Snowboardmeisterin<\/strong><\/p>\n\n\n\n<p>Sofia, 28, verlor ihr rechtes Bein bei einem Autounfall. Nach monatelanger Physiotherapie und Depressionen stieg sie zum ersten Mal auf ein Snowboard. Heute geh\u00f6rt sie zu den Favoritinnen f\u00fcr Mailand Cortina 2026 in der Kategorie <strong>Paralympisches Snowboarding<\/strong>. \"Zuerst dachte ich, ich h\u00e4tte keine Zukunft mehr\", erz\u00e4hlte er. \"Dann wurde mir klar, dass ich nur meine Perspektive \u00e4ndern musste.<\/p>\n\n\n\n<p><strong>Ahmed und Skilanglauf<\/strong><\/p>\n\n\n\n<p>Ahmed kam als Fl\u00fcchtling nach Italien. Nachdem er durch eine Landmine den Gebrauch seiner Beine verloren hatte, wurde er von einem Sportverein aufgenommen. Er entdeckte die <strong>Paralympischer Skilanglauf<\/strong> Heute trainiert er auf den Pisten von Val di Fiemme und ist bereit, ein neues Land mit Stolz zu vertreten.<\/p>\n\n\n\n<p><strong>Luca und die Wiedergutmachung des Teams<\/strong><\/p>\n\n\n\n<p>Luca, der mit einer Fehlbildung der unteren Gliedma\u00dfen geboren wurde, ist eine der St\u00fctzen der <strong>Italienisches Para-Eishockey<\/strong>. Im Alter von 16 Jahren war er ein Au\u00dfenseiter, ohne Sport und Freunde. Heute, im Alter von 30 Jahren, ist er eine nationale Fahne. \"Ich bin nicht an Mitleid interessiert. Ich will Respekt. Und auf dem Eis bekomme ich ihn.\"<\/p>\n\n\n\n<p><strong>Die Rolle der Paralympischen Spiele Mailand Cortina 2026<\/strong><\/p>\n\n\n\n<p>Die Paralympischen Spiele in <strong>Mailand Cortina 2026<\/strong> sind viel mehr als nur ein Sportereignis. Sie sind eine Feier des Talents, der Inklusion und der inneren St\u00e4rke. In Italien w\u00e4chst die paralympische Bewegung, zum Teil dank der Unterst\u00fctzung von Schulen, Sportverb\u00e4nden und Medien, die beginnen, diese Geschichten im richtigen Ton zu erz\u00e4hlen: nicht als \"Wunder\", sondern als echte Reisen, die aus harter Arbeit, Schwei\u00df, St\u00fcrzen und Neuanf\u00e4ngen bestehen.<\/p>\n\n\n\n<p>Die Einrichtungen werden vollst\u00e4ndig zug\u00e4nglich sein, die olympischen D\u00f6rfer sind f\u00fcr alle Bed\u00fcrfnisse ausgelegt, und die Medienberichterstattung wird der Spannung des Wettkampfs entsprechen.<\/p>\n\n\n\n<p><strong>Wie kann man unterst\u00fctzen und teilnehmen?<\/strong><\/p>\n\n\n\n<ul class=\"wp-block-list\">\n<li>Sie k\u00f6nnen <strong>sich freiwillig melden<\/strong> f\u00fcr die Paralympics 2026: eine der menschlichsten und bedeutungsvollsten Erfahrungen, wo man Teil der Ver\u00e4nderung sein kann.<\/li>\n\n\n\n<li>Sie k\u00f6nnen <strong>Verfolgen Sie die Rennen<\/strong>Tickets kaufen und die Sportler direkt auf der Trib\u00fcne unterst\u00fctzen.<\/li>\n\n\n\n<li>Sie k\u00f6nnen <strong>ihre Geschichten verbreiten<\/strong>Aufkl\u00e4rung von Freunden, Studenten und Kollegen \u00fcber die Kultur der Integration durch Sport.<\/li>\n<\/ul>\n\n\n\n<p><strong>Jenseits des Rennens: eine universelle Botschaft<\/strong><\/p>\n\n\n\n<p>Jeder paralympische Sportler ist ein Zeuge der Resilienz. Sie erinnern uns daran, dass der Mensch auch nach tiefstem Schmerz wieder aufbl\u00fchen kann. Ihre Geschichten sind Leuchtt\u00fcrme in einer oft dunklen Zeit, und Mailand-Cortina 2026 wird die perfekte B\u00fchne sein, um sie der Welt zu zeigen. <strong>Denn der wahre Triumph besteht nicht nur darin, Gold zu gewinnen, sondern wiedergeboren zu werden, als es unm\u00f6glich schien.<\/strong><\/p>\n<div class=\"amc-dopo-il-contenuto\" id=\"amc-2665811931\"><script type=\"text\/plain\" data-tcf=\"waiting-for-consent\" data-id=\"1033\" data-bid=\"1\">PGRpdiBpZD0iYW1jLTYzMzQ2NjAzMCI+PHNjcmlwdCBhc3luYyBzcmM9Ii8vcGFnZWFkMi5nb29nbGVzeW5kaWNhdGlvbi5jb20vcGFnZWFkL2pzL2Fkc2J5Z29vZ2xlLmpzP2NsaWVudD1jYS1wdWItNDQwMTE0NTAyNzUzOTExNSIgY3Jvc3NvcmlnaW49ImFub255bW91cyI+PC9zY3JpcHQ+PGlucyBjbGFzcz0iYWRzYnlnb29nbGUiIHN0eWxlPSJkaXNwbGF5OmJsb2NrOyIgZGF0YS1hZC1jbGllbnQ9ImNhLXB1Yi00NDAxMTQ1MDI3NTM5MTE1IiAKZGF0YS1hZC1zbG90PSIiIApkYXRhLWFkLWZvcm1hdD0iYXV0byIgZGF0YS1mdWxsLXdpZHRoLXJlc3BvbnNpdmU9InRydWUiPjwvaW5zPgo8c2NyaXB0PiAKKGFkc2J5Z29vZ2xlID0gd2luZG93LmFkc2J5Z29vZ2xlIHx8IFtdKS5wdXNoKHt9KTsgCjwvc2NyaXB0Pgo8L2Rpdj4=<\/script><\/div>","protected":false},"excerpt":{"rendered":"<p>C\u2019\u00e8 uno spazio, al confine tra determinazione e sogno, dove le barriere si spezzano e i limiti diventano orizzonti: \u00e8 l\u00ec che si muove lo spirito paralimpico. Dietro ogni medaglia, dietro ogni traguardo tagliato con le lacrime agli occhi e i muscoli tesi dallo sforzo, c\u2019\u00e8 una storia. Una storia di riscatto. Di coraggio. Di [&hellip;]<\/p>","protected":false},"author":3,"featured_media":490,"comment_status":"open","ping_status":"open","sticky":false,"template":"","format":"standard","meta":{"_acf_changed":false,"footnotes":""},"categories":[9,2,1],"tags":[],"class_list":["post-489","post","type-post","status-publish","format-standard","has-post-thumbnail","hentry","category-paralimpiadi","category-atleti-e-squadre","category-notizie-e-aggiornamenti"],"acf":[],"_links":{"self":[{"href":"https:\/\/aspettandomilanocortina2026.it\/de\/wp-json\/wp\/v2\/posts\/489","targetHints":{"allow":["GET"]}}],"collection":[{"href":"https:\/\/aspettandomilanocortina2026.it\/de\/wp-json\/wp\/v2\/posts"}],"about":[{"href":"https:\/\/aspettandomilanocortina2026.it\/de\/wp-json\/wp\/v2\/types\/post"}],"author":[{"embeddable":true,"href":"https:\/\/aspettandomilanocortina2026.it\/de\/wp-json\/wp\/v2\/users\/3"}],"replies":[{"embeddable":true,"href":"https:\/\/aspettandomilanocortina2026.it\/de\/wp-json\/wp\/v2\/comments?post=489"}],"version-history":[{"count":3,"href":"https:\/\/aspettandomilanocortina2026.it\/de\/wp-json\/wp\/v2\/posts\/489\/revisions"}],"predecessor-version":[{"id":497,"href":"https:\/\/aspettandomilanocortina2026.it\/de\/wp-json\/wp\/v2\/posts\/489\/revisions\/497"}],"wp:featuredmedia":[{"embeddable":true,"href":"https:\/\/aspettandomilanocortina2026.it\/de\/wp-json\/wp\/v2\/media\/490"}],"wp:attachment":[{"href":"https:\/\/aspettandomilanocortina2026.it\/de\/wp-json\/wp\/v2\/media?parent=489"}],"wp:term":[{"taxonomy":"category","embeddable":true,"href":"https:\/\/aspettandomilanocortina2026.it\/de\/wp-json\/wp\/v2\/categories?post=489"},{"taxonomy":"post_tag","embeddable":true,"href":"https:\/\/aspettandomilanocortina2026.it\/de\/wp-json\/wp\/v2\/tags?post=489"}],"curies":[{"name":"wp","href":"https:\/\/api.w.org\/{rel}","templated":true}]}}