{"id":483,"date":"2025-05-22T13:10:10","date_gmt":"2025-05-22T12:10:10","guid":{"rendered":"https:\/\/aspettandomilanocortina2026.it\/?p=483"},"modified":"2025-05-22T13:36:48","modified_gmt":"2025-05-22T12:36:48","slug":"das-maskottchen-von-mailand-cortina-2026-die-geschichte-der-zwei-herzen-aus-eis-die-die-zukunft-erzahlen","status":"publish","type":"post","link":"https:\/\/aspettandomilanocortina2026.it\/de\/das-maskottchen-von-mailand-cortina-2026-die-geschichte-der-zwei-herzen-aus-eis-die-die-zukunft-erzahlen\/","title":{"rendered":"Maskottchen Milan Cortina 2026: Die Geschichte der beiden Eisherzen, die die Zukunft erz\u00e4hlen"},"content":{"rendered":"<script type=\"text\/plain\" data-tcf=\"waiting-for-consent\" data-id=\"1033\" data-bid=\"1\" data-placement=\"1034\">PGRpdiBpZD0iYW1jLTMzNjU2ODg5ODMiIGNsYXNzPSJhbWMtcHJpbWEtZGVsLWNvbnRlbnV0byI+PHNjcmlwdCBhc3luYyBzcmM9Ii8vcGFnZWFkMi5nb29nbGVzeW5kaWNhdGlvbi5jb20vcGFnZWFkL2pzL2Fkc2J5Z29vZ2xlLmpzP2NsaWVudD1jYS1wdWItNDQwMTE0NTAyNzUzOTExNSIgY3Jvc3NvcmlnaW49ImFub255bW91cyI+PC9zY3JpcHQ+PGlucyBjbGFzcz0iYWRzYnlnb29nbGUiIHN0eWxlPSJkaXNwbGF5OmJsb2NrOyIgZGF0YS1hZC1jbGllbnQ9ImNhLXB1Yi00NDAxMTQ1MDI3NTM5MTE1IiAKZGF0YS1hZC1zbG90PSIiIApkYXRhLWFkLWZvcm1hdD0iYXV0byIgZGF0YS1mdWxsLXdpZHRoLXJlc3BvbnNpdmU9InRydWUiPjwvaW5zPgo8c2NyaXB0PiAKKGFkc2J5Z29vZ2xlID0gd2luZG93LmFkc2J5Z29vZ2xlIHx8IFtdKS5wdXNoKHt9KTsgCjwvc2NyaXB0Pgo8L2Rpdj4=<\/script>\n<p>Bei den Olympischen Spielen und Paralympics geht es nicht nur um Sport, Medaillen und Rekorde, sondern auch um Emotionen, Symbole und Identit\u00e4t. Und unter diesen sind die <strong>Maskottchen<\/strong> nehmen einen besonderen Platz ein. F\u00fcr <strong>Mailand Cortina 2026<\/strong>wurde der Staffelstab der olympischen Geschichte zwei ebenso einfachen wie starken Figuren anvertraut: <strong>Tina und Milo<\/strong>, <strong>zwei Herzen aus Eis<\/strong> die die Seele der Italienischen Spiele darstellen.<\/p><script type=\"text\/plain\" data-tcf=\"waiting-for-consent\" data-id=\"1037\" data-bid=\"1\" data-placement=\"726\">PGRpdiBpZD0iYW1jLTM0NjI0MDg1NjEiIGNsYXNzPSJhbWMtcG9zdC1jb250ZW50IiBzdHlsZT0ibWFyZ2luLWxlZnQ6IGF1dG87bWFyZ2luLXJpZ2h0OiBhdXRvO3RleHQtYWxpZ246IGNlbnRlcjsiPjxzY3JpcHQgYXN5bmMgc3JjPSIvL3BhZ2VhZDIuZ29vZ2xlc3luZGljYXRpb24uY29tL3BhZ2VhZC9qcy9hZHNieWdvb2dsZS5qcz9jbGllbnQ9Y2EtcHViLTQ0MDExNDUwMjc1MzkxMTUiIGNyb3Nzb3JpZ2luPSJhbm9ueW1vdXMiPjwvc2NyaXB0PjxpbnMgY2xhc3M9ImFkc2J5Z29vZ2xlIiBzdHlsZT0iZGlzcGxheTpibG9jazsiIGRhdGEtYWQtY2xpZW50PSJjYS1wdWItNDQwMTE0NTAyNzUzOTExNSIgCmRhdGEtYWQtc2xvdD0iODAyMDU4Mzc5MyIgCmRhdGEtYWQtZm9ybWF0PSJhdXRvIiBkYXRhLWZ1bGwtd2lkdGgtcmVzcG9uc2l2ZT0idHJ1ZSI+PC9pbnM+CjxzY3JpcHQ+IAooYWRzYnlnb29nbGUgPSB3aW5kb3cuYWRzYnlnb29nbGUgfHwgW10pLnB1c2goe30pOyAKPC9zY3JpcHQ+CjwvZGl2PjxiciBzdHlsZT0iY2xlYXI6IGJvdGg7IGRpc3BsYXk6IGJsb2NrOyBmbG9hdDogbm9uZTsiLz4=<\/script>\n\n\n\n<p><strong>Wer hat die Maskottchen von Mailand Cortina 2026 entworfen?<\/strong><\/p><script type=\"text\/plain\" data-tcf=\"waiting-for-consent\" data-id=\"1033\" data-bid=\"1\" data-placement=\"985\">PGRpdiBpZD0iYW1jLTMyNjY2MTk2NDciIGNsYXNzPSJhbWMtbWgtbWlkIj48c2NyaXB0IGFzeW5jIHNyYz0iLy9wYWdlYWQyLmdvb2dsZXN5bmRpY2F0aW9uLmNvbS9wYWdlYWQvanMvYWRzYnlnb29nbGUuanM\/Y2xpZW50PWNhLXB1Yi00NDAxMTQ1MDI3NTM5MTE1IiBjcm9zc29yaWdpbj0iYW5vbnltb3VzIj48L3NjcmlwdD48aW5zIGNsYXNzPSJhZHNieWdvb2dsZSIgc3R5bGU9ImRpc3BsYXk6YmxvY2s7IiBkYXRhLWFkLWNsaWVudD0iY2EtcHViLTQ0MDExNDUwMjc1MzkxMTUiIApkYXRhLWFkLXNsb3Q9IiIgCmRhdGEtYWQtZm9ybWF0PSJhdXRvIiBkYXRhLWZ1bGwtd2lkdGgtcmVzcG9uc2l2ZT0idHJ1ZSI+PC9pbnM+CjxzY3JpcHQ+IAooYWRzYnlnb29nbGUgPSB3aW5kb3cuYWRzYnlnb29nbGUgfHwgW10pLnB1c2goe30pOyAKPC9zY3JpcHQ+CjwvZGl2Pg==<\/script>\n\n\n\n<p>Die gro\u00dfe Besonderheit der Maskottchen f\u00fcr 2026 ist, dass <strong>nicht in einem kreativen Werbestudio geboren wurden<\/strong>sondern sind das Ergebnis einer kollektiven Idee, <strong>geboren zwischen Schulb\u00e4nken<\/strong>. Das Projekt wurde im Rahmen eines vom Ministerium f\u00fcr Bildung, Universit\u00e4t und Forschung gef\u00f6rderten nationalen Wettbewerbs entwickelt, an dem <strong>\u00fcber 1.600 italienische Schulen<\/strong>. Der Gewinner war der<strong>Istituto Comprensivo Sabin di Segrate<\/strong>in der Provinz Mailand, mit einer ebenso originellen wie symbolischen Idee: <strong>Zwei Herzen aus Eis werden zum Leben erweckt und erz\u00e4hlen von den Werten des Sports<\/strong>.<\/p>\n\n\n\n<p>Das Konzept wurde dann von der Agentur grafisch umgesetzt <strong>Landor &amp; Fitch<\/strong>das dem Geist des Schulprojekts treu geblieben ist und die Einfachheit der Linien, die Lebendigkeit der Farben und die universelle Botschaft beibehalten hat.<\/p>\n\n\n\n<p><strong>Wer sind Tina und Milo?<\/strong><\/p>\n\n\n\n<ul class=\"wp-block-list\">\n<li><strong>Tina<\/strong>, Maskottchen der <strong>Olympische Spiele<\/strong>Sie ist energisch, dynamisch, vertr\u00e4umt. Sie steht f\u00fcr Eis, das zu Bewegung, Geschwindigkeit und Entschlossenheit wird.<\/li>\n\n\n\n<li><strong>Milo<\/strong>, Maskottchen der <strong>Paralympics<\/strong>Sie ist nachdenklich, hartn\u00e4ckig und integrativ. Es ist Eis, das sich in Widerstandsf\u00e4higkeit, Fokus und Hoffnung verwandelt.<\/li>\n<\/ul>\n\n\n\n<p>Beide ergeben sich aus <strong>Eisfragmente<\/strong> die dank der Energie des Sports und der Jugend zum Leben erwachen. Ihre Farben sind von italienischen Landschaften inspiriert: schneebedeckte Berge, Alpenseen und der klare Himmel des Nordens.<\/p>\n\n\n\n<p><strong>Welchen Zweck erf\u00fcllen die olympischen Maskottchen?<\/strong><\/p>\n\n\n\n<p>Maskottchen sind nicht nur \"niedliche Puppen\", sondern <strong>Botschafter der olympischen Werte<\/strong>Sie stehen f\u00fcr Freude, Freundschaft, Frieden und die Universalit\u00e4t des Sports. Sie sprechen Kinder an, aber auch Erwachsene, Familien, Zuschauer aus der Ferne und diejenigen, die die Olympischen Spiele als einen Moment der globalen Einheit betrachten.<\/p>\n\n\n\n<p>Tina und Milo wurden auch f\u00fcr die digitale Interaktion konzipiert, mit <strong>animierte Versionen<\/strong>, <strong>sozialer Inhalt<\/strong>, <strong>Aufkleber<\/strong>, <strong>filtert<\/strong>, <strong>Gadgets<\/strong>und sogar <strong>eine erz\u00e4hlende Stimme<\/strong> in Werbevideos. Dar\u00fcber hinaus stehen sie im Mittelpunkt der <strong>Bildungsaktivit\u00e4ten<\/strong> die vom Organisationskomitee f\u00fcr italienische Schulen gef\u00f6rdert werden.<\/p>\n\n\n\n<p><strong>Interessante Fakten \u00fcber die Maskottchen von Mailand Cortina 2026<\/strong><\/p>\n\n\n\n<ul class=\"wp-block-list\">\n<li><strong>Sie sind die ersten olympischen Maskottchen, die von Studenten entworfen wurden<\/strong> und in einem nationalen partizipativen Prozess ausgew\u00e4hlt.<\/li>\n\n\n\n<li>Das Herz des Eises ist ein <strong>Symbol der Dualit\u00e4t<\/strong>St\u00e4rke und Zerbrechlichkeit, Bewegung und Reflexion.<\/li>\n\n\n\n<li>Die Maskottchen haben <strong>eine spezielle App<\/strong> wo sie durch Quiz, Spiele und Augmented-Reality-Inhalte mit dem Publikum interagieren werden.<\/li>\n\n\n\n<li>Jedes Maskottchen tr\u00e4gt ein <strong>Buntes Halstuch<\/strong> symbolisiert die Verbindung zwischen den beiden Seelen der Spiele: Olympisch und Paralympisch.<\/li>\n\n\n\n<li>Maskottchen sind auch die Protagonisten einer <strong>internationale Bildungskampagne<\/strong>das mit Hilfe von animierten M\u00e4rchen den Wert der Integration vermittelt.<\/li>\n<\/ul>\n\n\n\n<p><strong>Eine Botschaft f\u00fcr die Zukunft<\/strong> Tina und Milo sind nicht nur Maskottchen: Sie sind <strong>Boten eines Italiens, das tr\u00e4umt und willkommen hei\u00dft<\/strong>mit Begeisterung und Bewusstsein in die Zukunft blicken. In einer Welt, in der jede Geste eine gr\u00f6\u00dfere Bedeutung hat, tragen die Maskottchen der Spiele 2026 die Hoffnung in sich, dass <strong>Sport kann verbinden, inspirieren und Br\u00fccken zwischen Generationen und Kulturen bauen<\/strong>.<\/p>\n<div class=\"amc-dopo-il-contenuto\" id=\"amc-3895122900\"><script type=\"text\/plain\" data-tcf=\"waiting-for-consent\" data-id=\"1033\" data-bid=\"1\">PGRpdiBpZD0iYW1jLTMxMjM0MTE3NDMiPjxzY3JpcHQgYXN5bmMgc3JjPSIvL3BhZ2VhZDIuZ29vZ2xlc3luZGljYXRpb24uY29tL3BhZ2VhZC9qcy9hZHNieWdvb2dsZS5qcz9jbGllbnQ9Y2EtcHViLTQ0MDExNDUwMjc1MzkxMTUiIGNyb3Nzb3JpZ2luPSJhbm9ueW1vdXMiPjwvc2NyaXB0PjxpbnMgY2xhc3M9ImFkc2J5Z29vZ2xlIiBzdHlsZT0iZGlzcGxheTpibG9jazsiIGRhdGEtYWQtY2xpZW50PSJjYS1wdWItNDQwMTE0NTAyNzUzOTExNSIgCmRhdGEtYWQtc2xvdD0iIiAKZGF0YS1hZC1mb3JtYXQ9ImF1dG8iIGRhdGEtZnVsbC13aWR0aC1yZXNwb25zaXZlPSJ0cnVlIj48L2lucz4KPHNjcmlwdD4gCihhZHNieWdvb2dsZSA9IHdpbmRvdy5hZHNieWdvb2dsZSB8fCBbXSkucHVzaCh7fSk7IAo8L3NjcmlwdD4KPC9kaXY+<\/script><\/div>","protected":false},"excerpt":{"rendered":"<p>Le Olimpiadi e Paralimpiadi non sono solo sport, medaglie e record: sono anche emozione, simboli e identit\u00e0. E tra questi, le mascotte occupano un posto speciale. Per Milano Cortina 2026, il testimone del racconto olimpico \u00e8 stato affidato a due personaggi tanto semplici quanto potenti: Tina e Milo, due cuori di ghiaccio che rappresentano l\u2019anima [&hellip;]<\/p>","protected":false},"author":3,"featured_media":484,"comment_status":"open","ping_status":"open","sticky":false,"template":"","format":"standard","meta":{"_acf_changed":false,"footnotes":""},"categories":[1,4,5,7,9],"tags":[],"class_list":["post-483","post","type-post","status-publish","format-standard","has-post-thumbnail","hentry","category-notizie-e-aggiornamenti","category-dietro-le-quinte","category-guida-per-i-tifosi","category-milano-e-cortina","category-paralimpiadi"],"acf":[],"_links":{"self":[{"href":"https:\/\/aspettandomilanocortina2026.it\/de\/wp-json\/wp\/v2\/posts\/483","targetHints":{"allow":["GET"]}}],"collection":[{"href":"https:\/\/aspettandomilanocortina2026.it\/de\/wp-json\/wp\/v2\/posts"}],"about":[{"href":"https:\/\/aspettandomilanocortina2026.it\/de\/wp-json\/wp\/v2\/types\/post"}],"author":[{"embeddable":true,"href":"https:\/\/aspettandomilanocortina2026.it\/de\/wp-json\/wp\/v2\/users\/3"}],"replies":[{"embeddable":true,"href":"https:\/\/aspettandomilanocortina2026.it\/de\/wp-json\/wp\/v2\/comments?post=483"}],"version-history":[{"count":3,"href":"https:\/\/aspettandomilanocortina2026.it\/de\/wp-json\/wp\/v2\/posts\/483\/revisions"}],"predecessor-version":[{"id":488,"href":"https:\/\/aspettandomilanocortina2026.it\/de\/wp-json\/wp\/v2\/posts\/483\/revisions\/488"}],"wp:featuredmedia":[{"embeddable":true,"href":"https:\/\/aspettandomilanocortina2026.it\/de\/wp-json\/wp\/v2\/media\/484"}],"wp:attachment":[{"href":"https:\/\/aspettandomilanocortina2026.it\/de\/wp-json\/wp\/v2\/media?parent=483"}],"wp:term":[{"taxonomy":"category","embeddable":true,"href":"https:\/\/aspettandomilanocortina2026.it\/de\/wp-json\/wp\/v2\/categories?post=483"},{"taxonomy":"post_tag","embeddable":true,"href":"https:\/\/aspettandomilanocortina2026.it\/de\/wp-json\/wp\/v2\/tags?post=483"}],"curies":[{"name":"wp","href":"https:\/\/api.w.org\/{rel}","templated":true}]}}