{"id":462,"date":"2025-05-18T21:12:58","date_gmt":"2025-05-18T20:12:58","guid":{"rendered":"https:\/\/aspettandomilanocortina2026.it\/?p=462"},"modified":"2025-05-18T21:14:02","modified_gmt":"2025-05-18T20:14:02","slug":"carlos-alcaraz-triumphiert-bei-den-internationals-of-italy-2025-der-junge-spanier-besiegt-jannik-sinner-im-finale","status":"publish","type":"post","link":"https:\/\/aspettandomilanocortina2026.it\/de\/carlos-alcaraz-triumphiert-bei-den-internationals-of-italy-2025-der-junge-spanier-besiegt-jannik-sinner-im-finale\/","title":{"rendered":"Carlos Alcaraz triumphiert bei den Internazionali d'Italia 2025: Der junge Spanier besiegt Jannik Sinner im Finale"},"content":{"rendered":"<script type=\"text\/plain\" data-tcf=\"waiting-for-consent\" data-id=\"1033\" data-bid=\"1\" data-placement=\"1034\">PGRpdiBpZD0iYW1jLTIzMTIyNDkyOTAiIGNsYXNzPSJhbWMtcHJpbWEtZGVsLWNvbnRlbnV0byI+PHNjcmlwdCBhc3luYyBzcmM9Ii8vcGFnZWFkMi5nb29nbGVzeW5kaWNhdGlvbi5jb20vcGFnZWFkL2pzL2Fkc2J5Z29vZ2xlLmpzP2NsaWVudD1jYS1wdWItNDQwMTE0NTAyNzUzOTExNSIgY3Jvc3NvcmlnaW49ImFub255bW91cyI+PC9zY3JpcHQ+PGlucyBjbGFzcz0iYWRzYnlnb29nbGUiIHN0eWxlPSJkaXNwbGF5OmJsb2NrOyIgZGF0YS1hZC1jbGllbnQ9ImNhLXB1Yi00NDAxMTQ1MDI3NTM5MTE1IiAKZGF0YS1hZC1zbG90PSIiIApkYXRhLWFkLWZvcm1hdD0iYXV0byIgZGF0YS1mdWxsLXdpZHRoLXJlc3BvbnNpdmU9InRydWUiPjwvaW5zPgo8c2NyaXB0PiAKKGFkc2J5Z29vZ2xlID0gd2luZG93LmFkc2J5Z29vZ2xlIHx8IFtdKS5wdXNoKHt9KTsgCjwvc2NyaXB0Pgo8L2Rpdj4=<\/script>\n<p>Am Abend des 18. Mai 2025 kam es im Foro Italico in Rom zu einem atemberaubenden Finale zwischen Carlos Alcaraz und Jannik Sinner. Der junge Spanier gewann seinen ersten Titel bei den Internazionali d'Italia, indem er den Weltranglistenersten mit 7-6(5), 6-1 bezwang. Dieser Sieg unterbrach Sinners Serie von 26 Siegen in Folge und st\u00e4rkte Alcaraz' Position als einer der Hauptanw\u00e4rter f\u00fcr den n\u00e4chsten Roland Garros.<\/p><script type=\"text\/plain\" data-tcf=\"waiting-for-consent\" data-id=\"1037\" data-bid=\"1\" data-placement=\"726\">PGRpdiBpZD0iYW1jLTc4NzU4NzAyOSIgY2xhc3M9ImFtYy1wb3N0LWNvbnRlbnQiIHN0eWxlPSJtYXJnaW4tbGVmdDogYXV0bzttYXJnaW4tcmlnaHQ6IGF1dG87dGV4dC1hbGlnbjogY2VudGVyOyI+PHNjcmlwdCBhc3luYyBzcmM9Ii8vcGFnZWFkMi5nb29nbGVzeW5kaWNhdGlvbi5jb20vcGFnZWFkL2pzL2Fkc2J5Z29vZ2xlLmpzP2NsaWVudD1jYS1wdWItNDQwMTE0NTAyNzUzOTExNSIgY3Jvc3NvcmlnaW49ImFub255bW91cyI+PC9zY3JpcHQ+PGlucyBjbGFzcz0iYWRzYnlnb29nbGUiIHN0eWxlPSJkaXNwbGF5OmJsb2NrOyIgZGF0YS1hZC1jbGllbnQ9ImNhLXB1Yi00NDAxMTQ1MDI3NTM5MTE1IiAKZGF0YS1hZC1zbG90PSI4MDIwNTgzNzkzIiAKZGF0YS1hZC1mb3JtYXQ9ImF1dG8iIGRhdGEtZnVsbC13aWR0aC1yZXNwb25zaXZlPSJ0cnVlIj48L2lucz4KPHNjcmlwdD4gCihhZHNieWdvb2dsZSA9IHdpbmRvdy5hZHNieWdvb2dsZSB8fCBbXSkucHVzaCh7fSk7IAo8L3NjcmlwdD4KPC9kaXY+PGJyIHN0eWxlPSJjbGVhcjogYm90aDsgZGlzcGxheTogYmxvY2s7IGZsb2F0OiBub25lOyIvPg==<\/script>\n\n\n\n<h3 class=\"wp-block-heading\">Ein hart umk\u00e4mpfter erster Satz<\/h3>\n\n\n\n<p>Das Match begann mit einem extrem ausgeglichenen ersten Satz. Beide Spielerinnen zeigten ein sehr hohes Tennis-Niveau und lieferten sich kraftvolle und pr\u00e4zise Schl\u00e4ge. Der Satz wurde im Tie-Break entschieden, wo sich Alcaraz mit 7:5 durchsetzte.<\/p><script type=\"text\/plain\" data-tcf=\"waiting-for-consent\" data-id=\"1033\" data-bid=\"1\" data-placement=\"985\">PGRpdiBpZD0iYW1jLTM1NzAyNjIyMzEiIGNsYXNzPSJhbWMtbWgtbWlkIj48c2NyaXB0IGFzeW5jIHNyYz0iLy9wYWdlYWQyLmdvb2dsZXN5bmRpY2F0aW9uLmNvbS9wYWdlYWQvanMvYWRzYnlnb29nbGUuanM\/Y2xpZW50PWNhLXB1Yi00NDAxMTQ1MDI3NTM5MTE1IiBjcm9zc29yaWdpbj0iYW5vbnltb3VzIj48L3NjcmlwdD48aW5zIGNsYXNzPSJhZHNieWdvb2dsZSIgc3R5bGU9ImRpc3BsYXk6YmxvY2s7IiBkYXRhLWFkLWNsaWVudD0iY2EtcHViLTQ0MDExNDUwMjc1MzkxMTUiIApkYXRhLWFkLXNsb3Q9IiIgCmRhdGEtYWQtZm9ybWF0PSJhdXRvIiBkYXRhLWZ1bGwtd2lkdGgtcmVzcG9uc2l2ZT0idHJ1ZSI+PC9pbnM+CjxzY3JpcHQ+IAooYWRzYnlnb29nbGUgPSB3aW5kb3cuYWRzYnlnb29nbGUgfHwgW10pLnB1c2goe30pOyAKPC9zY3JpcHQ+CjwvZGl2Pg==<\/script>\n\n\n\n<h3 class=\"wp-block-heading\">Dominanz von Alcaraz im zweiten Satz<\/h3>\n\n\n\n<p>Im zweiten Satz \u00fcbernahm Alcaraz die Kontrolle \u00fcber das Spiel, dr\u00fcckte seinen Rhythmus durch und zwang Sinner zu Fehlern. Der Satz endete schnell mit einem klaren 6:1 zu Gunsten des Spaniers, der eine deutliche k\u00f6rperliche und mentale \u00dcberlegenheit zeigte.<\/p>\n\n\n\n<h3 class=\"wp-block-heading\">Reaktionen nach dem Spiel<\/h3>\n\n\n\n<p>Am Ende des Matches zeigte sich Alcaraz zufrieden: \"Ich bin stolz auf mich, wie ich das Match mental angegangen bin. Ich denke, dass ich taktisch vom ersten bis zum letzten Punkt sehr gut gespielt habe. Ich bin wirklich gl\u00fccklich, meinen ersten Titel in Rom gewonnen zu haben, und ich hoffe, dass es nicht mein letzter sein wird.<\/p>\n\n\n\n<p>Trotz der Niederlage bedankte sich Sinner bei seinem Team und seiner Familie f\u00fcr die Unterst\u00fctzung w\u00e4hrend des Turniers: \"Nach drei Monaten bedeutet es mir und meinem Team sehr viel, dieses Ergebnis zu erreichen. Wir haben so hart gearbeitet, um hier zu sein. Ich freue mich auch f\u00fcr meine Familie und all die Unterst\u00fctzung, die ich erhalten habe\".<\/p>\n\n\n\n<h3 class=\"wp-block-heading\">Folgen f\u00fcr die Zukunft<\/h3>\n\n\n\n<p>Mit diesem Sieg hat Alcaraz die Siegesserie von Sinner unterbrochen und seine Position als einer der Hauptanw\u00e4rter f\u00fcr Roland Garros gest\u00e4rkt. Der Erfolg in Rom ist f\u00fcr den jungen Spanier ein wichtiger Selbstvertrauensschub im Hinblick auf seine kommenden Sandplatzverpflichtungen.<\/p>\n\n\n\n<h3 class=\"wp-block-heading\">ATP-Preisgelder und Punkte<\/h3>\n\n\n\n<p>Sein Triumph bei den Internazionali d'Italia brachte Alcaraz ein Preisgeld von 985.030 Euro und 1000 ATP-Punkte ein, was seine Position in der Weltrangliste weiter festigte.<\/p>\n\n\n\n<p>Das Finale zwischen Alcaraz und Sinner war ein bedeutender Moment in der internationalen Tennisszene, denn es war die Geburtsstunde einer neuen Rivalit\u00e4t zwischen zwei jungen Talenten, die in den kommenden Jahren die Tenniswelt dominieren werden.<\/p>\n\n\n\n<p><\/p>\n<div class=\"amc-dopo-il-contenuto\" id=\"amc-3187926669\"><script type=\"text\/plain\" data-tcf=\"waiting-for-consent\" data-id=\"1033\" data-bid=\"1\">PGRpdiBpZD0iYW1jLTQwMzMwNjM4NTQiPjxzY3JpcHQgYXN5bmMgc3JjPSIvL3BhZ2VhZDIuZ29vZ2xlc3luZGljYXRpb24uY29tL3BhZ2VhZC9qcy9hZHNieWdvb2dsZS5qcz9jbGllbnQ9Y2EtcHViLTQ0MDExNDUwMjc1MzkxMTUiIGNyb3Nzb3JpZ2luPSJhbm9ueW1vdXMiPjwvc2NyaXB0PjxpbnMgY2xhc3M9ImFkc2J5Z29vZ2xlIiBzdHlsZT0iZGlzcGxheTpibG9jazsiIGRhdGEtYWQtY2xpZW50PSJjYS1wdWItNDQwMTE0NTAyNzUzOTExNSIgCmRhdGEtYWQtc2xvdD0iIiAKZGF0YS1hZC1mb3JtYXQ9ImF1dG8iIGRhdGEtZnVsbC13aWR0aC1yZXNwb25zaXZlPSJ0cnVlIj48L2lucz4KPHNjcmlwdD4gCihhZHNieWdvb2dsZSA9IHdpbmRvdy5hZHNieWdvb2dsZSB8fCBbXSkucHVzaCh7fSk7IAo8L3NjcmlwdD4KPC9kaXY+<\/script><\/div>","protected":false},"excerpt":{"rendered":"<p>Nella serata del 18 maggio 2025, il Foro Italico di Roma ha assistito a una finale mozzafiato tra Carlos Alcaraz e Jannik Sinner. Il giovane spagnolo ha conquistato il suo primo titolo agli Internazionali d\u2019Italia, superando il numero uno del mondo con il punteggio di 7-6(5), 6-1. Questa vittoria ha interrotto la striscia di 26 [&hellip;]<\/p>","protected":false},"author":3,"featured_media":463,"comment_status":"open","ping_status":"open","sticky":false,"template":"","format":"standard","meta":{"_acf_changed":false,"footnotes":""},"categories":[1],"tags":[],"class_list":["post-462","post","type-post","status-publish","format-standard","has-post-thumbnail","hentry","category-notizie-e-aggiornamenti"],"acf":[],"_links":{"self":[{"href":"https:\/\/aspettandomilanocortina2026.it\/de\/wp-json\/wp\/v2\/posts\/462","targetHints":{"allow":["GET"]}}],"collection":[{"href":"https:\/\/aspettandomilanocortina2026.it\/de\/wp-json\/wp\/v2\/posts"}],"about":[{"href":"https:\/\/aspettandomilanocortina2026.it\/de\/wp-json\/wp\/v2\/types\/post"}],"author":[{"embeddable":true,"href":"https:\/\/aspettandomilanocortina2026.it\/de\/wp-json\/wp\/v2\/users\/3"}],"replies":[{"embeddable":true,"href":"https:\/\/aspettandomilanocortina2026.it\/de\/wp-json\/wp\/v2\/comments?post=462"}],"version-history":[{"count":2,"href":"https:\/\/aspettandomilanocortina2026.it\/de\/wp-json\/wp\/v2\/posts\/462\/revisions"}],"predecessor-version":[{"id":465,"href":"https:\/\/aspettandomilanocortina2026.it\/de\/wp-json\/wp\/v2\/posts\/462\/revisions\/465"}],"wp:featuredmedia":[{"embeddable":true,"href":"https:\/\/aspettandomilanocortina2026.it\/de\/wp-json\/wp\/v2\/media\/463"}],"wp:attachment":[{"href":"https:\/\/aspettandomilanocortina2026.it\/de\/wp-json\/wp\/v2\/media?parent=462"}],"wp:term":[{"taxonomy":"category","embeddable":true,"href":"https:\/\/aspettandomilanocortina2026.it\/de\/wp-json\/wp\/v2\/categories?post=462"},{"taxonomy":"post_tag","embeddable":true,"href":"https:\/\/aspettandomilanocortina2026.it\/de\/wp-json\/wp\/v2\/tags?post=462"}],"curies":[{"name":"wp","href":"https:\/\/api.w.org\/{rel}","templated":true}]}}