{"id":427,"date":"2025-05-15T14:34:40","date_gmt":"2025-05-15T13:34:40","guid":{"rendered":"https:\/\/aspettandomilanocortina2026.it\/?p=427"},"modified":"2025-05-15T14:34:41","modified_gmt":"2025-05-15T13:34:41","slug":"cortina-accessibile-vivere-le-dolomiti-senza-barriere-in-vista-delle-paralimpiadi-2026","status":"publish","type":"post","link":"https:\/\/aspettandomilanocortina2026.it\/de\/cortina-accessibile-vivere-le-dolomiti-senza-barriere-in-vista-delle-paralimpiadi-2026\/","title":{"rendered":"Barrierefreies Cortina: Erleben Sie die Dolomiten ohne Barrieren im Hinblick auf die Paralympics 2026"},"content":{"rendered":"<script type=\"text\/plain\" data-tcf=\"waiting-for-consent\" data-id=\"1033\" data-bid=\"1\" data-placement=\"1034\">PGRpdiBpZD0iYW1jLTM3ODM0MDE5NyIgY2xhc3M9ImFtYy1wcmltYS1kZWwtY29udGVudXRvIj48c2NyaXB0IGFzeW5jIHNyYz0iLy9wYWdlYWQyLmdvb2dsZXN5bmRpY2F0aW9uLmNvbS9wYWdlYWQvanMvYWRzYnlnb29nbGUuanM\/Y2xpZW50PWNhLXB1Yi00NDAxMTQ1MDI3NTM5MTE1IiBjcm9zc29yaWdpbj0iYW5vbnltb3VzIj48L3NjcmlwdD48aW5zIGNsYXNzPSJhZHNieWdvb2dsZSIgc3R5bGU9ImRpc3BsYXk6YmxvY2s7IiBkYXRhLWFkLWNsaWVudD0iY2EtcHViLTQ0MDExNDUwMjc1MzkxMTUiIApkYXRhLWFkLXNsb3Q9IiIgCmRhdGEtYWQtZm9ybWF0PSJhdXRvIiBkYXRhLWZ1bGwtd2lkdGgtcmVzcG9uc2l2ZT0idHJ1ZSI+PC9pbnM+CjxzY3JpcHQ+IAooYWRzYnlnb29nbGUgPSB3aW5kb3cuYWRzYnlnb29nbGUgfHwgW10pLnB1c2goe30pOyAKPC9zY3JpcHQ+CjwvZGl2Pg==<\/script>\n<p>Cortina d'Ampezzo, die \u201cK\u00f6nigin der Dolomiten\u201d, ist nicht nur ein Paradies f\u00fcr Sport- und Bergliebhaber, sondern entwickelt sich auch immer mehr zu einem Modell f\u00fcr <strong>Eingliederung und Zug\u00e4nglichkeit<\/strong>. In Anbetracht der <strong>Winter-Paralympics Mailand-Cortina 2026<\/strong>, baut der ber\u00fchmte Alpenort sein Dienstleistungsnetz aus, um einen barrierefreien Empfang f\u00fcr alle zu gew\u00e4hrleisten. Aber wie kann man sich in Cortina wirklich fortbewegen, wenn man im Rollstuhl sitzt?<\/p><script type=\"text\/plain\" data-tcf=\"waiting-for-consent\" data-id=\"1037\" data-bid=\"1\" data-placement=\"726\">PGRpdiBpZD0iYW1jLTcwMDI3NjcxMiIgY2xhc3M9ImFtYy1wb3N0LWNvbnRlbnQiIHN0eWxlPSJtYXJnaW4tbGVmdDogYXV0bzttYXJnaW4tcmlnaHQ6IGF1dG87dGV4dC1hbGlnbjogY2VudGVyOyI+PHNjcmlwdCBhc3luYyBzcmM9Ii8vcGFnZWFkMi5nb29nbGVzeW5kaWNhdGlvbi5jb20vcGFnZWFkL2pzL2Fkc2J5Z29vZ2xlLmpzP2NsaWVudD1jYS1wdWItNDQwMTE0NTAyNzUzOTExNSIgY3Jvc3NvcmlnaW49ImFub255bW91cyI+PC9zY3JpcHQ+PGlucyBjbGFzcz0iYWRzYnlnb29nbGUiIHN0eWxlPSJkaXNwbGF5OmJsb2NrOyIgZGF0YS1hZC1jbGllbnQ9ImNhLXB1Yi00NDAxMTQ1MDI3NTM5MTE1IiAKZGF0YS1hZC1zbG90PSI4MDIwNTgzNzkzIiAKZGF0YS1hZC1mb3JtYXQ9ImF1dG8iIGRhdGEtZnVsbC13aWR0aC1yZXNwb25zaXZlPSJ0cnVlIj48L2lucz4KPHNjcmlwdD4gCihhZHNieWdvb2dsZSA9IHdpbmRvdy5hZHNieWdvb2dsZSB8fCBbXSkucHVzaCh7fSk7IAo8L3NjcmlwdD4KPC9kaXY+PGJyIHN0eWxlPSJjbGVhcjogYm90aDsgZGlzcGxheTogYmxvY2s7IGZsb2F0OiBub25lOyIvPg==<\/script>\n\n\n\n<p><strong>Cortina auf dem Weg zur Inklusion: eine konkrete Ver\u00e4nderung<\/strong><\/p><script type=\"text\/plain\" data-tcf=\"waiting-for-consent\" data-id=\"1033\" data-bid=\"1\" data-placement=\"985\">PGRpdiBpZD0iYW1jLTQxNDcxOTM2NzkiIGNsYXNzPSJhbWMtbWgtbWlkIj48c2NyaXB0IGFzeW5jIHNyYz0iLy9wYWdlYWQyLmdvb2dsZXN5bmRpY2F0aW9uLmNvbS9wYWdlYWQvanMvYWRzYnlnb29nbGUuanM\/Y2xpZW50PWNhLXB1Yi00NDAxMTQ1MDI3NTM5MTE1IiBjcm9zc29yaWdpbj0iYW5vbnltb3VzIj48L3NjcmlwdD48aW5zIGNsYXNzPSJhZHNieWdvb2dsZSIgc3R5bGU9ImRpc3BsYXk6YmxvY2s7IiBkYXRhLWFkLWNsaWVudD0iY2EtcHViLTQ0MDExNDUwMjc1MzkxMTUiIApkYXRhLWFkLXNsb3Q9IiIgCmRhdGEtYWQtZm9ybWF0PSJhdXRvIiBkYXRhLWZ1bGwtd2lkdGgtcmVzcG9uc2l2ZT0idHJ1ZSI+PC9pbnM+CjxzY3JpcHQ+IAooYWRzYnlnb29nbGUgPSB3aW5kb3cuYWRzYnlnb29nbGUgfHwgW10pLnB1c2goe30pOyAKPC9zY3JpcHQ+CjwvZGl2Pg==<\/script>\n\n\n\n<p>Die Olympiabewerbung hat dem Projekt neuen Schwung verliehen. <strong>Stadtsanierung und Zug\u00e4nglichkeit<\/strong>. Le <strong>touristische Infrastruktur<\/strong>, Sportanlagen und \u00f6ffentliche Bereiche stehen im Mittelpunkt eines Programms, das darauf abzielt <strong>Beseitigung architektonischer Barrieren<\/strong>, erleichtern die Mobilit\u00e4t und bieten allen - Einheimischen und Touristen - die M\u00f6glichkeit, die Sch\u00f6nheit der Dolomiten in vollem Umfang zu erleben.<\/p>\n\n\n\n<p>Dank der Zusammenarbeit mit Organisationen wie der <strong>Italienisches Paralympisches Komitee<\/strong> und lokalen Vereinen entwickelt sich Cortina zu einem Modell f\u00fcr integrativen Alpentourismus.<\/p>\n\n\n\n<p><strong>Mit dem Rollstuhl nach Cortina und in die Umgebung<\/strong><\/p>\n\n\n\n<p><strong>Wo sollen wir anfangen?<\/strong><\/p>\n\n\n\n<ul class=\"wp-block-list\">\n<li><strong>Mit dem Zug<\/strong>Der n\u00e4chstgelegene Bahnhof ist <strong>Calalzo-Pieve di Cadore<\/strong>, mit Busverbindung nach Cortina.<\/li>\n\n\n\n<li><strong>Mit dem Auto<\/strong>Cortina ist \u00fcber die SS51 zu erreichen, mit ausgeschilderten, barrierefreien Parkpl\u00e4tzen in der N\u00e4he der wichtigsten Hotels und Sportanlagen.<\/li>\n\n\n\n<li><strong>Shuttle-Dienste<\/strong>wird w\u00e4hrend der Paralympischen Spiele aktiv sein <strong>barrierefreie Busse mit Bahnsteigen und Rollstuhlpl\u00e4tzen<\/strong>, mit auf die Veranstaltungen abgestimmten Zeitpl\u00e4nen.<\/li>\n<\/ul>\n\n\n\n<p><strong>\u00d6ffentliche Verkehrsmittel und spezielle Shuttlebusse<\/strong><\/p>\n\n\n\n<p>Die Gemeinde Cortina r\u00fcstet ihren Fuhrpark schrittweise auf <strong>Niederflurbusse und Minivans umfassen<\/strong> und mit leichtem Zugang.<\/p>\n\n\n\n<p>W\u00e4hrend der Paralympics ist geplant, die:<\/p>\n\n\n\n<ul class=\"wp-block-list\">\n<li><strong>Barrierefreie olympische Shuttles<\/strong>,<\/li>\n\n\n\n<li><strong>Transfers zum und vom Hotel<\/strong>,<\/li>\n\n\n\n<li><strong>Links zu Sportanlagen und interessanten Orten<\/strong>.<\/li>\n<\/ul>\n\n\n\n<p>A <strong>24-Stunden-Informationsdienst<\/strong> mit Echtzeit-Updates zu Fahrpl\u00e4nen, m\u00f6glichen \u00c4nderungen und der Zug\u00e4nglichkeit von Strecken.<\/p>\n\n\n\n<p><strong>Wo man schl\u00e4ft: Barrierefreie Hotels in Cortina<\/strong><\/p>\n\n\n\n<p>Cortina bietet eine gro\u00dfe Auswahl an Hotels und B&amp;Bs, von denen viele \u00fcber <strong>Zimmer, die f\u00fcr G\u00e4ste mit Behinderungen ausgestattet sind<\/strong>, barrierefreie B\u00e4der und moderne Aufz\u00fcge.<\/p>\n\n\n\n<p>Einrichtungen wie zum Beispiel:<\/p>\n\n\n\n<ul class=\"wp-block-list\">\n<li>Hotel Alaska,<\/li>\n\n\n\n<li>Hotel Europa,<\/li>\n\n\n\n<li>Domina Cortina<br>bieten elegante und vollst\u00e4ndige <strong>rollstuhlgerecht<\/strong>.<\/li>\n<\/ul>\n\n\n\n<p>Um auf Nummer sicher zu gehen, ist es immer ratsam, sich vor der Buchung mit der Einrichtung in Verbindung zu setzen und nach Fotos oder spezifischen Details zu fragen.<\/p>\n\n\n\n<p><strong>Lebendiges Cortina jenseits der Wettbewerbe<\/strong><\/p>\n\n\n\n<p>Auch <strong>ohne Skifahren<\/strong>, Cortina bietet au\u00dfergew\u00f6hnliche Erlebnisse:<\/p>\n\n\n\n<ul class=\"wp-block-list\">\n<li><strong>Spazierg\u00e4nge im historischen Zentrum<\/strong> (mit vielen abgesenkten B\u00fcrgersteigen und Fu\u00dfg\u00e4ngerzonen),<\/li>\n\n\n\n<li><strong>Einkaufen in Corso Italia<\/strong>, mit rollstuhlgerechten Gesch\u00e4ften,<\/li>\n\n\n\n<li><strong>Mario Rimoldi Museum f\u00fcr moderne Kunst<\/strong>, teilweise zug\u00e4nglich und wird derzeit aktualisiert,<\/li>\n\n\n\n<li><strong>Atemberaubende Panoramen<\/strong> mit Aufz\u00fcgen und barrierefreien Kabinen (einige davon mit Fahrsteigen bis 2026).<\/li>\n<\/ul>\n\n\n\n<p>Die <strong>Eislaufbahn<\/strong> und die <strong>Sportzentrum Alexander-Girardi-Halle<\/strong> werden paralympische Veranstaltungen stattfinden und vollst\u00e4ndig barrierefrei sein.<\/p>\n\n\n\n<p><strong>N\u00fctzliche Apps und Infopunkte<\/strong><\/p>\n\n\n\n<ul class=\"wp-block-list\">\n<li><strong>Cortina 2026 App<\/strong>Es wird Informationen \u00fcber den Verkehr, die Zug\u00e4nglichkeit von Veranstaltungen, das Parken und das Wetter liefern.<\/li>\n\n\n\n<li><strong>EasyWay und Wheelmap Apps<\/strong>um zug\u00e4ngliche Aktivit\u00e4ten abzubilden.<\/li>\n\n\n\n<li><strong>InfoPoint Barrierefreiheit Cortina 2026<\/strong>im Stadtzentrum pr\u00e4sent und an den Tagen der Paralympics aktiv.<\/li>\n<\/ul>\n\n\n\n<p><strong>Inklusives Cortina: Eine Olympiade f\u00fcr alle<\/strong><\/p>\n\n\n\n<p>Die Paralympics sind eine Gelegenheit, Cortina zu einem Modell des universellen Alpentourismus zu machen. Ein Spaziergang - oder ein Gleitflug - auf einem schneebedeckten Weg, der Genuss der Ampezzaner K\u00fcche in einem barrierefreien Restaurant oder die Teilnahme an einem spannenden Rennen: all das ist m\u00f6glich, f\u00fcr alle.<\/p>\n\n\n\n<p>Cortina ist nicht nur Gastgeber der Spiele, sondern erlebt sie auch als <strong>Pakt mit der Zukunft<\/strong>, wo sich Sport, Berge und Menschlichkeit im Namen von Freiheit und Integration treffen.<\/p>\n<div class=\"amc-dopo-il-contenuto\" id=\"amc-3922170384\"><script type=\"text\/plain\" data-tcf=\"waiting-for-consent\" data-id=\"1033\" data-bid=\"1\">PGRpdiBpZD0iYW1jLTMzMDk1NTA4NDAiPjxzY3JpcHQgYXN5bmMgc3JjPSIvL3BhZ2VhZDIuZ29vZ2xlc3luZGljYXRpb24uY29tL3BhZ2VhZC9qcy9hZHNieWdvb2dsZS5qcz9jbGllbnQ9Y2EtcHViLTQ0MDExNDUwMjc1MzkxMTUiIGNyb3Nzb3JpZ2luPSJhbm9ueW1vdXMiPjwvc2NyaXB0PjxpbnMgY2xhc3M9ImFkc2J5Z29vZ2xlIiBzdHlsZT0iZGlzcGxheTpibG9jazsiIGRhdGEtYWQtY2xpZW50PSJjYS1wdWItNDQwMTE0NTAyNzUzOTExNSIgCmRhdGEtYWQtc2xvdD0iIiAKZGF0YS1hZC1mb3JtYXQ9ImF1dG8iIGRhdGEtZnVsbC13aWR0aC1yZXNwb25zaXZlPSJ0cnVlIj48L2lucz4KPHNjcmlwdD4gCihhZHNieWdvb2dsZSA9IHdpbmRvdy5hZHNieWdvb2dsZSB8fCBbXSkucHVzaCh7fSk7IAo8L3NjcmlwdD4KPC9kaXY+<\/script><\/div>","protected":false},"excerpt":{"rendered":"<p>Cortina d\u2019Ampezzo, la \u201cRegina delle Dolomiti\u201d, non \u00e8 solo un paradiso per gli amanti dello sport e della montagna, ma sta diventando sempre pi\u00f9 un modello di inclusivit\u00e0 e accessibilit\u00e0. In vista delle Paralimpiadi Invernali Milano-Cortina 2026, la celebre localit\u00e0 alpina sta potenziando la propria rete di servizi per garantire un\u2019accoglienza senza barriere, pensata per [&hellip;]<\/p>","protected":false},"author":3,"featured_media":428,"comment_status":"open","ping_status":"open","sticky":false,"template":"","format":"standard","meta":{"_acf_changed":false,"footnotes":""},"categories":[9,5,7,1],"tags":[],"class_list":["post-427","post","type-post","status-publish","format-standard","has-post-thumbnail","hentry","category-paralimpiadi","category-guida-per-i-tifosi","category-milano-e-cortina","category-notizie-e-aggiornamenti"],"acf":[],"_links":{"self":[{"href":"https:\/\/aspettandomilanocortina2026.it\/de\/wp-json\/wp\/v2\/posts\/427","targetHints":{"allow":["GET"]}}],"collection":[{"href":"https:\/\/aspettandomilanocortina2026.it\/de\/wp-json\/wp\/v2\/posts"}],"about":[{"href":"https:\/\/aspettandomilanocortina2026.it\/de\/wp-json\/wp\/v2\/types\/post"}],"author":[{"embeddable":true,"href":"https:\/\/aspettandomilanocortina2026.it\/de\/wp-json\/wp\/v2\/users\/3"}],"replies":[{"embeddable":true,"href":"https:\/\/aspettandomilanocortina2026.it\/de\/wp-json\/wp\/v2\/comments?post=427"}],"version-history":[{"count":1,"href":"https:\/\/aspettandomilanocortina2026.it\/de\/wp-json\/wp\/v2\/posts\/427\/revisions"}],"predecessor-version":[{"id":429,"href":"https:\/\/aspettandomilanocortina2026.it\/de\/wp-json\/wp\/v2\/posts\/427\/revisions\/429"}],"wp:featuredmedia":[{"embeddable":true,"href":"https:\/\/aspettandomilanocortina2026.it\/de\/wp-json\/wp\/v2\/media\/428"}],"wp:attachment":[{"href":"https:\/\/aspettandomilanocortina2026.it\/de\/wp-json\/wp\/v2\/media?parent=427"}],"wp:term":[{"taxonomy":"category","embeddable":true,"href":"https:\/\/aspettandomilanocortina2026.it\/de\/wp-json\/wp\/v2\/categories?post=427"},{"taxonomy":"post_tag","embeddable":true,"href":"https:\/\/aspettandomilanocortina2026.it\/de\/wp-json\/wp\/v2\/tags?post=427"}],"curies":[{"name":"wp","href":"https:\/\/api.w.org\/{rel}","templated":true}]}}