{"id":411,"date":"2025-05-15T13:28:58","date_gmt":"2025-05-15T12:28:58","guid":{"rendered":"https:\/\/aspettandomilanocortina2026.it\/?p=411"},"modified":"2025-05-15T13:29:21","modified_gmt":"2025-05-15T12:29:21","slug":"biathlon-paralimpico-precisione-e-resistenza-sulla-neve-di-milano-cortina-2026","status":"publish","type":"post","link":"https:\/\/aspettandomilanocortina2026.it\/de\/biathlon-paralimpico-precisione-e-resistenza-sulla-neve-di-milano-cortina-2026\/","title":{"rendered":"Paralympischer Biathlon: Pr\u00e4zision und Ausdauer auf dem Schnee in Mailand Cortina 2026"},"content":{"rendered":"<script type=\"text\/plain\" data-tcf=\"waiting-for-consent\" data-id=\"1033\" data-bid=\"1\" data-placement=\"1034\">PGRpdiBpZD0iYW1jLTMzMzE1MzQzMjYiIGNsYXNzPSJhbWMtcHJpbWEtZGVsLWNvbnRlbnV0byI+PHNjcmlwdCBhc3luYyBzcmM9Ii8vcGFnZWFkMi5nb29nbGVzeW5kaWNhdGlvbi5jb20vcGFnZWFkL2pzL2Fkc2J5Z29vZ2xlLmpzP2NsaWVudD1jYS1wdWItNDQwMTE0NTAyNzUzOTExNSIgY3Jvc3NvcmlnaW49ImFub255bW91cyI+PC9zY3JpcHQ+PGlucyBjbGFzcz0iYWRzYnlnb29nbGUiIHN0eWxlPSJkaXNwbGF5OmJsb2NrOyIgZGF0YS1hZC1jbGllbnQ9ImNhLXB1Yi00NDAxMTQ1MDI3NTM5MTE1IiAKZGF0YS1hZC1zbG90PSIiIApkYXRhLWFkLWZvcm1hdD0iYXV0byIgZGF0YS1mdWxsLXdpZHRoLXJlc3BvbnNpdmU9InRydWUiPjwvaW5zPgo8c2NyaXB0PiAKKGFkc2J5Z29vZ2xlID0gd2luZG93LmFkc2J5Z29vZ2xlIHx8IFtdKS5wdXNoKHt9KTsgCjwvc2NyaXB0Pgo8L2Rpdj4=<\/script>\n<p>Im Herzen des italienischen Winters, inmitten der schneebedeckten T\u00e4ler und der Stille der Dolomiten, hat die <strong>Paralympischer Biathlon<\/strong> wird zur\u00fcckkehren, um die Welt zu begeistern <strong>Mailand Cortina 2026 Winter-Paralympics<\/strong>. Diese Disziplin, die das <strong>Ski-Langlauf-Ausdauer<\/strong> unter <strong>Genauigkeit beim Gewehrschie\u00dfen<\/strong>, ist eine der faszinierendsten und anspruchsvollsten in der gesamten paralympischen Landschaft.<\/p><script type=\"text\/plain\" data-tcf=\"waiting-for-consent\" data-id=\"1037\" data-bid=\"1\" data-placement=\"726\">PGRpdiBpZD0iYW1jLTg1NTcwODY3MSIgY2xhc3M9ImFtYy1wb3N0LWNvbnRlbnQiIHN0eWxlPSJtYXJnaW4tbGVmdDogYXV0bzttYXJnaW4tcmlnaHQ6IGF1dG87dGV4dC1hbGlnbjogY2VudGVyOyI+PHNjcmlwdCBhc3luYyBzcmM9Ii8vcGFnZWFkMi5nb29nbGVzeW5kaWNhdGlvbi5jb20vcGFnZWFkL2pzL2Fkc2J5Z29vZ2xlLmpzP2NsaWVudD1jYS1wdWItNDQwMTE0NTAyNzUzOTExNSIgY3Jvc3NvcmlnaW49ImFub255bW91cyI+PC9zY3JpcHQ+PGlucyBjbGFzcz0iYWRzYnlnb29nbGUiIHN0eWxlPSJkaXNwbGF5OmJsb2NrOyIgZGF0YS1hZC1jbGllbnQ9ImNhLXB1Yi00NDAxMTQ1MDI3NTM5MTE1IiAKZGF0YS1hZC1zbG90PSI4MDIwNTgzNzkzIiAKZGF0YS1hZC1mb3JtYXQ9ImF1dG8iIGRhdGEtZnVsbC13aWR0aC1yZXNwb25zaXZlPSJ0cnVlIj48L2lucz4KPHNjcmlwdD4gCihhZHNieWdvb2dsZSA9IHdpbmRvdy5hZHNieWdvb2dsZSB8fCBbXSkucHVzaCh7fSk7IAo8L3NjcmlwdD4KPC9kaXY+PGJyIHN0eWxlPSJjbGVhcjogYm90aDsgZGlzcGxheTogYmxvY2s7IGZsb2F0OiBub25lOyIvPg==<\/script>\n\n\n\n<p>Paralympischer Biathlon ist aber noch viel mehr: Er zeigt, wie der Sport alle Barrieren \u00fcberwinden kann, und macht jedes Rennen zu einer Geschichte von Entschlossenheit und Kontrolle.<\/p><script type=\"text\/plain\" data-tcf=\"waiting-for-consent\" data-id=\"1033\" data-bid=\"1\" data-placement=\"985\">PGRpdiBpZD0iYW1jLTI1MDk1NDM1MzAiIGNsYXNzPSJhbWMtbWgtbWlkIj48c2NyaXB0IGFzeW5jIHNyYz0iLy9wYWdlYWQyLmdvb2dsZXN5bmRpY2F0aW9uLmNvbS9wYWdlYWQvanMvYWRzYnlnb29nbGUuanM\/Y2xpZW50PWNhLXB1Yi00NDAxMTQ1MDI3NTM5MTE1IiBjcm9zc29yaWdpbj0iYW5vbnltb3VzIj48L3NjcmlwdD48aW5zIGNsYXNzPSJhZHNieWdvb2dsZSIgc3R5bGU9ImRpc3BsYXk6YmxvY2s7IiBkYXRhLWFkLWNsaWVudD0iY2EtcHViLTQ0MDExNDUwMjc1MzkxMTUiIApkYXRhLWFkLXNsb3Q9IiIgCmRhdGEtYWQtZm9ybWF0PSJhdXRvIiBkYXRhLWZ1bGwtd2lkdGgtcmVzcG9uc2l2ZT0idHJ1ZSI+PC9pbnM+CjxzY3JpcHQ+IAooYWRzYnlnb29nbGUgPSB3aW5kb3cuYWRzYnlnb29nbGUgfHwgW10pLnB1c2goe30pOyAKPC9zY3JpcHQ+CjwvZGl2Pg==<\/script>\n\n\n\n<p><strong>Die Urspr\u00fcnge einer hybriden und adrenalinreichen Disziplin<\/strong><\/p>\n\n\n\n<p>Biathlon hat milit\u00e4rische Urspr\u00fcnge und war urspr\u00fcnglich eine \u00dcbung f\u00fcr skandinavische Truppen. In seiner paralympischen Version, die 1988 bei den Spielen in Innsbruck eingef\u00fchrt wurde, konnte er sich an verschiedene Arten von Behinderungen anpassen, ohne seinen Reiz zu verlieren.<\/p>\n\n\n\n<p>Das Einzigartige am Biathlon ist der Kontrast zwischen der k\u00f6rperlichen Anstrengung beim Skifahren und der mentalen Gelassenheit beim Schie\u00dfen. Eine doppelte Herausforderung: gegen die Stoppuhr und gegen sich selbst.<\/p>\n\n\n\n<p><strong>Paralympische Biathlon-Kategorien<\/strong><\/p>\n\n\n\n<p>Im paralympischen Biathlon treten die Athleten ebenfalls in drei Kategorien an:<\/p>\n\n\n\n<ul class=\"wp-block-list\">\n<li><strong>Sitzen<\/strong>Athleten mit Behinderungen der unteren Gliedma\u00dfen, die auf einem mit Skiern ausgestatteten Schlitten (Sitzski) antreten.<\/li>\n\n\n\n<li><strong>Stehend<\/strong>Athleten mit Behinderungen der oberen oder unteren Gliedma\u00dfen, die im Stehen antreten.<\/li>\n\n\n\n<li><strong>Sehbehindert<\/strong>blinde oder sehbehinderte Athleten, die mit einem F\u00fchrer antreten und ein akustisches Gewehr benutzen, das bei der Ann\u00e4herung an die Mitte des Ziels einen immer lauter werdenden Ton abgibt.<\/li>\n<\/ul>\n\n\n\n<p>Die Distanzen variieren zwischen 6 und 15 km, und die Wertung basiert auf einem kombinierten System aus Laufzeit und Strafen f\u00fcr Schie\u00dffehler.<\/p>\n\n\n\n<p><strong>Paralympischer Biathlon in Mailand Cortina 2026<\/strong><\/p>\n\n\n\n<p>Die Auswahlverfahren finden statt in den <strong>Biathlon-Stadion am Lago di Tesero<\/strong>, in <strong>Fleimstal<\/strong>, einer der ber\u00fchmtesten Orte f\u00fcr den nordischen Sport. Die in einer atemberaubenden Alpenlandschaft gelegene Strecke wird vollst\u00e4ndig zug\u00e4nglich und mit der neuesten Zeitmess- und Sicherheitstechnik ausgestattet sein.<\/p>\n\n\n\n<p>Das Stadion wird mit beheizten Trib\u00fcnen, Bereichen f\u00fcr Zuschauer mit eingeschr\u00e4nkter Mobilit\u00e4t und interaktiven Fanzonen ausgestattet sein, so dass die Zuschauer jeden Schuss, jeden Ski, jeden Atemzug im Moment des Schusses erleben k\u00f6nnen.<\/p>\n\n\n\n<p><strong>Ein Sport mit Nerven und einem starken Herzen<\/strong><\/p>\n\n\n\n<p>Im paralympischen Biathlon ist die Schwierigkeit noch gr\u00f6\u00dfer: Es reicht nicht aus, Kraft und Ausdauer zu haben. Sie brauchen <strong>absolute Konzentration<\/strong>, F\u00e4higkeit zur <strong>M\u00fcdigkeit bew\u00e4ltigen<\/strong>, und eine <strong>extreme Gedankenkontrolle<\/strong>. Nach jeder Runde auf den Skiern legt sich der Sportler hin (oder setzt sich auf) und stellt sich der Herausforderung des Schusses. Jeder Fehler wird bestraft, jeder perfekte Schuss ist ein Sieg gegen den Klang des vor Anstrengung pochenden Herzens.<\/p>\n\n\n\n<p>Die Darbietungen der paralympischen Athleten verschlagen dem Publikum den Atem: Menschen, die ihr Augenlicht oder den Gebrauch ihrer Beine verloren haben und sich nur mit ihrem Willen und ihrer Leidenschaft f\u00fcr den Sport in den Schnee st\u00fcrzen.<\/p>\n\n\n\n<p><strong>Mailand Cortina 2026: Inklusion und Emotionen leben weltweit<\/strong><\/p>\n\n\n\n<p>Italien bereitet sich darauf vor, die paralympischen Biathlon-Athleten mit einer Umarmung aus Schnee, Gastfreundschaft und Respekt zu empfangen. Die Rennen werden weltweit live \u00fcbertragen, mit Untertiteln und Audiokommentaren, damit jeder die Spannung der Paralympics miterleben kann.<\/p>\n\n\n\n<p>Rund um den Biathlon wird es auch Aktivit\u00e4ten f\u00fcr die \u00d6ffentlichkeit geben: didaktische Workshops, Sinnespfade, Ausstellungen und Begegnungen mit den Athleten, um das Bewusstsein f\u00fcr den Wert des paralympischen Sports zu st\u00e4rken.<\/p>\n\n\n\n<p><strong>Mehr als eine Olympiade: eine Lektion des Lebens<\/strong><\/p>\n\n\n\n<p>Paralympischer Biathlon ist nicht nur Sport. \u00c8 <strong>mentale Disziplin<\/strong>, <strong>chirurgische Pr\u00e4zision<\/strong>, <strong>k\u00f6rperliche Ausdauer<\/strong>, aber vor allem ist es ein Spiegel der unendlichen menschlichen M\u00f6glichkeiten. In Mailand Cortina 2026 wird jeder Athlet der Protagonist einer Geschichte sein, die es verdient, erz\u00e4hlt zu werden. Jeder Treffer wird eine Botschaft an die Welt sein: Keine Grenze kann den Willen zum Leben, zum Wettkampf und zum Sieg aufhalten.<\/p>\n<div class=\"amc-dopo-il-contenuto\" id=\"amc-3173251045\"><script type=\"text\/plain\" data-tcf=\"waiting-for-consent\" data-id=\"1033\" data-bid=\"1\">PGRpdiBpZD0iYW1jLTEyMTA4Nzc1NzYiPjxzY3JpcHQgYXN5bmMgc3JjPSIvL3BhZ2VhZDIuZ29vZ2xlc3luZGljYXRpb24uY29tL3BhZ2VhZC9qcy9hZHNieWdvb2dsZS5qcz9jbGllbnQ9Y2EtcHViLTQ0MDExNDUwMjc1MzkxMTUiIGNyb3Nzb3JpZ2luPSJhbm9ueW1vdXMiPjwvc2NyaXB0PjxpbnMgY2xhc3M9ImFkc2J5Z29vZ2xlIiBzdHlsZT0iZGlzcGxheTpibG9jazsiIGRhdGEtYWQtY2xpZW50PSJjYS1wdWItNDQwMTE0NTAyNzUzOTExNSIgCmRhdGEtYWQtc2xvdD0iIiAKZGF0YS1hZC1mb3JtYXQ9ImF1dG8iIGRhdGEtZnVsbC13aWR0aC1yZXNwb25zaXZlPSJ0cnVlIj48L2lucz4KPHNjcmlwdD4gCihhZHNieWdvb2dsZSA9IHdpbmRvdy5hZHNieWdvb2dsZSB8fCBbXSkucHVzaCh7fSk7IAo8L3NjcmlwdD4KPC9kaXY+<\/script><\/div>","protected":false},"excerpt":{"rendered":"<p>Nel cuore dell\u2019inverno italiano, tra le valli innevate e i silenzi delle Dolomiti, il biathlon paralimpico torner\u00e0 a emozionare il mondo in occasione delle Paralimpiadi Invernali di Milano Cortina 2026. Questa disciplina, che unisce la resistenza dello sci di fondo alla precisione del tiro con la carabina, \u00e8 una delle pi\u00f9 affascinanti e impegnative dell\u2019intero [&hellip;]<\/p>","protected":false},"author":3,"featured_media":412,"comment_status":"open","ping_status":"open","sticky":false,"template":"","format":"standard","meta":{"_acf_changed":false,"footnotes":""},"categories":[9],"tags":[],"class_list":["post-411","post","type-post","status-publish","format-standard","has-post-thumbnail","hentry","category-paralimpiadi"],"acf":[],"_links":{"self":[{"href":"https:\/\/aspettandomilanocortina2026.it\/de\/wp-json\/wp\/v2\/posts\/411","targetHints":{"allow":["GET"]}}],"collection":[{"href":"https:\/\/aspettandomilanocortina2026.it\/de\/wp-json\/wp\/v2\/posts"}],"about":[{"href":"https:\/\/aspettandomilanocortina2026.it\/de\/wp-json\/wp\/v2\/types\/post"}],"author":[{"embeddable":true,"href":"https:\/\/aspettandomilanocortina2026.it\/de\/wp-json\/wp\/v2\/users\/3"}],"replies":[{"embeddable":true,"href":"https:\/\/aspettandomilanocortina2026.it\/de\/wp-json\/wp\/v2\/comments?post=411"}],"version-history":[{"count":1,"href":"https:\/\/aspettandomilanocortina2026.it\/de\/wp-json\/wp\/v2\/posts\/411\/revisions"}],"predecessor-version":[{"id":413,"href":"https:\/\/aspettandomilanocortina2026.it\/de\/wp-json\/wp\/v2\/posts\/411\/revisions\/413"}],"wp:featuredmedia":[{"embeddable":true,"href":"https:\/\/aspettandomilanocortina2026.it\/de\/wp-json\/wp\/v2\/media\/412"}],"wp:attachment":[{"href":"https:\/\/aspettandomilanocortina2026.it\/de\/wp-json\/wp\/v2\/media?parent=411"}],"wp:term":[{"taxonomy":"category","embeddable":true,"href":"https:\/\/aspettandomilanocortina2026.it\/de\/wp-json\/wp\/v2\/categories?post=411"},{"taxonomy":"post_tag","embeddable":true,"href":"https:\/\/aspettandomilanocortina2026.it\/de\/wp-json\/wp\/v2\/tags?post=411"}],"curies":[{"name":"wp","href":"https:\/\/api.w.org\/{rel}","templated":true}]}}