{"id":408,"date":"2025-05-15T13:17:12","date_gmt":"2025-05-15T12:17:12","guid":{"rendered":"https:\/\/aspettandomilanocortina2026.it\/?p=408"},"modified":"2025-05-15T13:17:13","modified_gmt":"2025-05-15T12:17:13","slug":"paralympischer-skilanglauf-geschichten-von-ausdauer-schnee-und-olympischem-geist","status":"publish","type":"post","link":"https:\/\/aspettandomilanocortina2026.it\/de\/paralympischer-skilanglauf-geschichten-von-ausdauer-schnee-und-olympischem-geist\/","title":{"rendered":"Paralympischer Skilanglauf: Geschichten von Ausdauer, Schnee und olympischem Geist"},"content":{"rendered":"<script type=\"text\/plain\" data-tcf=\"waiting-for-consent\" data-id=\"1033\" data-bid=\"1\" data-placement=\"1034\">PGRpdiBpZD0iYW1jLTEyMDE5MDk1NzkiIGNsYXNzPSJhbWMtcHJpbWEtZGVsLWNvbnRlbnV0byI+PHNjcmlwdCBhc3luYyBzcmM9Ii8vcGFnZWFkMi5nb29nbGVzeW5kaWNhdGlvbi5jb20vcGFnZWFkL2pzL2Fkc2J5Z29vZ2xlLmpzP2NsaWVudD1jYS1wdWItNDQwMTE0NTAyNzUzOTExNSIgY3Jvc3NvcmlnaW49ImFub255bW91cyI+PC9zY3JpcHQ+PGlucyBjbGFzcz0iYWRzYnlnb29nbGUiIHN0eWxlPSJkaXNwbGF5OmJsb2NrOyIgZGF0YS1hZC1jbGllbnQ9ImNhLXB1Yi00NDAxMTQ1MDI3NTM5MTE1IiAKZGF0YS1hZC1zbG90PSIiIApkYXRhLWFkLWZvcm1hdD0iYXV0byIgZGF0YS1mdWxsLXdpZHRoLXJlc3BvbnNpdmU9InRydWUiPjwvaW5zPgo8c2NyaXB0PiAKKGFkc2J5Z29vZ2xlID0gd2luZG93LmFkc2J5Z29vZ2xlIHx8IFtdKS5wdXNoKHt9KTsgCjwvc2NyaXB0Pgo8L2Rpdj4=<\/script>\n<p>Lo <strong>Paralympischer Skilanglauf<\/strong> ist viel mehr als nur ein Sport: Es ist die reine Demonstration von <strong>Widerstandsf\u00e4higkeit<\/strong>, <strong>Bestimmung<\/strong> e <strong>menschlicher Geist<\/strong>. Der Sport, der geschaffen wurde, um Sportlern mit K\u00f6rper- und Sehbehinderungen eine Chance zu geben, ist heute eine der S\u00e4ulen der <strong>Paralympische Winterspiele<\/strong>und an <strong>Mailand Cortina 2026<\/strong> werden zu den meistbeachteten und am meisten beachteten geh\u00f6ren.<\/p><script type=\"text\/plain\" data-tcf=\"waiting-for-consent\" data-id=\"1037\" data-bid=\"1\" data-placement=\"726\">PGRpdiBpZD0iYW1jLTI5MzA5MjEwNDkiIGNsYXNzPSJhbWMtcG9zdC1jb250ZW50IiBzdHlsZT0ibWFyZ2luLWxlZnQ6IGF1dG87bWFyZ2luLXJpZ2h0OiBhdXRvO3RleHQtYWxpZ246IGNlbnRlcjsiPjxzY3JpcHQgYXN5bmMgc3JjPSIvL3BhZ2VhZDIuZ29vZ2xlc3luZGljYXRpb24uY29tL3BhZ2VhZC9qcy9hZHNieWdvb2dsZS5qcz9jbGllbnQ9Y2EtcHViLTQ0MDExNDUwMjc1MzkxMTUiIGNyb3Nzb3JpZ2luPSJhbm9ueW1vdXMiPjwvc2NyaXB0PjxpbnMgY2xhc3M9ImFkc2J5Z29vZ2xlIiBzdHlsZT0iZGlzcGxheTpibG9jazsiIGRhdGEtYWQtY2xpZW50PSJjYS1wdWItNDQwMTE0NTAyNzUzOTExNSIgCmRhdGEtYWQtc2xvdD0iODAyMDU4Mzc5MyIgCmRhdGEtYWQtZm9ybWF0PSJhdXRvIiBkYXRhLWZ1bGwtd2lkdGgtcmVzcG9uc2l2ZT0idHJ1ZSI+PC9pbnM+CjxzY3JpcHQ+IAooYWRzYnlnb29nbGUgPSB3aW5kb3cuYWRzYnlnb29nbGUgfHwgW10pLnB1c2goe30pOyAKPC9zY3JpcHQ+CjwvZGl2PjxiciBzdHlsZT0iY2xlYXI6IGJvdGg7IGRpc3BsYXk6IGJsb2NrOyBmbG9hdDogbm9uZTsiLz4=<\/script>\n\n\n\n<p><strong>Urspr\u00fcnge und Entwicklung einer heroischen Disziplin<\/strong><\/p><script type=\"text\/plain\" data-tcf=\"waiting-for-consent\" data-id=\"1033\" data-bid=\"1\" data-placement=\"985\">PGRpdiBpZD0iYW1jLTE0MzQwOTA4OTgiIGNsYXNzPSJhbWMtbWgtbWlkIj48c2NyaXB0IGFzeW5jIHNyYz0iLy9wYWdlYWQyLmdvb2dsZXN5bmRpY2F0aW9uLmNvbS9wYWdlYWQvanMvYWRzYnlnb29nbGUuanM\/Y2xpZW50PWNhLXB1Yi00NDAxMTQ1MDI3NTM5MTE1IiBjcm9zc29yaWdpbj0iYW5vbnltb3VzIj48L3NjcmlwdD48aW5zIGNsYXNzPSJhZHNieWdvb2dsZSIgc3R5bGU9ImRpc3BsYXk6YmxvY2s7IiBkYXRhLWFkLWNsaWVudD0iY2EtcHViLTQ0MDExNDUwMjc1MzkxMTUiIApkYXRhLWFkLXNsb3Q9IiIgCmRhdGEtYWQtZm9ybWF0PSJhdXRvIiBkYXRhLWZ1bGwtd2lkdGgtcmVzcG9uc2l2ZT0idHJ1ZSI+PC9pbnM+CjxzY3JpcHQ+IAooYWRzYnlnb29nbGUgPSB3aW5kb3cuYWRzYnlnb29nbGUgfHwgW10pLnB1c2goe30pOyAKPC9zY3JpcHQ+CjwvZGl2Pg==<\/script>\n\n\n\n<p>Die Urspr\u00fcnge des paralympischen Skilanglaufs reichen bis in die 1970er Jahre zur\u00fcck, als die ersten internationalen Wettk\u00e4mpfe f\u00fcr Kriegsveteranen und Sportler mit Behinderungen organisiert wurden. Seit 1976 ist die Sportart eine offizielle Disziplin der <strong>Paralympische Winterspiele<\/strong>seine zentrale Stellung im Laufe der Zeit beibehalten.<\/p>\n\n\n\n<p>Im Laufe der Jahre wurden die Regeln verfeinert, die Technologien weiterentwickelt und die Athleten haben au\u00dfergew\u00f6hnliche Leistungen erbracht, die in Bezug auf Aufwand und K\u00f6nnen mit denen ihrer olympischen Kollegen vergleichbar sind.<\/p>\n\n\n\n<p><strong>Paralympische Skilanglauf-Kategorien und Regeln<\/strong><\/p>\n\n\n\n<p>Die Athleten treten in drei Hauptkategorien an:<\/p>\n\n\n\n<ul class=\"wp-block-list\">\n<li><strong>Stehend<\/strong>f\u00fcr Personen mit Behinderungen in den oberen oder unteren Gliedma\u00dfen, die jedoch in der Lage sind, aufrecht Ski zu fahren.<\/li>\n\n\n\n<li><strong>Sitzen<\/strong>einen verwenden <em>Sitz-Ski<\/em>eine Art Schlitten mit unten angebrachten Skiern, geeignet f\u00fcr Menschen mit L\u00e4hmungen oder Amputationen der unteren Gliedma\u00dfen.<\/li>\n\n\n\n<li><strong>Sehbehinderte (sehbehindert und blind)<\/strong>Sie fahren mit einem F\u00fchrer, der ihnen Anweisungen gibt und sie auf der Strecke begleitet.<\/li>\n<\/ul>\n\n\n\n<p>Die Auswahlverfahren sind unterteilt in:<\/p>\n\n\n\n<ul class=\"wp-block-list\">\n<li><strong>Sprint<\/strong><\/li>\n\n\n\n<li><strong>Durchschnittliche Entfernung<\/strong><\/li>\n\n\n\n<li><strong>Langstrecke<\/strong><\/li>\n\n\n\n<li><strong>Gemischte Staffel<\/strong><\/li>\n<\/ul>\n\n\n\n<p>Die Distanz der Wettk\u00e4mpfe variiert je nach Kategorie und Geschlecht, aber die geforderte Anstrengung ist immer immens. Die Athleten trainieren Kraft, Ausdauer und Konzentration unter komplexen Umweltbedingungen.<\/p>\n\n\n\n<p><strong>Mailand Cortina 2026: Paralympischer Skilanglauf in Val di Fiemme<\/strong><\/p>\n\n\n\n<p>Im Jahr 2026 wird die <strong>Paralympische Winterspiele<\/strong> bringt den Skilanglauf in die wundersch\u00f6ne <strong>Fleimstal<\/strong>die bereits Schauplatz historischer Ausgaben des FIS-Weltcups war. Die <strong>Langlaufzentrum am Lago di Tesero<\/strong> wird der Austragungsort f\u00fcr die paralympischen Wettk\u00e4mpfe sein, der speziell angepasst wurde, um Zug\u00e4nglichkeit, Technologie und Komfort f\u00fcr Athleten und Zuschauer zu gew\u00e4hrleisten.<\/p>\n\n\n\n<p>Die von den schneebedeckten Dolomiten umgebene Strecke wird eine atemberaubende Kulisse f\u00fcr emotionsgeladene Rennen bieten. Die Trib\u00fcnen werden f\u00fcr alle zug\u00e4nglich sein, und die gesamte Anlage wird im Namen der Nachhaltigkeit mit erneuerbaren Energien betrieben.<\/p>\n\n\n\n<p><strong>Eine sportliche Herausforderung, eine universelle Botschaft<\/strong><\/p>\n\n\n\n<p>Jeder Athlet, der an einem paralympischen Skilanglauf-Wettbewerb teilnimmt, repr\u00e4sentiert viel mehr als eine Nationalmannschaft: Er steht f\u00fcr eine pers\u00f6nliche Geschichte, die aus St\u00fcrzen und Wiedergeburten besteht. Der Sport wird so zu einem Instrument der <strong>soziale Eingliederung<\/strong>von <strong>Chancengleichheit<\/strong> und von <strong>Inspiration f\u00fcr neue Generationen<\/strong>.<\/p>\n\n\n\n<p>Viele Paralympics-Sieger sind zu Botschaftern f\u00fcr den Sport und die Rechte von Menschen mit Behinderungen geworden. Ihre Geschichten werden in Dokumentarfilmen, B\u00fcchern und in den sozialen Medien erz\u00e4hlt und tragen dazu bei, das \u00f6ffentliche Bild von Behinderung zu ver\u00e4ndern.<\/p>\n\n\n\n<p><strong>Ein Sport, der \u00fcber das Podium hinausgeht<\/strong><\/p>\n\n\n\n<p>Beim paralympischen Skilanglauf werden nicht nur Medaillen vergeben, sondern auch Emotionen, Werte und Perspektivenwechsel. Die Athleten, die die verschneite Ziellinie \u00fcberqueren, oft nach einem Leben voller Herausforderungen, erinnern uns daran, dass <strong>der wahre Sieg besteht nicht darin, der Erste zu sein, sondern darin, weiter zu k\u00e4mpfen<\/strong>. Auf der Mail\u00e4nder Cortina 2026 werden die Augen der Welt auch auf sie gerichtet sein - und zwar nicht nur, um ihre Technik zu bewundern, sondern um sich inspirieren zu lassen.<\/p>\n<div class=\"amc-dopo-il-contenuto\" id=\"amc-2194494306\"><script type=\"text\/plain\" data-tcf=\"waiting-for-consent\" data-id=\"1033\" data-bid=\"1\">PGRpdiBpZD0iYW1jLTc4NzU2OTg5NyI+PHNjcmlwdCBhc3luYyBzcmM9Ii8vcGFnZWFkMi5nb29nbGVzeW5kaWNhdGlvbi5jb20vcGFnZWFkL2pzL2Fkc2J5Z29vZ2xlLmpzP2NsaWVudD1jYS1wdWItNDQwMTE0NTAyNzUzOTExNSIgY3Jvc3NvcmlnaW49ImFub255bW91cyI+PC9zY3JpcHQ+PGlucyBjbGFzcz0iYWRzYnlnb29nbGUiIHN0eWxlPSJkaXNwbGF5OmJsb2NrOyIgZGF0YS1hZC1jbGllbnQ9ImNhLXB1Yi00NDAxMTQ1MDI3NTM5MTE1IiAKZGF0YS1hZC1zbG90PSIiIApkYXRhLWFkLWZvcm1hdD0iYXV0byIgZGF0YS1mdWxsLXdpZHRoLXJlc3BvbnNpdmU9InRydWUiPjwvaW5zPgo8c2NyaXB0PiAKKGFkc2J5Z29vZ2xlID0gd2luZG93LmFkc2J5Z29vZ2xlIHx8IFtdKS5wdXNoKHt9KTsgCjwvc2NyaXB0Pgo8L2Rpdj4=<\/script><\/div>","protected":false},"excerpt":{"rendered":"<p>Lo sci di fondo paralimpico \u00e8 molto pi\u00f9 di uno sport: \u00e8 la dimostrazione pura di resilienza, determinazione e spirito umano. Nato per offrire opportunit\u00e0 sportive agli atleti con disabilit\u00e0 fisiche e visive, questo sport \u00e8 oggi uno dei pilastri delle Paralimpiadi Invernali, e a Milano Cortina 2026 sar\u00e0 tra i pi\u00f9 seguiti e partecipati. [&hellip;]<\/p>","protected":false},"author":3,"featured_media":409,"comment_status":"open","ping_status":"open","sticky":false,"template":"","format":"standard","meta":{"_acf_changed":false,"footnotes":""},"categories":[9],"tags":[],"class_list":["post-408","post","type-post","status-publish","format-standard","has-post-thumbnail","hentry","category-paralimpiadi"],"acf":[],"_links":{"self":[{"href":"https:\/\/aspettandomilanocortina2026.it\/de\/wp-json\/wp\/v2\/posts\/408","targetHints":{"allow":["GET"]}}],"collection":[{"href":"https:\/\/aspettandomilanocortina2026.it\/de\/wp-json\/wp\/v2\/posts"}],"about":[{"href":"https:\/\/aspettandomilanocortina2026.it\/de\/wp-json\/wp\/v2\/types\/post"}],"author":[{"embeddable":true,"href":"https:\/\/aspettandomilanocortina2026.it\/de\/wp-json\/wp\/v2\/users\/3"}],"replies":[{"embeddable":true,"href":"https:\/\/aspettandomilanocortina2026.it\/de\/wp-json\/wp\/v2\/comments?post=408"}],"version-history":[{"count":1,"href":"https:\/\/aspettandomilanocortina2026.it\/de\/wp-json\/wp\/v2\/posts\/408\/revisions"}],"predecessor-version":[{"id":410,"href":"https:\/\/aspettandomilanocortina2026.it\/de\/wp-json\/wp\/v2\/posts\/408\/revisions\/410"}],"wp:featuredmedia":[{"embeddable":true,"href":"https:\/\/aspettandomilanocortina2026.it\/de\/wp-json\/wp\/v2\/media\/409"}],"wp:attachment":[{"href":"https:\/\/aspettandomilanocortina2026.it\/de\/wp-json\/wp\/v2\/media?parent=408"}],"wp:term":[{"taxonomy":"category","embeddable":true,"href":"https:\/\/aspettandomilanocortina2026.it\/de\/wp-json\/wp\/v2\/categories?post=408"},{"taxonomy":"post_tag","embeddable":true,"href":"https:\/\/aspettandomilanocortina2026.it\/de\/wp-json\/wp\/v2\/tags?post=408"}],"curies":[{"name":"wp","href":"https:\/\/api.w.org\/{rel}","templated":true}]}}