{"id":381,"date":"2025-05-13T21:22:22","date_gmt":"2025-05-13T20:22:22","guid":{"rendered":"https:\/\/aspettandomilanocortina2026.it\/?p=381"},"modified":"2025-05-13T21:22:25","modified_gmt":"2025-05-13T20:22:25","slug":"die-ausgesetzte-ruckkehr-von-russland-und-weissrussland-zu-den-olympischen-spielen-2026-unter-neutraler-flagge","status":"publish","type":"post","link":"https:\/\/aspettandomilanocortina2026.it\/de\/die-ausgesetzte-ruckkehr-von-russland-und-weissrussland-zu-den-olympischen-spielen-2026-unter-neutraler-flagge\/","title":{"rendered":"Die ausgesetzte R\u00fcckkehr: Russland und Belarus bei den Olympischen Spielen 2026 unter neutraler Flagge"},"content":{"rendered":"<script type=\"text\/plain\" data-tcf=\"waiting-for-consent\" data-id=\"1033\" data-bid=\"1\" data-placement=\"1034\">PGRpdiBpZD0iYW1jLTE0MzE2OTgxNjAiIGNsYXNzPSJhbWMtcHJpbWEtZGVsLWNvbnRlbnV0byI+PHNjcmlwdCBhc3luYyBzcmM9Ii8vcGFnZWFkMi5nb29nbGVzeW5kaWNhdGlvbi5jb20vcGFnZWFkL2pzL2Fkc2J5Z29vZ2xlLmpzP2NsaWVudD1jYS1wdWItNDQwMTE0NTAyNzUzOTExNSIgY3Jvc3NvcmlnaW49ImFub255bW91cyI+PC9zY3JpcHQ+PGlucyBjbGFzcz0iYWRzYnlnb29nbGUiIHN0eWxlPSJkaXNwbGF5OmJsb2NrOyIgZGF0YS1hZC1jbGllbnQ9ImNhLXB1Yi00NDAxMTQ1MDI3NTM5MTE1IiAKZGF0YS1hZC1zbG90PSIiIApkYXRhLWFkLWZvcm1hdD0iYXV0byIgZGF0YS1mdWxsLXdpZHRoLXJlc3BvbnNpdmU9InRydWUiPjwvaW5zPgo8c2NyaXB0PiAKKGFkc2J5Z29vZ2xlID0gd2luZG93LmFkc2J5Z29vZ2xlIHx8IFtdKS5wdXNoKHt9KTsgCjwvc2NyaXB0Pgo8L2Rpdj4=<\/script>\n<p>Die Olympischen Winterspiele 2026 in Mailand-Cortina versprechen, eines der bedeutendsten Sportereignisse der letzten Jahrzehnte zu werden. Nicht nur wegen der au\u00dfergew\u00f6hnlichen italienischen Landschaft, sondern auch wegen der Entscheidung <strong>Russland und Wei\u00dfrussland<\/strong> - nach langem Ausschluss - die olympische B\u00fchne zu betreten, wenn auch in neutraler Funktion. Eine Entscheidung, die nach wie vor spaltet, Kontroversen hervorruft und tiefgreifende \u00dcberlegungen zu Sport, Diplomatie und Gerechtigkeit ausl\u00f6st.<\/p><script type=\"text\/plain\" data-tcf=\"waiting-for-consent\" data-id=\"1037\" data-bid=\"1\" data-placement=\"726\">PGRpdiBpZD0iYW1jLTEyNDYyMDA5NzEiIGNsYXNzPSJhbWMtcG9zdC1jb250ZW50IiBzdHlsZT0ibWFyZ2luLWxlZnQ6IGF1dG87bWFyZ2luLXJpZ2h0OiBhdXRvO3RleHQtYWxpZ246IGNlbnRlcjsiPjxzY3JpcHQgYXN5bmMgc3JjPSIvL3BhZ2VhZDIuZ29vZ2xlc3luZGljYXRpb24uY29tL3BhZ2VhZC9qcy9hZHNieWdvb2dsZS5qcz9jbGllbnQ9Y2EtcHViLTQ0MDExNDUwMjc1MzkxMTUiIGNyb3Nzb3JpZ2luPSJhbm9ueW1vdXMiPjwvc2NyaXB0PjxpbnMgY2xhc3M9ImFkc2J5Z29vZ2xlIiBzdHlsZT0iZGlzcGxheTpibG9jazsiIGRhdGEtYWQtY2xpZW50PSJjYS1wdWItNDQwMTE0NTAyNzUzOTExNSIgCmRhdGEtYWQtc2xvdD0iODAyMDU4Mzc5MyIgCmRhdGEtYWQtZm9ybWF0PSJhdXRvIiBkYXRhLWZ1bGwtd2lkdGgtcmVzcG9uc2l2ZT0idHJ1ZSI+PC9pbnM+CjxzY3JpcHQ+IAooYWRzYnlnb29nbGUgPSB3aW5kb3cuYWRzYnlnb29nbGUgfHwgW10pLnB1c2goe30pOyAKPC9zY3JpcHQ+CjwvZGl2PjxiciBzdHlsZT0iY2xlYXI6IGJvdGg7IGRpc3BsYXk6IGJsb2NrOyBmbG9hdDogbm9uZTsiLz4=<\/script>\n\n\n\n<p><strong>Im Spannungsfeld zwischen Sport und Geopolitik<\/strong><\/p><script type=\"text\/plain\" data-tcf=\"waiting-for-consent\" data-id=\"1033\" data-bid=\"1\" data-placement=\"985\">PGRpdiBpZD0iYW1jLTMxODAxMzEzNCIgY2xhc3M9ImFtYy1taC1taWQiPjxzY3JpcHQgYXN5bmMgc3JjPSIvL3BhZ2VhZDIuZ29vZ2xlc3luZGljYXRpb24uY29tL3BhZ2VhZC9qcy9hZHNieWdvb2dsZS5qcz9jbGllbnQ9Y2EtcHViLTQ0MDExNDUwMjc1MzkxMTUiIGNyb3Nzb3JpZ2luPSJhbm9ueW1vdXMiPjwvc2NyaXB0PjxpbnMgY2xhc3M9ImFkc2J5Z29vZ2xlIiBzdHlsZT0iZGlzcGxheTpibG9jazsiIGRhdGEtYWQtY2xpZW50PSJjYS1wdWItNDQwMTE0NTAyNzUzOTExNSIgCmRhdGEtYWQtc2xvdD0iIiAKZGF0YS1hZC1mb3JtYXQ9ImF1dG8iIGRhdGEtZnVsbC13aWR0aC1yZXNwb25zaXZlPSJ0cnVlIj48L2lucz4KPHNjcmlwdD4gCihhZHNieWdvb2dsZSA9IHdpbmRvdy5hZHNieWdvb2dsZSB8fCBbXSkucHVzaCh7fSk7IAo8L3NjcmlwdD4KPC9kaXY+<\/script>\n\n\n\n<p>Im Februar 2022, als Russland - mit aktiver Unterst\u00fctzung Wei\u00dfrusslands - in die Ukraine einmarschierte, reagierte die Sportwelt heftig. Das IOC verh\u00e4ngte eine Blockade aller offiziellen Veranstaltungen auf russischem und wei\u00dfrussischem Boden und verbot Athleten, Funktion\u00e4ren und Verb\u00e4nden die Teilnahme an olympischen und paralympischen Wettk\u00e4mpfen. Diese Suspendierung schien jahrelang andauern zu sollen.<\/p>\n\n\n\n<p>Aber die olympische Bewegung war auch immer eine <strong>eine Plattform f\u00fcr den Dialog<\/strong>und nach zwei Jahren der Spannungen und Vermittlungsversuche nahm das IOC die Gespr\u00e4che wieder auf. Ende 2024 kam der Wendepunkt: <strong>einige russische und wei\u00dfrussische Athleten k\u00f6nnen unter bestimmten Bedingungen an den Spielen von Mailand-Cortina 2026 teilnehmen<\/strong>.<\/p>\n\n\n\n<p><strong>R\u00fcck\u00fcbernahmebestimmungen: Wer kann sich bewerben?<\/strong><\/p>\n\n\n\n<p>Es handelt sich nicht um eine vollst\u00e4ndige Wiedereingliederung. Athleten, die teilnehmen, tun dies ausschlie\u00dflich als:<\/p>\n\n\n\n<ul class=\"wp-block-list\">\n<li><strong>Neutrale Einzelsportler (AIN)<\/strong>ohne Flaggen, Hymnen, Wappen oder nationale Symbole;<\/li>\n\n\n\n<li>Sie werden zus\u00e4tzlichen Kontrollen unterzogen, um sicherzustellen, dass keine Verbindungen zum Milit\u00e4rapparat oder zu staatlichen Propagandakampagnen bestehen;<\/li>\n\n\n\n<li>Ausgeschlossen von allen Formen der offiziellen Repr\u00e4sentation: Die Anwesenheit von russischen oder belarussischen Regierungsvertretern ist nicht gestattet, ebenso wenig wie Zeremonien mit Bezug zu den beiden L\u00e4ndern.<\/li>\n<\/ul>\n\n\n\n<p>Diese Formel ist nicht neu: Sie wurde bereits f\u00fcr die russischen Athleten in Tokio 2020 und Peking 2022 nach dem Dopingskandal angenommen. Der aktuelle Kontext - verbunden mit einem bewaffneten Konflikt - verst\u00e4rkt jedoch ihre symbolische und politische Bedeutung.<\/p>\n\n\n\n<p><strong>Milan Cortina: Warten auf die stille R\u00fcckkehr<\/strong><\/p>\n\n\n\n<p>Auf den Pisten des Valtellina, in den Arenen von Mailand und auf den Gipfeln des Val di Fiemme findet die R\u00fcckkehr der russischen und wei\u00dfrussischen Sportler statt. <strong>ohne gro\u00dfes Aufsehen, aber unter genauer Beobachtung der Medien<\/strong>.<\/p>\n\n\n\n<p>Es wird erwartet, dass einige der st\u00e4rksten Wintersportler teilnehmen werden, insbesondere in:<\/p>\n\n\n\n<ul class=\"wp-block-list\">\n<li><strong>Biathlon<\/strong>wo die russische Schule eine sehr lange Tradition hat;<\/li>\n\n\n\n<li><strong>Skilanglauf und Nordische Kombination<\/strong>mit Sportlern, die jede Saison dominieren k\u00f6nnen;<\/li>\n\n\n\n<li><strong>Eiskunstlauf<\/strong>wo Russland zu den am meisten betitelten L\u00e4ndern der Welt geh\u00f6rt;<\/li>\n\n\n\n<li><strong>Skeleton und Rennrodeln<\/strong>Disziplinen der Technik und des kalten Blutes.<\/li>\n<\/ul>\n\n\n\n<p>Jedes Podium, jeder Sieg wird jedoch mit Spannung aufgeladen sein. Die olympische Flagge wird anstelle der russischen Trikolore wehen, und die Hymne wird durch eine neutrale Melodie ersetzt, wie es in der j\u00fcngsten Vergangenheit bei den OAR-Athleten der Fall war.<\/p>\n\n\n\n<p><strong>Internationale Reaktionen: zwischen Diplomatie und Boykottdrohungen<\/strong><\/p>\n\n\n\n<p>Die R\u00fcckkehr von Russland und Wei\u00dfrussland spaltete die olympische Front:<\/p>\n\n\n\n<ul class=\"wp-block-list\">\n<li><strong>Ukraine \u00e4u\u00dferte tiefe Entt\u00e4uschung<\/strong>dass \"auch das Fehlen einer Flagge die moralische Verantwortung nicht ausl\u00f6scht\".<\/li>\n\n\n\n<li><strong>Baltische L\u00e4nder, Polen und einige skandinavische L\u00e4nder<\/strong> haben mit einem Boykott gedroht und argumentiert, dass man vor einer milit\u00e4rischen Aggression nicht die Augen verschlie\u00dfen kann.<\/li>\n\n\n\n<li>Auf der anderen Seite, <strong>Frankreich, Italien, Spanien und Deutschland<\/strong> unterst\u00fctzte die Entscheidung des IOC in der Hoffnung, dass \"die Sportler nicht f\u00fcr die politischen Fehler anderer bestraft werden\".<\/li>\n<\/ul>\n\n\n\n<p>Auch die Sportwelt ist gespalten. Einige ukrainische Athleten haben in den sozialen Medien Appelle ver\u00f6ffentlicht und um Unterst\u00fctzung durch ihre internationalen Kollegen gebeten. Andere Champions, darunter ehemalige russische Olympioniken, haben ihren Wunsch nach Frieden durch Wettbewerb und gegenseitigen Respekt betont.<\/p>\n\n\n\n<p><strong>Ein Fall f\u00fcr die Medien und die digitale Welt<\/strong><\/p>\n\n\n\n<p>Das Thema hat auch in der digitalen Welt gro\u00dfe Resonanz gefunden. Forschung in Bezug auf <strong>Olympische Spiele Russland 2026\".<\/strong>, <strong>neutrale Athleten Mailand Cortina'.<\/strong>, <strong>\"IOC-Entscheidung f\u00fcr Wei\u00dfrussland\"<\/strong> e <strong>Winterspiele und Geopolitik\".<\/strong> haben dramatisch zugenommen.<\/p>\n\n\n\n<p><strong>Eine symboltr\u00e4chtige Olympiade<\/strong><\/p>\n\n\n\n<p>Mailand Cortina 2026 wird sein <strong>viel mehr als ein Sportereignis<\/strong>. Es wird ein Scheideweg der Werte, Kompromisse und Hoffnungen sein. Die R\u00fcckkehr Russlands und Wei\u00dfrusslands - wenn auch in neutraler Form - wird aufmerksam verfolgt werden, denn jedes Podium wird auch ein Pr\u00fcfstein f\u00fcr das fragile Gleichgewicht zwischen Sport und Politik sein.<\/p>\n\n\n\n<p>Die Welt schaut zu. Und das Eis, das schweigt, wird erz\u00e4hlen, was Worte nicht k\u00f6nnen.<\/p>\n\n\n<div class=\"amc-sqrd-sidebar-bottom\" style=\"width: 970px;height: 250px;\" id=\"amc-1341923919\"><script type=\"text\/plain\" data-tcf=\"waiting-for-consent\" data-id=\"1033\" data-bid=\"1\">PGRpdiBpZD0iYW1jLTMwMTY0MDIyOCI+PHNjcmlwdCBhc3luYyBzcmM9Ii8vcGFnZWFkMi5nb29nbGVzeW5kaWNhdGlvbi5jb20vcGFnZWFkL2pzL2Fkc2J5Z29vZ2xlLmpzP2NsaWVudD1jYS1wdWItNDQwMTE0NTAyNzUzOTExNSIgY3Jvc3NvcmlnaW49ImFub255bW91cyI+PC9zY3JpcHQ+PGlucyBjbGFzcz0iYWRzYnlnb29nbGUiIHN0eWxlPSJkaXNwbGF5OmJsb2NrOyIgZGF0YS1hZC1jbGllbnQ9ImNhLXB1Yi00NDAxMTQ1MDI3NTM5MTE1IiAKZGF0YS1hZC1zbG90PSIiIApkYXRhLWFkLWZvcm1hdD0iYXV0byIgZGF0YS1mdWxsLXdpZHRoLXJlc3BvbnNpdmU9InRydWUiPjwvaW5zPgo8c2NyaXB0PiAKKGFkc2J5Z29vZ2xlID0gd2luZG93LmFkc2J5Z29vZ2xlIHx8IFtdKS5wdXNoKHt9KTsgCjwvc2NyaXB0Pgo8L2Rpdj4=<\/script><\/div><div class=\"amc-dopo-il-contenuto\" id=\"amc-2065472747\"><script type=\"text\/plain\" data-tcf=\"waiting-for-consent\" data-id=\"1033\" data-bid=\"1\">PGRpdiBpZD0iYW1jLTI1NjM3NTg0NDYiPjxzY3JpcHQgYXN5bmMgc3JjPSIvL3BhZ2VhZDIuZ29vZ2xlc3luZGljYXRpb24uY29tL3BhZ2VhZC9qcy9hZHNieWdvb2dsZS5qcz9jbGllbnQ9Y2EtcHViLTQ0MDExNDUwMjc1MzkxMTUiIGNyb3Nzb3JpZ2luPSJhbm9ueW1vdXMiPjwvc2NyaXB0PjxpbnMgY2xhc3M9ImFkc2J5Z29vZ2xlIiBzdHlsZT0iZGlzcGxheTpibG9jazsiIGRhdGEtYWQtY2xpZW50PSJjYS1wdWItNDQwMTE0NTAyNzUzOTExNSIgCmRhdGEtYWQtc2xvdD0iIiAKZGF0YS1hZC1mb3JtYXQ9ImF1dG8iIGRhdGEtZnVsbC13aWR0aC1yZXNwb25zaXZlPSJ0cnVlIj48L2lucz4KPHNjcmlwdD4gCihhZHNieWdvb2dsZSA9IHdpbmRvdy5hZHNieWdvb2dsZSB8fCBbXSkucHVzaCh7fSk7IAo8L3NjcmlwdD4KPC9kaXY+<\/script><\/div>","protected":false},"excerpt":{"rendered":"<p>Le Olimpiadi Invernali di Milano Cortina 2026 si preannunciano come uno degli eventi sportivi pi\u00f9 carichi di significato degli ultimi decenni. Non solo per l\u2019eccezionale cornice paesaggistica italiana, ma anche per la decisione che ha riportato Russia e Bielorussia \u2013 dopo una lunga esclusione \u2013 a calcare il palcoscenico olimpico, seppur in forma neutrale. Una [&hellip;]<\/p>","protected":false},"author":3,"featured_media":382,"comment_status":"open","ping_status":"open","sticky":false,"template":"","format":"standard","meta":{"_acf_changed":false,"footnotes":""},"categories":[1,2,4,5,7,9],"tags":[],"class_list":["post-381","post","type-post","status-publish","format-standard","has-post-thumbnail","hentry","category-notizie-e-aggiornamenti","category-atleti-e-squadre","category-dietro-le-quinte","category-guida-per-i-tifosi","category-milano-e-cortina","category-paralimpiadi"],"acf":[],"_links":{"self":[{"href":"https:\/\/aspettandomilanocortina2026.it\/de\/wp-json\/wp\/v2\/posts\/381","targetHints":{"allow":["GET"]}}],"collection":[{"href":"https:\/\/aspettandomilanocortina2026.it\/de\/wp-json\/wp\/v2\/posts"}],"about":[{"href":"https:\/\/aspettandomilanocortina2026.it\/de\/wp-json\/wp\/v2\/types\/post"}],"author":[{"embeddable":true,"href":"https:\/\/aspettandomilanocortina2026.it\/de\/wp-json\/wp\/v2\/users\/3"}],"replies":[{"embeddable":true,"href":"https:\/\/aspettandomilanocortina2026.it\/de\/wp-json\/wp\/v2\/comments?post=381"}],"version-history":[{"count":1,"href":"https:\/\/aspettandomilanocortina2026.it\/de\/wp-json\/wp\/v2\/posts\/381\/revisions"}],"predecessor-version":[{"id":383,"href":"https:\/\/aspettandomilanocortina2026.it\/de\/wp-json\/wp\/v2\/posts\/381\/revisions\/383"}],"wp:featuredmedia":[{"embeddable":true,"href":"https:\/\/aspettandomilanocortina2026.it\/de\/wp-json\/wp\/v2\/media\/382"}],"wp:attachment":[{"href":"https:\/\/aspettandomilanocortina2026.it\/de\/wp-json\/wp\/v2\/media?parent=381"}],"wp:term":[{"taxonomy":"category","embeddable":true,"href":"https:\/\/aspettandomilanocortina2026.it\/de\/wp-json\/wp\/v2\/categories?post=381"},{"taxonomy":"post_tag","embeddable":true,"href":"https:\/\/aspettandomilanocortina2026.it\/de\/wp-json\/wp\/v2\/tags?post=381"}],"curies":[{"name":"wp","href":"https:\/\/api.w.org\/{rel}","templated":true}]}}