{"id":377,"date":"2025-05-13T18:14:02","date_gmt":"2025-05-13T17:14:02","guid":{"rendered":"https:\/\/aspettandomilanocortina2026.it\/?p=377"},"modified":"2025-05-13T18:21:19","modified_gmt":"2025-05-13T17:21:19","slug":"paralympischer-alpiner-skilauf-schnelligkeit-mut-und-technik-auf-dem-schnee-in-mailand-cortina-2026","status":"publish","type":"post","link":"https:\/\/aspettandomilanocortina2026.it\/de\/paralympischer-alpiner-skilauf-schnelligkeit-mut-und-technik-auf-dem-schnee-in-mailand-cortina-2026\/","title":{"rendered":"Paralympischer Skialpinismus: Geschwindigkeit, Mut und Technik auf dem Schnee in Mailand Cortina 2026"},"content":{"rendered":"<script type=\"text\/plain\" data-tcf=\"waiting-for-consent\" data-id=\"1033\" data-bid=\"1\" data-placement=\"1034\">PGRpdiBpZD0iYW1jLTM1Mzc5NzQ0NzMiIGNsYXNzPSJhbWMtcHJpbWEtZGVsLWNvbnRlbnV0byI+PHNjcmlwdCBhc3luYyBzcmM9Ii8vcGFnZWFkMi5nb29nbGVzeW5kaWNhdGlvbi5jb20vcGFnZWFkL2pzL2Fkc2J5Z29vZ2xlLmpzP2NsaWVudD1jYS1wdWItNDQwMTE0NTAyNzUzOTExNSIgY3Jvc3NvcmlnaW49ImFub255bW91cyI+PC9zY3JpcHQ+PGlucyBjbGFzcz0iYWRzYnlnb29nbGUiIHN0eWxlPSJkaXNwbGF5OmJsb2NrOyIgZGF0YS1hZC1jbGllbnQ9ImNhLXB1Yi00NDAxMTQ1MDI3NTM5MTE1IiAKZGF0YS1hZC1zbG90PSIiIApkYXRhLWFkLWZvcm1hdD0iYXV0byIgZGF0YS1mdWxsLXdpZHRoLXJlc3BvbnNpdmU9InRydWUiPjwvaW5zPgo8c2NyaXB0PiAKKGFkc2J5Z29vZ2xlID0gd2luZG93LmFkc2J5Z29vZ2xlIHx8IFtdKS5wdXNoKHt9KTsgCjwvc2NyaXB0Pgo8L2Rpdj4=<\/script>\n<p>Auf den Gipfeln der schneebedeckten Gipfel, wo die Stille nur vom Ger\u00e4usch der Schneekufen durchbrochen wird, findet eine der aufregendsten Disziplinen der Paralympischen Winterspiele statt: der <strong>Paralympischer Ski Alpin<\/strong>. A <strong>Mailand Cortina 2026<\/strong>Der Sport wird eines der Herzst\u00fccke der Veranstaltung sein und symbolisiert Entschlossenheit, Geschicklichkeit und menschliche Anpassung \u00fcber alle Grenzen hinweg.<\/p><script type=\"text\/plain\" data-tcf=\"waiting-for-consent\" data-id=\"1037\" data-bid=\"1\" data-placement=\"726\">PGRpdiBpZD0iYW1jLTIwOTY0OTg3MjUiIGNsYXNzPSJhbWMtcG9zdC1jb250ZW50IiBzdHlsZT0ibWFyZ2luLWxlZnQ6IGF1dG87bWFyZ2luLXJpZ2h0OiBhdXRvO3RleHQtYWxpZ246IGNlbnRlcjsiPjxzY3JpcHQgYXN5bmMgc3JjPSIvL3BhZ2VhZDIuZ29vZ2xlc3luZGljYXRpb24uY29tL3BhZ2VhZC9qcy9hZHNieWdvb2dsZS5qcz9jbGllbnQ9Y2EtcHViLTQ0MDExNDUwMjc1MzkxMTUiIGNyb3Nzb3JpZ2luPSJhbm9ueW1vdXMiPjwvc2NyaXB0PjxpbnMgY2xhc3M9ImFkc2J5Z29vZ2xlIiBzdHlsZT0iZGlzcGxheTpibG9jazsiIGRhdGEtYWQtY2xpZW50PSJjYS1wdWItNDQwMTE0NTAyNzUzOTExNSIgCmRhdGEtYWQtc2xvdD0iODAyMDU4Mzc5MyIgCmRhdGEtYWQtZm9ybWF0PSJhdXRvIiBkYXRhLWZ1bGwtd2lkdGgtcmVzcG9uc2l2ZT0idHJ1ZSI+PC9pbnM+CjxzY3JpcHQ+IAooYWRzYnlnb29nbGUgPSB3aW5kb3cuYWRzYnlnb29nbGUgfHwgW10pLnB1c2goe30pOyAKPC9zY3JpcHQ+CjwvZGl2PjxiciBzdHlsZT0iY2xlYXI6IGJvdGg7IGRpc3BsYXk6IGJsb2NrOyBmbG9hdDogbm9uZTsiLz4=<\/script>\n\n\n\n<p><strong>Was ist paralympischer alpiner Skisport?<\/strong><\/p><script type=\"text\/plain\" data-tcf=\"waiting-for-consent\" data-id=\"1033\" data-bid=\"1\" data-placement=\"985\">PGRpdiBpZD0iYW1jLTM1ODE3MTk0OTUiIGNsYXNzPSJhbWMtbWgtbWlkIj48c2NyaXB0IGFzeW5jIHNyYz0iLy9wYWdlYWQyLmdvb2dsZXN5bmRpY2F0aW9uLmNvbS9wYWdlYWQvanMvYWRzYnlnb29nbGUuanM\/Y2xpZW50PWNhLXB1Yi00NDAxMTQ1MDI3NTM5MTE1IiBjcm9zc29yaWdpbj0iYW5vbnltb3VzIj48L3NjcmlwdD48aW5zIGNsYXNzPSJhZHNieWdvb2dsZSIgc3R5bGU9ImRpc3BsYXk6YmxvY2s7IiBkYXRhLWFkLWNsaWVudD0iY2EtcHViLTQ0MDExNDUwMjc1MzkxMTUiIApkYXRhLWFkLXNsb3Q9IiIgCmRhdGEtYWQtZm9ybWF0PSJhdXRvIiBkYXRhLWZ1bGwtd2lkdGgtcmVzcG9uc2l2ZT0idHJ1ZSI+PC9pbnM+CjxzY3JpcHQ+IAooYWRzYnlnb29nbGUgPSB3aW5kb3cuYWRzYnlnb29nbGUgfHwgW10pLnB1c2goe30pOyAKPC9zY3JpcHQ+CjwvZGl2Pg==<\/script>\n\n\n\n<p>Der paralympische alpine Skilauf ist eine Disziplin, die weitgehend den Regeln des olympischen alpinen Skilaufs folgt, aber f\u00fcr Athleten mit k\u00f6rperlichen oder visuellen Behinderungen angepasst ist. Die wichtigsten Kategorien sind:<\/p>\n\n\n\n<ul class=\"wp-block-list\">\n<li><strong>Sitzen<\/strong>: Athleten, die an einem Wettbewerb <em>monoski<\/em> mit Federung und gepolsterten Sitzen;<\/li>\n\n\n\n<li><strong>Stehend<\/strong>Athleten mit Prothesen oder Bewegungseinschr\u00e4nkungen, Skifahren mit oder ohne Hilfsmittel <em>Stabilisatoren<\/em>;<\/li>\n\n\n\n<li><strong>Blind<\/strong>: blinde oder sehbehinderte Skifahrer, die mit Hilfe eines Skilehrers bergab fahren <em>Leitfaden<\/em> \u00fcber Ohrh\u00f6rer.<\/li>\n<\/ul>\n\n\n\n<p>Zu den Wettbewerben geh\u00f6ren die klassischen Spezialit\u00e4ten:<\/p>\n\n\n\n<ul class=\"wp-block-list\">\n<li><strong>Slalom<\/strong><\/li>\n\n\n\n<li><strong>Riesenslalom<\/strong><\/li>\n\n\n\n<li><strong>Super-G<\/strong><\/li>\n\n\n\n<li><strong>Abfahrtslauf<\/strong><\/li>\n\n\n\n<li><strong>Alpin Kombiniert<\/strong><\/li>\n<\/ul>\n\n\n\n<p>Jeder Test ist eine Kombination aus Geschwindigkeit und Kontrolle, extremer Technik und Vertrauen, insbesondere f\u00fcr blinde F\u00fchrer-Athleten-Paare.<\/p>\n\n\n\n<p><strong>Wo man Rennen f\u00e4hrt: Livigno und Bormio in vorderster Front<\/strong><\/p>\n\n\n\n<p>W\u00e4hrend der <strong>Mailand Cortina 2026 Paralympische Winterspiele<\/strong>Die alpinen Skiwettbewerbe finden haupts\u00e4chlich in <strong>Bormio<\/strong>einem der ber\u00fchmtesten Skigebiete der Alpen, und teilweise in <strong>Livigno<\/strong>. Die Pisten werden vollst\u00e4ndig zug\u00e4nglich sein und den h\u00f6chsten internationalen Standards f\u00fcr Sicherheit und Integration entsprechen.<\/p>\n\n\n\n<ul class=\"wp-block-list\">\n<li><strong>Bormio<\/strong> werden die schnellsten und technisch anspruchsvollsten Rennen, wie Super-G und Abfahrt, ausgetragen.<\/li>\n\n\n\n<li><strong>Livigno<\/strong>mit seinen vielseitigeren Pisten, wird Slalom und Riesenslalom anbieten.<\/li>\n<\/ul>\n\n\n\n<p>Beide Austragungsorte werden mit barrierefreien Zuschauerpl\u00e4tzen, erleichterten Transportm\u00f6glichkeiten, beheizten Trib\u00fcnen und mehrsprachigen Informationsstellen ausgestattet sein.<\/p>\n\n\n\n<p><strong>Inklusion und Unterhaltung: Warum es sich lohnt, zuzuschauen<\/strong><\/p>\n\n\n\n<p>Die Teilnahme an einem paralympischen alpinen Skiwettbewerb bedeutet <strong>zu sehen, wie die Grenze des Unm\u00f6glichen immer weiter entfernt wird<\/strong>. Die Athleten bew\u00e4ltigen schwindelerregende Steigungen mit \u00fcber 100 km\/h, \u00fcberwinden H\u00f6henunterschiede, Kurven, vereisten Schnee und Hindernisse, und das alles mit einem ungew\u00f6hnlichen k\u00f6rperlichen und geistigen Bewusstsein.<\/p>\n\n\n\n<p>Die Beziehung zwischen dem blinden Athleten und seinem F\u00fchrer ist von absolutem Vertrauen gepr\u00e4gt. Monoskifahren erfordert millimetergenaues Gleichgewicht und explosive Kraft. Jede Abfahrt ist ein kleines Meisterwerk an Einfallsreichtum, Training und Herz.<\/p>\n\n\n\n<p><strong>Wie man an den Rennen in Mailand Cortina 2026 teilnimmt<\/strong><\/p>\n\n\n\n<p>Eintrittskarten f\u00fcr die paralympischen Wettbewerbe im alpinen Skifahren sind erh\u00e4ltlich bei <a href=\"https:\/\/milanocortina2026.org\" rel=\"nofollow noopener\" target=\"_blank\">milanocortina2026.org<\/a>mit Abschnitten, die f\u00fcr Menschen mit Behinderungen, Begleitpersonen und internationale Fans reserviert sind. Es werden kombinierte Pakete mit Transport, Unterkunft und Zugang zu Nebenveranstaltungen angeboten.<\/p>\n\n\n\n<p><strong>Livigno und Bormio<\/strong> wird von Mailand aus mit olympischen Shuttlebussen, Sonderz\u00fcgen nach Tirano und ausgestatteten lokalen Shuttlebussen leicht erreichbar sein.<\/p>\n\n\n\n<p><strong>Warum wir uns an diese Abfahrten erinnern werden<\/strong><\/p>\n\n\n\n<p>Die Olympischen und Paralympischen Spiele 2026 in Mailand-Cortina sind mehr als ein Sportereignis: Sie sind eine Botschaft. Und der paralympische alpine Skisport ist vielleicht die reinste Form davon. Es geht um Geschwindigkeit, aber auch um emotionale Ausgeglichenheit. Es geht um technische Pr\u00e4zision, aber auch um den Ausdruck des K\u00f6rpers \u00fcber alle Grenzen hinweg. Es ist eine Einladung, die Welt mit neuen Augen zu sehen - mit denen des<strong>Bewunderung<\/strong>kein Mitleid. Und wenn die Champions die Ziellinie \u00fcberqueren, befl\u00fcgelt von der Willenskraft und dem Jubel der Zuschauer, lernen auch wir Zuschauer etwas: <strong>dass der Grenzwert nur ein Ausgangspunkt ist<\/strong>.<\/p>\n\n\n<div class=\"amc-sqrd-sidebar-bottom\" style=\"width: 970px;height: 250px;\" id=\"amc-1302282084\"><script type=\"text\/plain\" data-tcf=\"waiting-for-consent\" data-id=\"1033\" data-bid=\"1\">PGRpdiBpZD0iYW1jLTgxNjA4OTUzNiI+PHNjcmlwdCBhc3luYyBzcmM9Ii8vcGFnZWFkMi5nb29nbGVzeW5kaWNhdGlvbi5jb20vcGFnZWFkL2pzL2Fkc2J5Z29vZ2xlLmpzP2NsaWVudD1jYS1wdWItNDQwMTE0NTAyNzUzOTExNSIgY3Jvc3NvcmlnaW49ImFub255bW91cyI+PC9zY3JpcHQ+PGlucyBjbGFzcz0iYWRzYnlnb29nbGUiIHN0eWxlPSJkaXNwbGF5OmJsb2NrOyIgZGF0YS1hZC1jbGllbnQ9ImNhLXB1Yi00NDAxMTQ1MDI3NTM5MTE1IiAKZGF0YS1hZC1zbG90PSIiIApkYXRhLWFkLWZvcm1hdD0iYXV0byIgZGF0YS1mdWxsLXdpZHRoLXJlc3BvbnNpdmU9InRydWUiPjwvaW5zPgo8c2NyaXB0PiAKKGFkc2J5Z29vZ2xlID0gd2luZG93LmFkc2J5Z29vZ2xlIHx8IFtdKS5wdXNoKHt9KTsgCjwvc2NyaXB0Pgo8L2Rpdj4=<\/script><\/div>\n\n\n<p><\/p>\n<div class=\"amc-dopo-il-contenuto\" id=\"amc-780267643\"><script type=\"text\/plain\" data-tcf=\"waiting-for-consent\" data-id=\"1033\" data-bid=\"1\">PGRpdiBpZD0iYW1jLTM3ODI5MTIyMTYiPjxzY3JpcHQgYXN5bmMgc3JjPSIvL3BhZ2VhZDIuZ29vZ2xlc3luZGljYXRpb24uY29tL3BhZ2VhZC9qcy9hZHNieWdvb2dsZS5qcz9jbGllbnQ9Y2EtcHViLTQ0MDExNDUwMjc1MzkxMTUiIGNyb3Nzb3JpZ2luPSJhbm9ueW1vdXMiPjwvc2NyaXB0PjxpbnMgY2xhc3M9ImFkc2J5Z29vZ2xlIiBzdHlsZT0iZGlzcGxheTpibG9jazsiIGRhdGEtYWQtY2xpZW50PSJjYS1wdWItNDQwMTE0NTAyNzUzOTExNSIgCmRhdGEtYWQtc2xvdD0iIiAKZGF0YS1hZC1mb3JtYXQ9ImF1dG8iIGRhdGEtZnVsbC13aWR0aC1yZXNwb25zaXZlPSJ0cnVlIj48L2lucz4KPHNjcmlwdD4gCihhZHNieWdvb2dsZSA9IHdpbmRvdy5hZHNieWdvb2dsZSB8fCBbXSkucHVzaCh7fSk7IAo8L3NjcmlwdD4KPC9kaXY+<\/script><\/div>","protected":false},"excerpt":{"rendered":"<p>In cima alle vette innevate, dove il silenzio si spezza solo dal suono di lamine che incidono la neve, va in scena una delle discipline pi\u00f9 emozionanti dei Giochi Paralimpici Invernali: lo sci alpino paralimpico. A Milano Cortina 2026, questo sport sar\u00e0 uno dei cuori pulsanti dell\u2019evento, simbolo di determinazione, abilit\u00e0 e adattamento umano oltre [&hellip;]<\/p>","protected":false},"author":3,"featured_media":380,"comment_status":"open","ping_status":"open","sticky":false,"template":"","format":"standard","meta":{"_acf_changed":false,"footnotes":""},"categories":[9],"tags":[],"class_list":["post-377","post","type-post","status-publish","format-standard","has-post-thumbnail","hentry","category-paralimpiadi"],"acf":[],"_links":{"self":[{"href":"https:\/\/aspettandomilanocortina2026.it\/de\/wp-json\/wp\/v2\/posts\/377","targetHints":{"allow":["GET"]}}],"collection":[{"href":"https:\/\/aspettandomilanocortina2026.it\/de\/wp-json\/wp\/v2\/posts"}],"about":[{"href":"https:\/\/aspettandomilanocortina2026.it\/de\/wp-json\/wp\/v2\/types\/post"}],"author":[{"embeddable":true,"href":"https:\/\/aspettandomilanocortina2026.it\/de\/wp-json\/wp\/v2\/users\/3"}],"replies":[{"embeddable":true,"href":"https:\/\/aspettandomilanocortina2026.it\/de\/wp-json\/wp\/v2\/comments?post=377"}],"version-history":[{"count":1,"href":"https:\/\/aspettandomilanocortina2026.it\/de\/wp-json\/wp\/v2\/posts\/377\/revisions"}],"predecessor-version":[{"id":379,"href":"https:\/\/aspettandomilanocortina2026.it\/de\/wp-json\/wp\/v2\/posts\/377\/revisions\/379"}],"wp:featuredmedia":[{"embeddable":true,"href":"https:\/\/aspettandomilanocortina2026.it\/de\/wp-json\/wp\/v2\/media\/380"}],"wp:attachment":[{"href":"https:\/\/aspettandomilanocortina2026.it\/de\/wp-json\/wp\/v2\/media?parent=377"}],"wp:term":[{"taxonomy":"category","embeddable":true,"href":"https:\/\/aspettandomilanocortina2026.it\/de\/wp-json\/wp\/v2\/categories?post=377"},{"taxonomy":"post_tag","embeddable":true,"href":"https:\/\/aspettandomilanocortina2026.it\/de\/wp-json\/wp\/v2\/tags?post=377"}],"curies":[{"name":"wp","href":"https:\/\/api.w.org\/{rel}","templated":true}]}}