{"id":374,"date":"2025-05-10T18:14:49","date_gmt":"2025-05-10T17:14:49","guid":{"rendered":"https:\/\/aspettandomilanocortina2026.it\/?p=374"},"modified":"2025-05-10T18:14:50","modified_gmt":"2025-05-10T17:14:50","slug":"eroffnungsfeier-der-winter-paralympics-2026-in-mailand-cortina-eine-nacht-des-lichts-und-des-mut","status":"publish","type":"post","link":"https:\/\/aspettandomilanocortina2026.it\/de\/eroffnungsfeier-der-winter-paralympics-2026-in-mailand-cortina-eine-nacht-des-lichts-und-des-mut\/","title":{"rendered":"Er\u00f6ffnungszeremonie der Paralympischen Winterspiele Mailand Cortina 2026: Eine Nacht des Lichts und des Mutes"},"content":{"rendered":"<script type=\"text\/plain\" data-tcf=\"waiting-for-consent\" data-id=\"1033\" data-bid=\"1\" data-placement=\"1034\">PGRpdiBpZD0iYW1jLTExMDc0MjIxNzUiIGNsYXNzPSJhbWMtcHJpbWEtZGVsLWNvbnRlbnV0byI+PHNjcmlwdCBhc3luYyBzcmM9Ii8vcGFnZWFkMi5nb29nbGVzeW5kaWNhdGlvbi5jb20vcGFnZWFkL2pzL2Fkc2J5Z29vZ2xlLmpzP2NsaWVudD1jYS1wdWItNDQwMTE0NTAyNzUzOTExNSIgY3Jvc3NvcmlnaW49ImFub255bW91cyI+PC9zY3JpcHQ+PGlucyBjbGFzcz0iYWRzYnlnb29nbGUiIHN0eWxlPSJkaXNwbGF5OmJsb2NrOyIgZGF0YS1hZC1jbGllbnQ9ImNhLXB1Yi00NDAxMTQ1MDI3NTM5MTE1IiAKZGF0YS1hZC1zbG90PSIiIApkYXRhLWFkLWZvcm1hdD0iYXV0byIgZGF0YS1mdWxsLXdpZHRoLXJlc3BvbnNpdmU9InRydWUiPjwvaW5zPgo8c2NyaXB0PiAKKGFkc2J5Z29vZ2xlID0gd2luZG93LmFkc2J5Z29vZ2xlIHx8IFtdKS5wdXNoKHt9KTsgCjwvc2NyaXB0Pgo8L2Rpdj4=<\/script>\n<p>Im Herzen von Mailand, das von den Reflexen des Schnees und des Stolzes erhellt wird, ist die <strong>Er\u00f6ffnungsfeier der Paralympischen Winterspiele Mailand Cortina 2026<\/strong> verspricht ein einzigartiges Ereignis zu werden: <strong>nicht nur ein Anfang, sondern eine Explosion von Bedeutung, Gef\u00fchl und Menschlichkeit<\/strong>.<\/p><script type=\"text\/plain\" data-tcf=\"waiting-for-consent\" data-id=\"1037\" data-bid=\"1\" data-placement=\"726\">PGRpdiBpZD0iYW1jLTI2ODY2MDI4MzQiIGNsYXNzPSJhbWMtcG9zdC1jb250ZW50IiBzdHlsZT0ibWFyZ2luLWxlZnQ6IGF1dG87bWFyZ2luLXJpZ2h0OiBhdXRvO3RleHQtYWxpZ246IGNlbnRlcjsiPjxzY3JpcHQgYXN5bmMgc3JjPSIvL3BhZ2VhZDIuZ29vZ2xlc3luZGljYXRpb24uY29tL3BhZ2VhZC9qcy9hZHNieWdvb2dsZS5qcz9jbGllbnQ9Y2EtcHViLTQ0MDExNDUwMjc1MzkxMTUiIGNyb3Nzb3JpZ2luPSJhbm9ueW1vdXMiPjwvc2NyaXB0PjxpbnMgY2xhc3M9ImFkc2J5Z29vZ2xlIiBzdHlsZT0iZGlzcGxheTpibG9jazsiIGRhdGEtYWQtY2xpZW50PSJjYS1wdWItNDQwMTE0NTAyNzUzOTExNSIgCmRhdGEtYWQtc2xvdD0iODAyMDU4Mzc5MyIgCmRhdGEtYWQtZm9ybWF0PSJhdXRvIiBkYXRhLWZ1bGwtd2lkdGgtcmVzcG9uc2l2ZT0idHJ1ZSI+PC9pbnM+CjxzY3JpcHQ+IAooYWRzYnlnb29nbGUgPSB3aW5kb3cuYWRzYnlnb29nbGUgfHwgW10pLnB1c2goe30pOyAKPC9zY3JpcHQ+CjwvZGl2PjxiciBzdHlsZT0iY2xlYXI6IGJvdGg7IGRpc3BsYXk6IGJsb2NrOyBmbG9hdDogbm9uZTsiLz4=<\/script>\n\n\n\n<p>Der gew\u00e4hlte Ort ist eines der emblematischsten Symbole der italienischen Moderne: das neue <strong>Palast der Funken<\/strong>im innovativen Stadtteil CityLife, einem Ort, an dem historische Industriearchitektur und Stadterneuerung miteinander verschmelzen. Hier wird sich am 6. M\u00e4rz 2026 die Welt treffen, um die paralympischen Athleten aus allen Kontinenten zu ehren.<\/p><script type=\"text\/plain\" data-tcf=\"waiting-for-consent\" data-id=\"1033\" data-bid=\"1\" data-placement=\"985\">PGRpdiBpZD0iYW1jLTk2MjI5NTk1MiIgY2xhc3M9ImFtYy1taC1taWQiPjxzY3JpcHQgYXN5bmMgc3JjPSIvL3BhZ2VhZDIuZ29vZ2xlc3luZGljYXRpb24uY29tL3BhZ2VhZC9qcy9hZHNieWdvb2dsZS5qcz9jbGllbnQ9Y2EtcHViLTQ0MDExNDUwMjc1MzkxMTUiIGNyb3Nzb3JpZ2luPSJhbm9ueW1vdXMiPjwvc2NyaXB0PjxpbnMgY2xhc3M9ImFkc2J5Z29vZ2xlIiBzdHlsZT0iZGlzcGxheTpibG9jazsiIGRhdGEtYWQtY2xpZW50PSJjYS1wdWItNDQwMTE0NTAyNzUzOTExNSIgCmRhdGEtYWQtc2xvdD0iIiAKZGF0YS1hZC1mb3JtYXQ9ImF1dG8iIGRhdGEtZnVsbC13aWR0aC1yZXNwb25zaXZlPSJ0cnVlIj48L2lucz4KPHNjcmlwdD4gCihhZHNieWdvb2dsZSA9IHdpbmRvdy5hZHNieWdvb2dsZSB8fCBbXSkucHVzaCh7fSk7IAo8L3NjcmlwdD4KPC9kaXY+<\/script>\n\n\n\n<p><strong>Der Palast der Funken: Der Tempel der Wiedergeburt<\/strong><\/p>\n\n\n\n<p>Das 1923 erbaute und f\u00fcr die Spiele v\u00f6llig neu gestaltete Geb\u00e4ude <strong>Palast der Funken<\/strong> ist heute eines der Symbole des modernen Mailand. F\u00fcr die paralympische Zeremonie wird es in eine sinnliche Arena verwandelt, die zug\u00e4nglich, einladend und voller <strong>integrative Technologien und immersive Szenografie<\/strong>.<\/p>\n\n\n\n<p>Die von einem internationalen Kreativteam gestaltete Zeremonie wird eine visuelle und musikalische Darstellung der zentralen Themen der paralympischen Bewegung sein: <strong>Widerstandsf\u00e4higkeit, Gleichberechtigung, Innovation und Gemeinschaft<\/strong>. Der Einzug der Delegationen wird von choreografierten T\u00e4nzen, Zeugnissen von Sportlern, Momenten der Reflexion und einer universellen Botschaft der Hoffnung begleitet.<\/p>\n\n\n\n<p><strong>Das paralympische Feuer und seine Symbole<\/strong><\/p>\n\n\n\n<p>Die Entz\u00fcndung der paralympischen Flamme wird der H\u00f6hepunkt des Abends sein. Nach der langen Reise der Fackel durch alpine D\u00f6rfer, St\u00e4dte und T\u00e4ler wird die Flamme in einem spannenden choreografischen Ritual in den Palazzo delle Scintille einlaufen. Der Athlet, der die Flamme entz\u00fcnden soll, wird aus den gro\u00dfen Namen der italienischen Paralympics-Geschichte ausgew\u00e4hlt - eine symbolische Geste, die Vergangenheit, Gegenwart und Zukunft miteinander verbindet.<\/p>\n\n\n\n<p><strong>Eintrittskarten und Zugang zur Veranstaltung<\/strong><\/p>\n\n\n\n<p>Eintrittskarten f\u00fcr die Er\u00f6ffnungsfeier sind auf der offiziellen Website erh\u00e4ltlich <a href=\"https:\/\/milanocortina2026.org\" rel=\"nofollow noopener\" target=\"_blank\">milanocortina2026.org<\/a>. F\u00fcr Begleitpersonen von Menschen mit Behinderungen wird es barrierefreie und kostenlose Preisb\u00e4nder geben.<\/p>\n\n\n\n<p>Jedes Ticket beinhaltet:<\/p>\n\n\n\n<ul class=\"wp-block-list\">\n<li>Vorrangiger Zugang f\u00fcr Personen mit eingeschr\u00e4nkter Mobilit\u00e4t<\/li>\n\n\n\n<li>Kostenlose \u00f6ffentliche Verkehrsmittel an Veranstaltungstagen<\/li>\n\n\n\n<li>Zugang zu Fanzonen und Erlebnisbereichen<\/li>\n<\/ul>\n\n\n\n<p><strong>So erreichen Sie den Funkenpalast<\/strong><\/p>\n\n\n\n<ul class=\"wp-block-list\">\n<li><strong>Mit der Metro<\/strong>Haltestelle \"Tre Torri\" der Linie M5, mit barrierefreien Wegen<\/li>\n\n\n\n<li><strong>Mit dem Zug<\/strong>Milano Centrale und Milano Porta Garibaldi sind mit dem CityLife-Viertel durch U-Bahnen und spezielle Shuttlebusse verbunden<\/li>\n\n\n\n<li><strong>Mit dem Auto<\/strong>Parkm\u00f6glichkeiten und geregelter Zugang f\u00fcr Menschen mit Behinderungen<\/li>\n\n\n\n<li><strong>Mit dem Flugzeug<\/strong>Linate und Malpensa mit direktem Pendelverkehr zum Zentrum<\/li>\n<\/ul>\n\n\n\n<p>Barrierefreie Dienste, LIS-Dolmetscher, taktile Karten, Apps zur Unterst\u00fctzung der Mobilit\u00e4t und geschulte Freiwillige werden w\u00e4hrend der Paralympics zur Verf\u00fcgung stehen.<\/p>\n\n\n\n<p><strong>Wo man in Mailand wohnen kann<\/strong><\/p>\n\n\n\n<p>Mailand wird Zuschauer aus der ganzen Welt mit einem umfassenden Gastfreundschaftsnetz empfangen. Ausgestattete Hotels, barrierefreie Pensionen, Herbergen und solidarische Einrichtungen werden in allen Stadtteilen zur Verf\u00fcgung stehen. Empfohlene Gebiete in der N\u00e4he der Zeremonie: <strong>CityLife<\/strong>, <strong>Schraffur<\/strong>, <strong>Simplon<\/strong> e <strong>Insel<\/strong>.<\/p>\n\n\n\n<p>Es wird dringend empfohlen, im Voraus zu buchen, und auf dem offiziellen Portal wird ein Bereich f\u00fcr Gastfreundschaft mit speziellen Filtern f\u00fcr die Zug\u00e4nglichkeit eingerichtet.<\/p>\n\n\n\n<p><strong>Milano in Festa: Eine Stadt f\u00fcr alle<\/strong><\/p>\n\n\n\n<p>W\u00e4hrend der Spiele verwandelt sich Mailand in eine <strong>Workshop zur st\u00e4dtischen Eingliederung<\/strong>mit Ausstellungen, kulturellen Veranstaltungen, Lichtinstallationen und Performances in der ganzen Stadt. Es wird eine Reise durch Design, Solidarit\u00e4t, Kunst und Technologie sein, die allen B\u00fcrgern und Besuchern offensteht.<\/p>\n\n\n\n<p>Von <strong>Domplatz<\/strong> unter <strong>MUDEC<\/strong>, von <strong>Schloss Sforza<\/strong> bis hin zu den Navigli - jeder Winkel der Stadt wird Geschichten von St\u00e4rke, Entschlossenheit und Talent erz\u00e4hlen. Die teilnehmenden Restaurants werden spezielle Men\u00fcs und Willkommensinitiativen f\u00fcr alle anbieten.<\/p>\n\n\n\n<p><strong>Der wahre Geist der Spiele<\/strong><\/p>\n\n\n\n<p>Die Er\u00f6ffnungsfeier der Paralympics findet statt <strong>mehr als eine Ausstellung<\/strong>Es wird ein Manifest sein. Eine Hymne an die W\u00fcrde, an die menschliche F\u00e4higkeit, jedes Hindernis zu \u00fcberwinden, an die Sch\u00f6nheit der Vielfalt. In dieser Nacht im M\u00e4rz wird Mailand nicht nur Gastgeber sein, sondern auch ein lebendiges Symbol f\u00fcr das, was die Paralympischen Spiele darstellen: die konkrete M\u00f6glichkeit einer gerechteren, zug\u00e4nglicheren und geeinten Welt.<\/p>\n\n\n<div class=\"amc-sqrd-sidebar-bottom\" style=\"width: 970px;height: 250px;\" id=\"amc-479409030\"><script type=\"text\/plain\" data-tcf=\"waiting-for-consent\" data-id=\"1033\" data-bid=\"1\">PGRpdiBpZD0iYW1jLTMxNDk0MTI5NzIiPjxzY3JpcHQgYXN5bmMgc3JjPSIvL3BhZ2VhZDIuZ29vZ2xlc3luZGljYXRpb24uY29tL3BhZ2VhZC9qcy9hZHNieWdvb2dsZS5qcz9jbGllbnQ9Y2EtcHViLTQ0MDExNDUwMjc1MzkxMTUiIGNyb3Nzb3JpZ2luPSJhbm9ueW1vdXMiPjwvc2NyaXB0PjxpbnMgY2xhc3M9ImFkc2J5Z29vZ2xlIiBzdHlsZT0iZGlzcGxheTpibG9jazsiIGRhdGEtYWQtY2xpZW50PSJjYS1wdWItNDQwMTE0NTAyNzUzOTExNSIgCmRhdGEtYWQtc2xvdD0iIiAKZGF0YS1hZC1mb3JtYXQ9ImF1dG8iIGRhdGEtZnVsbC13aWR0aC1yZXNwb25zaXZlPSJ0cnVlIj48L2lucz4KPHNjcmlwdD4gCihhZHNieWdvb2dsZSA9IHdpbmRvdy5hZHNieWdvb2dsZSB8fCBbXSkucHVzaCh7fSk7IAo8L3NjcmlwdD4KPC9kaXY+<\/script><\/div><div class=\"amc-dopo-il-contenuto\" id=\"amc-3685056330\"><script type=\"text\/plain\" data-tcf=\"waiting-for-consent\" data-id=\"1033\" data-bid=\"1\">PGRpdiBpZD0iYW1jLTEwMzAzMjM0ODYiPjxzY3JpcHQgYXN5bmMgc3JjPSIvL3BhZ2VhZDIuZ29vZ2xlc3luZGljYXRpb24uY29tL3BhZ2VhZC9qcy9hZHNieWdvb2dsZS5qcz9jbGllbnQ9Y2EtcHViLTQ0MDExNDUwMjc1MzkxMTUiIGNyb3Nzb3JpZ2luPSJhbm9ueW1vdXMiPjwvc2NyaXB0PjxpbnMgY2xhc3M9ImFkc2J5Z29vZ2xlIiBzdHlsZT0iZGlzcGxheTpibG9jazsiIGRhdGEtYWQtY2xpZW50PSJjYS1wdWItNDQwMTE0NTAyNzUzOTExNSIgCmRhdGEtYWQtc2xvdD0iIiAKZGF0YS1hZC1mb3JtYXQ9ImF1dG8iIGRhdGEtZnVsbC13aWR0aC1yZXNwb25zaXZlPSJ0cnVlIj48L2lucz4KPHNjcmlwdD4gCihhZHNieWdvb2dsZSA9IHdpbmRvdy5hZHNieWdvb2dsZSB8fCBbXSkucHVzaCh7fSk7IAo8L3NjcmlwdD4KPC9kaXY+<\/script><\/div>","protected":false},"excerpt":{"rendered":"<p>Nel cuore di una Milano illuminata dai riflessi della neve e dell\u2019orgoglio, la cerimonia d\u2019apertura dei Giochi Paralimpici Invernali Milano Cortina 2026 si annuncia come un evento unico nel suo genere: non solo un inizio, ma un\u2019esplosione di significato, emozione e umanit\u00e0. Il luogo scelto \u00e8 uno dei pi\u00f9 emblematici della modernit\u00e0 italiana: il nuovo [&hellip;]<\/p>","protected":false},"author":3,"featured_media":375,"comment_status":"open","ping_status":"open","sticky":false,"template":"","format":"standard","meta":{"_acf_changed":false,"footnotes":""},"categories":[9,7,1],"tags":[],"class_list":["post-374","post","type-post","status-publish","format-standard","has-post-thumbnail","hentry","category-paralimpiadi","category-milano-e-cortina","category-notizie-e-aggiornamenti"],"acf":[],"_links":{"self":[{"href":"https:\/\/aspettandomilanocortina2026.it\/de\/wp-json\/wp\/v2\/posts\/374","targetHints":{"allow":["GET"]}}],"collection":[{"href":"https:\/\/aspettandomilanocortina2026.it\/de\/wp-json\/wp\/v2\/posts"}],"about":[{"href":"https:\/\/aspettandomilanocortina2026.it\/de\/wp-json\/wp\/v2\/types\/post"}],"author":[{"embeddable":true,"href":"https:\/\/aspettandomilanocortina2026.it\/de\/wp-json\/wp\/v2\/users\/3"}],"replies":[{"embeddable":true,"href":"https:\/\/aspettandomilanocortina2026.it\/de\/wp-json\/wp\/v2\/comments?post=374"}],"version-history":[{"count":1,"href":"https:\/\/aspettandomilanocortina2026.it\/de\/wp-json\/wp\/v2\/posts\/374\/revisions"}],"predecessor-version":[{"id":376,"href":"https:\/\/aspettandomilanocortina2026.it\/de\/wp-json\/wp\/v2\/posts\/374\/revisions\/376"}],"wp:featuredmedia":[{"embeddable":true,"href":"https:\/\/aspettandomilanocortina2026.it\/de\/wp-json\/wp\/v2\/media\/375"}],"wp:attachment":[{"href":"https:\/\/aspettandomilanocortina2026.it\/de\/wp-json\/wp\/v2\/media?parent=374"}],"wp:term":[{"taxonomy":"category","embeddable":true,"href":"https:\/\/aspettandomilanocortina2026.it\/de\/wp-json\/wp\/v2\/categories?post=374"},{"taxonomy":"post_tag","embeddable":true,"href":"https:\/\/aspettandomilanocortina2026.it\/de\/wp-json\/wp\/v2\/tags?post=374"}],"curies":[{"name":"wp","href":"https:\/\/api.w.org\/{rel}","templated":true}]}}