{"id":371,"date":"2025-05-10T18:04:01","date_gmt":"2025-05-10T17:04:01","guid":{"rendered":"https:\/\/aspettandomilanocortina2026.it\/?p=371"},"modified":"2025-05-10T18:04:03","modified_gmt":"2025-05-10T17:04:03","slug":"olimpiadi-2026-a-verona-larena-dei-sogni-per-la-cerimonia-di-chiusura","status":"publish","type":"post","link":"https:\/\/aspettandomilanocortina2026.it\/de\/olimpiadi-2026-a-verona-larena-dei-sogni-per-la-cerimonia-di-chiusura\/","title":{"rendered":"Olympische Spiele 2026 in Verona: Die Arena der Tr\u00e4ume f\u00fcr die Abschlusszeremonie"},"content":{"rendered":"<script type=\"text\/plain\" data-tcf=\"waiting-for-consent\" data-id=\"1033\" data-bid=\"1\" data-placement=\"1034\">PGRpdiBpZD0iYW1jLTMyMDIwMjc1MDciIGNsYXNzPSJhbWMtcHJpbWEtZGVsLWNvbnRlbnV0byI+PHNjcmlwdCBhc3luYyBzcmM9Ii8vcGFnZWFkMi5nb29nbGVzeW5kaWNhdGlvbi5jb20vcGFnZWFkL2pzL2Fkc2J5Z29vZ2xlLmpzP2NsaWVudD1jYS1wdWItNDQwMTE0NTAyNzUzOTExNSIgY3Jvc3NvcmlnaW49ImFub255bW91cyI+PC9zY3JpcHQ+PGlucyBjbGFzcz0iYWRzYnlnb29nbGUiIHN0eWxlPSJkaXNwbGF5OmJsb2NrOyIgZGF0YS1hZC1jbGllbnQ9ImNhLXB1Yi00NDAxMTQ1MDI3NTM5MTE1IiAKZGF0YS1hZC1zbG90PSIiIApkYXRhLWFkLWZvcm1hdD0iYXV0byIgZGF0YS1mdWxsLXdpZHRoLXJlc3BvbnNpdmU9InRydWUiPjwvaW5zPgo8c2NyaXB0PiAKKGFkc2J5Z29vZ2xlID0gd2luZG93LmFkc2J5Z29vZ2xlIHx8IFtdKS5wdXNoKHt9KTsgCjwvc2NyaXB0Pgo8L2Rpdj4=<\/script>\n<p>Stadt der Kunst, der Musik und der ewigen Romantik, <strong>Verona<\/strong> wird die stimmungsvolle Kulisse f\u00fcr die <strong>Abschlussfeier der Olympischen Winterspiele Mailand Cortina 2026<\/strong>. Nicht irgendeinen Ort, sondern den<strong>Arena von Verona<\/strong>eines der ber\u00fchmtesten r\u00f6mischen Amphitheater der Welt, das die Majest\u00e4t der Geschichte mit der Modernit\u00e4t eines globalen Ereignisses verbinden wird.<\/p><script type=\"text\/plain\" data-tcf=\"waiting-for-consent\" data-id=\"1037\" data-bid=\"1\" data-placement=\"726\">PGRpdiBpZD0iYW1jLTE3MjM3ODU0MzQiIGNsYXNzPSJhbWMtcG9zdC1jb250ZW50IiBzdHlsZT0ibWFyZ2luLWxlZnQ6IGF1dG87bWFyZ2luLXJpZ2h0OiBhdXRvO3RleHQtYWxpZ246IGNlbnRlcjsiPjxzY3JpcHQgYXN5bmMgc3JjPSIvL3BhZ2VhZDIuZ29vZ2xlc3luZGljYXRpb24uY29tL3BhZ2VhZC9qcy9hZHNieWdvb2dsZS5qcz9jbGllbnQ9Y2EtcHViLTQ0MDExNDUwMjc1MzkxMTUiIGNyb3Nzb3JpZ2luPSJhbm9ueW1vdXMiPjwvc2NyaXB0PjxpbnMgY2xhc3M9ImFkc2J5Z29vZ2xlIiBzdHlsZT0iZGlzcGxheTpibG9jazsiIGRhdGEtYWQtY2xpZW50PSJjYS1wdWItNDQwMTE0NTAyNzUzOTExNSIgCmRhdGEtYWQtc2xvdD0iODAyMDU4Mzc5MyIgCmRhdGEtYWQtZm9ybWF0PSJhdXRvIiBkYXRhLWZ1bGwtd2lkdGgtcmVzcG9uc2l2ZT0idHJ1ZSI+PC9pbnM+CjxzY3JpcHQ+IAooYWRzYnlnb29nbGUgPSB3aW5kb3cuYWRzYnlnb29nbGUgfHwgW10pLnB1c2goe30pOyAKPC9zY3JpcHQ+CjwvZGl2PjxiciBzdHlsZT0iY2xlYXI6IGJvdGg7IGRpc3BsYXk6IGJsb2NrOyBmbG9hdDogbm9uZTsiLz4=<\/script>\n\n\n\n<p>In einer symboltr\u00e4chtigen Atmosph\u00e4re wird der Sport die Kultur an einem Abend umarmen, der im kollektiven Ged\u00e4chtnis bleiben wird. Verona, das seit jeher ein Kreuzungspunkt zwischen Nord und S\u00fcd, zwischen Romanismus und Renaissance war, wird zur B\u00fchne, auf der die Emotionen der Wettk\u00e4mpfe Platz machen f\u00fcr die Feier von Talent, Frieden und Einheit.<\/p><script type=\"text\/plain\" data-tcf=\"waiting-for-consent\" data-id=\"1033\" data-bid=\"1\" data-placement=\"985\">PGRpdiBpZD0iYW1jLTE3MjIzODcxOSIgY2xhc3M9ImFtYy1taC1taWQiPjxzY3JpcHQgYXN5bmMgc3JjPSIvL3BhZ2VhZDIuZ29vZ2xlc3luZGljYXRpb24uY29tL3BhZ2VhZC9qcy9hZHNieWdvb2dsZS5qcz9jbGllbnQ9Y2EtcHViLTQ0MDExNDUwMjc1MzkxMTUiIGNyb3Nzb3JpZ2luPSJhbm9ueW1vdXMiPjwvc2NyaXB0PjxpbnMgY2xhc3M9ImFkc2J5Z29vZ2xlIiBzdHlsZT0iZGlzcGxheTpibG9jazsiIGRhdGEtYWQtY2xpZW50PSJjYS1wdWItNDQwMTE0NTAyNzUzOTExNSIgCmRhdGEtYWQtc2xvdD0iIiAKZGF0YS1hZC1mb3JtYXQ9ImF1dG8iIGRhdGEtZnVsbC13aWR0aC1yZXNwb25zaXZlPSJ0cnVlIj48L2lucz4KPHNjcmlwdD4gCihhZHNieWdvb2dsZSA9IHdpbmRvdy5hZHNieWdvb2dsZSB8fCBbXSkucHVzaCh7fSk7IAo8L3NjcmlwdD4KPC9kaXY+<\/script>\n\n\n\n<p><strong>Die Arena von Verona: Das schlagende Herz der Zeremonie<\/strong><\/p>\n\n\n\n<p>Im Herzen der Stadt befindet sich das<strong>Arena von Verona<\/strong>Die im 1. Jahrhundert n. Chr. erbaute Arena wird Athleten, K\u00fcnstler und Zuschauer zu einem noch nie dagewesenen Ereignis empfangen. Die Arena, die weltweit f\u00fcr ihre Opernsaison im Sommer und die Auff\u00fchrung internationaler K\u00fcnstler bekannt ist, wird sich in ein Theater der Wunder verwandeln, in dem Sport und Kultur inmitten von Licht, Ton und spektakul\u00e4ren Choreografien miteinander tanzen werden.<\/p>\n\n\n\n<p>Zu diesem Anlass werden einige der fortschrittlichsten B\u00fchnentechnologien der Welt zum Einsatz kommen: dreidimensionale Effekte, holografische Projektionen, synchronisierte Lichtshows und eine weltweite Live-\u00dcbertragung, die Millionen von Zuschauern aus allen Kontinenten einbezieht. Es wird auch feierliche Momente und k\u00fcnstlerische Darbietungen geben, die den italienischen Wurzeln und dem universellen Geist der Spiele huldigen werden.<\/p>\n\n\n\n<p><strong>Teilnahmebedingungen: Tickets und Zugang<\/strong><\/p>\n\n\n\n<p>Eintrittskarten f\u00fcr die Zeremonie sind auf der offiziellen Website erh\u00e4ltlich <a href=\"https:\/\/milanocortina2026.org\" rel=\"nofollow noopener\" target=\"_blank\">milanocortina2026.org<\/a>. In Anbetracht der begrenzten Kapazit\u00e4t der Arena, des internationalen Interesses und des symbolischen Werts der Veranstaltung wird ein sofortiger \"Ausverkauf\" erwartet. Zus\u00e4tzlich zu den Standardtickets werden folgende Karten erh\u00e4ltlich sein <strong>VIP-Pakete<\/strong>gef\u00fchrte Erlebnisse und reservierter Zugang f\u00fcr Sponsoren und Delegationen.<\/p>\n\n\n\n<p>Jedes Ticket beinhaltet:<\/p>\n\n\n\n<ul class=\"wp-block-list\">\n<li>Kostenlose \u00f6ffentliche Verkehrsmittel am Tag der Veranstaltung<\/li>\n\n\n\n<li>Zugang zu speziellen Bereichen wie Fan-D\u00f6rfern und Lebensmittelgesch\u00e4ften<\/li>\n\n\n\n<li>Ma\u00dfgeschneidertes digitales Programm<\/li>\n<\/ul>\n\n\n\n<p><strong>Wie man nach Verona kommt: Alle Optionen<\/strong><\/p>\n\n\n\n<ul class=\"wp-block-list\">\n<li><strong>Mit dem Zug<\/strong>Verona Porta Nuova ist mit Frecciarossa-, Italo- und Regionalz\u00fcgen gut erreichbar.<\/li>\n\n\n\n<li><strong>Mit dem Auto<\/strong>Von den Autobahnen A4 und A22 aus leicht zu erreichen; Austausch von Parkpl\u00e4tzen mit eigens eingerichteten Shuttlebussen geplant.<\/li>\n\n\n\n<li><strong>Mit dem Flugzeug<\/strong>Der Flughafen Verona Valerio Catullo ist mit den wichtigsten italienischen und europ\u00e4ischen St\u00e4dten verbunden. F\u00fcr das Stadtzentrum werden spezielle Shuttlebusse zur Verf\u00fcgung stehen.<\/li>\n<\/ul>\n\n\n\n<p>W\u00e4hrend des olympischen Zeitraums werden die intermodalen Verbindungen verbessert, mit spezieller Beschilderung, Mobilit\u00e4ts-Apps und zug\u00e4nglichen Dienstleistungen auch f\u00fcr Menschen mit Behinderungen.<\/p>\n\n\n\n<p><strong>\u00dcbernachten in Verona: Wo kann man schlafen?<\/strong><\/p>\n\n\n\n<p>Die Stadt bietet eine breite Palette von L\u00f6sungen, vom Luxus des <strong>historische Geb\u00e4ude im Zentrum<\/strong>zu den komfortablen Hotels von <strong>Veronetta<\/strong>zu den gem\u00fctlichen Behausungen im <strong>Valpolicella<\/strong>. Aufgrund der zu erwartenden hohen Teilnehmerzahl wird empfohlen, bereits in den Monaten vor der Veranstaltung zu reservieren.<\/p>\n\n\n\n<p>Wir empfehlen auch L\u00f6sungen in benachbarten St\u00e4dten wie <strong>Vicenza<\/strong>, <strong>Peschiera del Garda<\/strong>, <strong>Mantua<\/strong>oder in den Seeb\u00e4dern, mit direkten Zugverbindungen nach Verona.<\/p>\n\n\n\n<p><strong>Veroneser Kultur, K\u00fcche und Emotionen<\/strong><\/p>\n\n\n\n<p>Verona wird viel mehr sein als ein Theater f\u00fcr die olympische Abschlussfeier. Es wird eine multisensorische Reise sein: Kunst, Geschichte, Wein und Gastronomie. Neben dem ber\u00fchmten <strong>Julias Balkon<\/strong>Verpassen Sie nicht den Sonnenuntergang am <strong>Steinerne Br\u00fccke<\/strong>, ein Spaziergang zum <strong>R\u00f6misches Theater<\/strong>oder ein Aperitif in <strong>Piazza-BH<\/strong>.<\/p>\n\n\n\n<p>Zu den zu probierenden Geschmacksrichtungen geh\u00f6ren:<\/p>\n\n\n\n<ul class=\"wp-block-list\">\n<li><strong>Risotto mit Amarone<\/strong><\/li>\n\n\n\n<li><strong>Alpenl\u00e4ndische Kn\u00f6del<\/strong><\/li>\n\n\n\n<li><strong>Pastissada de caval<\/strong><\/li>\n\n\n\n<li><strong>Monte-Veronese-K\u00e4se<\/strong><\/li>\n\n\n\n<li>begleitet von den gro\u00dfen Weinen der Region: <strong>Amarone<\/strong>, <strong>Recioto<\/strong>, <strong>Custoza<\/strong>, e <strong>Lugana<\/strong>.<\/li>\n<\/ul>\n\n\n\n<p>Parallel zu den Feierlichkeiten veranstaltet die Stadt eine <strong>Wei\u00dfe Olympische Nacht<\/strong>Die Veranstaltungen auf den Pl\u00e4tzen, die Kunstinstallationen, die offenen Museen und die Konzerte beleben die Stra\u00dfen des Stadtzentrums bis sp\u00e4t in die Nacht.<\/p>\n\n\n\n<p><strong>Die letzte Umarmung: Eine Zeremonie der Emotionen<\/strong><\/p>\n\n\n\n<p>Wenn die olympische Flamme zwischen den B\u00f6gen der Arena erlischt, wird dies wie das Ende eines epischen Buches sein, geschrieben mit Schnee, Tr\u00e4umen und Leidenschaft. Verona wird der Welt ein Finale bieten, das Herzen und Erinnerungen zum Schwingen bringt. Eine Ode an die Sch\u00f6nheit, die Einheit und den menschlichen Wunsch, \u00fcber sich hinauszuwachsen und zu teilen.<\/p>\n\n\n<div class=\"amc-sqrd-sidebar-bottom\" style=\"width: 970px;height: 250px;\" id=\"amc-2014684872\"><script type=\"text\/plain\" data-tcf=\"waiting-for-consent\" data-id=\"1033\" data-bid=\"1\">PGRpdiBpZD0iYW1jLTI2OTk0NTMwODgiPjxzY3JpcHQgYXN5bmMgc3JjPSIvL3BhZ2VhZDIuZ29vZ2xlc3luZGljYXRpb24uY29tL3BhZ2VhZC9qcy9hZHNieWdvb2dsZS5qcz9jbGllbnQ9Y2EtcHViLTQ0MDExNDUwMjc1MzkxMTUiIGNyb3Nzb3JpZ2luPSJhbm9ueW1vdXMiPjwvc2NyaXB0PjxpbnMgY2xhc3M9ImFkc2J5Z29vZ2xlIiBzdHlsZT0iZGlzcGxheTpibG9jazsiIGRhdGEtYWQtY2xpZW50PSJjYS1wdWItNDQwMTE0NTAyNzUzOTExNSIgCmRhdGEtYWQtc2xvdD0iIiAKZGF0YS1hZC1mb3JtYXQ9ImF1dG8iIGRhdGEtZnVsbC13aWR0aC1yZXNwb25zaXZlPSJ0cnVlIj48L2lucz4KPHNjcmlwdD4gCihhZHNieWdvb2dsZSA9IHdpbmRvdy5hZHNieWdvb2dsZSB8fCBbXSkucHVzaCh7fSk7IAo8L3NjcmlwdD4KPC9kaXY+<\/script><\/div><div class=\"amc-dopo-il-contenuto\" id=\"amc-1369110507\"><script type=\"text\/plain\" data-tcf=\"waiting-for-consent\" data-id=\"1033\" data-bid=\"1\">PGRpdiBpZD0iYW1jLTEwOTY1NDI5NTYiPjxzY3JpcHQgYXN5bmMgc3JjPSIvL3BhZ2VhZDIuZ29vZ2xlc3luZGljYXRpb24uY29tL3BhZ2VhZC9qcy9hZHNieWdvb2dsZS5qcz9jbGllbnQ9Y2EtcHViLTQ0MDExNDUwMjc1MzkxMTUiIGNyb3Nzb3JpZ2luPSJhbm9ueW1vdXMiPjwvc2NyaXB0PjxpbnMgY2xhc3M9ImFkc2J5Z29vZ2xlIiBzdHlsZT0iZGlzcGxheTpibG9jazsiIGRhdGEtYWQtY2xpZW50PSJjYS1wdWItNDQwMTE0NTAyNzUzOTExNSIgCmRhdGEtYWQtc2xvdD0iIiAKZGF0YS1hZC1mb3JtYXQ9ImF1dG8iIGRhdGEtZnVsbC13aWR0aC1yZXNwb25zaXZlPSJ0cnVlIj48L2lucz4KPHNjcmlwdD4gCihhZHNieWdvb2dsZSA9IHdpbmRvdy5hZHNieWdvb2dsZSB8fCBbXSkucHVzaCh7fSk7IAo8L3NjcmlwdD4KPC9kaXY+<\/script><\/div>","protected":false},"excerpt":{"rendered":"<p>Citt\u00e0 d\u2019 arte, musica e romanticismo eterno, Verona sar\u00e0 il suggestivo scenario della cerimonia di chiusura delle Olimpiadi Invernali Milano Cortina 2026. Non una location qualsiasi, ma l\u2019Arena di Verona, uno dei pi\u00f9 celebri anfiteatri romani al mondo, che unir\u00e0 la maestosit\u00e0 della storia con la modernit\u00e0 di un evento globale. In un\u2019atmosfera intrisa di [&hellip;]<\/p>","protected":false},"author":3,"featured_media":372,"comment_status":"open","ping_status":"open","sticky":false,"template":"","format":"standard","meta":{"_acf_changed":false,"footnotes":""},"categories":[1,3,4,5,7],"tags":[],"class_list":["post-371","post","type-post","status-publish","format-standard","has-post-thumbnail","hentry","category-notizie-e-aggiornamenti","category-calendario-gare","category-dietro-le-quinte","category-guida-per-i-tifosi","category-milano-e-cortina"],"acf":[],"_links":{"self":[{"href":"https:\/\/aspettandomilanocortina2026.it\/de\/wp-json\/wp\/v2\/posts\/371","targetHints":{"allow":["GET"]}}],"collection":[{"href":"https:\/\/aspettandomilanocortina2026.it\/de\/wp-json\/wp\/v2\/posts"}],"about":[{"href":"https:\/\/aspettandomilanocortina2026.it\/de\/wp-json\/wp\/v2\/types\/post"}],"author":[{"embeddable":true,"href":"https:\/\/aspettandomilanocortina2026.it\/de\/wp-json\/wp\/v2\/users\/3"}],"replies":[{"embeddable":true,"href":"https:\/\/aspettandomilanocortina2026.it\/de\/wp-json\/wp\/v2\/comments?post=371"}],"version-history":[{"count":1,"href":"https:\/\/aspettandomilanocortina2026.it\/de\/wp-json\/wp\/v2\/posts\/371\/revisions"}],"predecessor-version":[{"id":373,"href":"https:\/\/aspettandomilanocortina2026.it\/de\/wp-json\/wp\/v2\/posts\/371\/revisions\/373"}],"wp:featuredmedia":[{"embeddable":true,"href":"https:\/\/aspettandomilanocortina2026.it\/de\/wp-json\/wp\/v2\/media\/372"}],"wp:attachment":[{"href":"https:\/\/aspettandomilanocortina2026.it\/de\/wp-json\/wp\/v2\/media?parent=371"}],"wp:term":[{"taxonomy":"category","embeddable":true,"href":"https:\/\/aspettandomilanocortina2026.it\/de\/wp-json\/wp\/v2\/categories?post=371"},{"taxonomy":"post_tag","embeddable":true,"href":"https:\/\/aspettandomilanocortina2026.it\/de\/wp-json\/wp\/v2\/tags?post=371"}],"curies":[{"name":"wp","href":"https:\/\/api.w.org\/{rel}","templated":true}]}}