{"id":354,"date":"2025-05-08T20:54:37","date_gmt":"2025-05-08T19:54:37","guid":{"rendered":"https:\/\/aspettandomilanocortina2026.it\/?p=354"},"modified":"2025-05-08T20:54:39","modified_gmt":"2025-05-08T19:54:39","slug":"weiser-rauch-habemus-papa","status":"publish","type":"post","link":"https:\/\/aspettandomilanocortina2026.it\/de\/weiser-rauch-habemus-papa\/","title":{"rendered":"Wei\u00dfer Rauch... Habemus Papa!"},"content":{"rendered":"<script type=\"text\/plain\" data-tcf=\"waiting-for-consent\" data-id=\"1033\" data-bid=\"1\" data-placement=\"1034\">PGRpdiBpZD0iYW1jLTExNDM2ODk1ODUiIGNsYXNzPSJhbWMtcHJpbWEtZGVsLWNvbnRlbnV0byI+PHNjcmlwdCBhc3luYyBzcmM9Ii8vcGFnZWFkMi5nb29nbGVzeW5kaWNhdGlvbi5jb20vcGFnZWFkL2pzL2Fkc2J5Z29vZ2xlLmpzP2NsaWVudD1jYS1wdWItNDQwMTE0NTAyNzUzOTExNSIgY3Jvc3NvcmlnaW49ImFub255bW91cyI+PC9zY3JpcHQ+PGlucyBjbGFzcz0iYWRzYnlnb29nbGUiIHN0eWxlPSJkaXNwbGF5OmJsb2NrOyIgZGF0YS1hZC1jbGllbnQ9ImNhLXB1Yi00NDAxMTQ1MDI3NTM5MTE1IiAKZGF0YS1hZC1zbG90PSIiIApkYXRhLWFkLWZvcm1hdD0iYXV0byIgZGF0YS1mdWxsLXdpZHRoLXJlc3BvbnNpdmU9InRydWUiPjwvaW5zPgo8c2NyaXB0PiAKKGFkc2J5Z29vZ2xlID0gd2luZG93LmFkc2J5Z29vZ2xlIHx8IFtdKS5wdXNoKHt9KTsgCjwvc2NyaXB0Pgo8L2Rpdj4=<\/script>\n<p><strong>Wer ist der neue Papst und was bedeutet die Wahl seines Namens?<\/strong><\/p><script type=\"text\/plain\" data-tcf=\"waiting-for-consent\" data-id=\"1037\" data-bid=\"1\" data-placement=\"726\">PGRpdiBpZD0iYW1jLTEwODE3ODY2MTEiIGNsYXNzPSJhbWMtcG9zdC1jb250ZW50IiBzdHlsZT0ibWFyZ2luLWxlZnQ6IGF1dG87bWFyZ2luLXJpZ2h0OiBhdXRvO3RleHQtYWxpZ246IGNlbnRlcjsiPjxzY3JpcHQgYXN5bmMgc3JjPSIvL3BhZ2VhZDIuZ29vZ2xlc3luZGljYXRpb24uY29tL3BhZ2VhZC9qcy9hZHNieWdvb2dsZS5qcz9jbGllbnQ9Y2EtcHViLTQ0MDExNDUwMjc1MzkxMTUiIGNyb3Nzb3JpZ2luPSJhbm9ueW1vdXMiPjwvc2NyaXB0PjxpbnMgY2xhc3M9ImFkc2J5Z29vZ2xlIiBzdHlsZT0iZGlzcGxheTpibG9jazsiIGRhdGEtYWQtY2xpZW50PSJjYS1wdWItNDQwMTE0NTAyNzUzOTExNSIgCmRhdGEtYWQtc2xvdD0iODAyMDU4Mzc5MyIgCmRhdGEtYWQtZm9ybWF0PSJhdXRvIiBkYXRhLWZ1bGwtd2lkdGgtcmVzcG9uc2l2ZT0idHJ1ZSI+PC9pbnM+CjxzY3JpcHQ+IAooYWRzYnlnb29nbGUgPSB3aW5kb3cuYWRzYnlnb29nbGUgfHwgW10pLnB1c2goe30pOyAKPC9zY3JpcHQ+CjwvZGl2PjxiciBzdHlsZT0iY2xlYXI6IGJvdGg7IGRpc3BsYXk6IGJsb2NrOyBmbG9hdDogbm9uZTsiLz4=<\/script>\n\n\n\n<p>Am 8. Mai 2025, um 18:07 Uhr, verk\u00fcndete eine wei\u00dfe Rauchs\u00e4ule der Welt die Wahl des neuen Papstes der katholischen Kirche. Von der zentralen Loggia des Petersdoms ert\u00f6nte ein Name, der eine \u00c4ra pr\u00e4gen sollte: <strong>Leo XIV.<\/strong>. Aber wer ist dieser Pontifex aus den Vereinigten Staaten wirklich? Was ist seine Geschichte? Und warum hat er einen so aussagekr\u00e4ftigen Namen gew\u00e4hlt?<\/p><script type=\"text\/plain\" data-tcf=\"waiting-for-consent\" data-id=\"1033\" data-bid=\"1\" data-placement=\"985\">PGRpdiBpZD0iYW1jLTMyNzAxNjQ5NCIgY2xhc3M9ImFtYy1taC1taWQiPjxzY3JpcHQgYXN5bmMgc3JjPSIvL3BhZ2VhZDIuZ29vZ2xlc3luZGljYXRpb24uY29tL3BhZ2VhZC9qcy9hZHNieWdvb2dsZS5qcz9jbGllbnQ9Y2EtcHViLTQ0MDExNDUwMjc1MzkxMTUiIGNyb3Nzb3JpZ2luPSJhbm9ueW1vdXMiPjwvc2NyaXB0PjxpbnMgY2xhc3M9ImFkc2J5Z29vZ2xlIiBzdHlsZT0iZGlzcGxheTpibG9jazsiIGRhdGEtYWQtY2xpZW50PSJjYS1wdWItNDQwMTE0NTAyNzUzOTExNSIgCmRhdGEtYWQtc2xvdD0iIiAKZGF0YS1hZC1mb3JtYXQ9ImF1dG8iIGRhdGEtZnVsbC13aWR0aC1yZXNwb25zaXZlPSJ0cnVlIj48L2lucz4KPHNjcmlwdD4gCihhZHNieWdvb2dsZSA9IHdpbmRvdy5hZHNieWdvb2dsZSB8fCBbXSkucHVzaCh7fSk7IAo8L3NjcmlwdD4KPC9kaXY+<\/script>\n\n\n\n<p>In diesem Artikel verfolgen wir den Weg der <strong>Robert Francis Prevost<\/strong>von seiner Kindheit in Chicago bis zu seiner Wahl auf den Thron Petri, mit einem Blick auf die symbolische und spirituelle Bedeutung des Namens, den er als Oberhaupt der katholischen Kirche tragen will.<\/p>\n\n\n\n<p><strong>Robert Francis Prevost<\/strong> die <strong>14. September 1955<\/strong> a <strong>Chicago<\/strong>in einer zutiefst katholischen amerikanischen Familie. Schon in jungen Jahren zeichnete er sich durch einen reifen Glauben und einen Geist des Dienens aus, der ihn 1977 dazu veranlasste, sich dem<strong>Orden des Heiligen Augustinus<\/strong>eine der \u00e4ltesten und intellektuell lebendigsten Ordensgemeinschaften der Kirche.<\/p>\n\n\n\n<p>Nach dem Studium der Theologie und des kanonischen Rechts absolvierte er ein Studium an der <strong>P\u00e4pstliche Universit\u00e4t St. Thomas von Aquin<\/strong> in Rom. Aber sein Herz blickt weit weg, auf die Mission. Und so geht er Anfang der 1980er Jahre in die <strong>Peru<\/strong>wo er \u00fcber zwanzig Jahre lang in den \u00e4rmsten Gemeinden der Di\u00f6zese von <strong>Chiclayo,<\/strong> Arbeit als Missionar, Pastor, Erzieher und Berufsanimateur.<\/p>\n\n\n\n<p>Diese lange Erfahrung in Lateinamerika hat in ihm einen einfachen, b\u00fcrgernahen, auf Zuh\u00f6ren und Dialog ausgerichteten pastoralen Stil geformt.<\/p>\n\n\n\n<p><strong>Aufstieg in der Kirche: Bischof, Pr\u00e4fekt, Kardinal<\/strong><\/p>\n\n\n\n<p>Im Jahr 2014 ernannte ihn Papst Franziskus <strong>Bischof von Chiclayo<\/strong>in Anerkennung seiner tiefgreifenden Arbeit auf dem Gebiet der sozialen Gerechtigkeit und der Evangelisierung. Seine Person taucht auch weltweit auf, wenn er in der <strong>2023<\/strong>wird er nach Rom gerufen als <strong>Pr\u00e4fekt des Dikasteriums f\u00fcr die Bisch\u00f6fe<\/strong> und Pr\u00e4sident von <strong>P\u00e4pstliche Kommission f\u00fcr Lateinamerika<\/strong>. Dies ist ein Zeichen tiefen Vertrauens, aber auch eines wachsenden Konsenses unter den Kardin\u00e4len \u00fcber sein Profil als n\u00fcchterne, dialogf\u00e4hige und entschlossene F\u00fchrungspers\u00f6nlichkeit. Im Konsistorium vom September 2023 wird er zum <strong>Kardinal<\/strong>und wurde als Vollmitglied in das Kardinalskollegium und in die Kandidatenliste f\u00fcr ein k\u00fcnftiges Konklave aufgenommen. Unter <strong>Konklave im Mai 2025<\/strong>Nach dem Tod von Papst Franziskus erwies sich Prevost bereits in den ersten Wahlg\u00e4ngen als einer der st\u00e4rksten Kandidaten. Seine Ausgewogenheit zwischen Reform und Tradition, seine globale Erfahrung und sein pastoraler Stil haben die Zustimmung des Kardinalskollegiums gefunden. Im vierten Wahlgang wird er gew\u00e4hlt <strong>266. Pontifex in der Geschichte der Kirche<\/strong>.<\/p>\n\n\n\n<p><strong>Der gew\u00e4hlte Name: Warum \"Leo XIV\"?<\/strong><\/p>\n\n\n\n<p>Die Wahl des Namens <strong>Leo XIV.<\/strong> ist kein Zufall (der Name Leo wurde seit \u00fcber 120 Jahren nicht mehr gew\u00e4hlt). Er ist eine direkte Anspielung auf <strong>Leo XIII.<\/strong>Pontifex zwischen dem 19. und 20. Jahrhundert, bekannt durch die Enzyklika <em>Rerum Novarum<\/em>der die Kirche f\u00fcr das Thema der sozialen Gerechtigkeit und der Arbeit \u00f6ffnete. Ein moderner Papst, aber verwurzelt in der Lehre.<\/p>\n\n\n\n<p>Mit dieser Geste, <strong>Leo XIV.<\/strong> will eine Br\u00fccke zwischen der Vergangenheit und der Zukunft schlagen: ein Papsttum, das in der Tradition verwurzelt ist, aber in der Lage ist, die Welt mit neuen Augen zu betrachten. Es ist auch ein Zeichen f\u00fcr moralische und geistige St\u00e4rke: Der Name \"Leo\" erinnert an Mut, Festigkeit und F\u00fchrungsqualit\u00e4ten, Eigenschaften, die die Kirche in der heutigen Welt braucht.<\/p>\n\n\n\n<p>In seiner ersten Ansprache sprach Leo XIV. von einer Kirche, \"die den Dialog nicht f\u00fcrchtet, sondern der Wahrheit treu bleibt\", und bat die Gl\u00e4ubigen zu beten, \"dass ich ein Hirte und kein F\u00fcrst sein m\u00f6ge\".<\/p>\n\n\n\n<p><strong>Ein amerikanischer, aber universeller Papst<\/strong><\/p>\n\n\n\n<p>Leo XIV. ist der <strong>erster US-Papst der Geschichte<\/strong>. Eine Entscheidung, die unterstreicht, wie sehr die Kirche heute ist <strong>weltweit<\/strong> und zunehmend offen f\u00fcr die kulturellen und geistigen Randgebiete der Welt.<\/p>\n\n\n\n<p>Aber es ist auch die <strong>erster moderner Augustiner-Pontifikat<\/strong>Tr\u00e4ger einer gemeinschaftlichen Spiritualit\u00e4t des Dialogs und der Gewissenserforschung. Sein bisch\u00f6fliches Motto, <em>Christus nostra pax<\/em> (\"Christus ist unser Friede\"), fasst den Kern seiner Botschaft zusammen: eine vers\u00f6hnte, integrative und am Evangelium orientierte Kirche.<\/p>\n\n\n\n<p><strong>Fazit: Ein Papsttum der Kontinuit\u00e4t und Erneuerung<\/strong><\/p>\n\n\n\n<p>Leo XIV. ist ein Papst, der nicht spaltet, sondern eint. Ein globaler Hirte, der zuh\u00f6ren und handeln kann. Seine Geschichte der Mission, des Studiums, des Dienstes und der Demut ist bereits eine starke Botschaft f\u00fcr eine Kirche, die mit der Welt zusammengehen will.<\/p>\n\n\n\n<p>Sein Pontifikat hat gerade erst begonnen, aber seine ersten Worte und sein Name erinnern uns an eine grundlegende Sache: Die Kirche von morgen wird mit dem Herzen des Evangeliums und dem Mut des L\u00f6wen gebaut.<\/p>\n\n\n<div class=\"amc-sqrd-sidebar-bottom\" style=\"width: 970px;height: 250px;\" id=\"amc-3971058845\"><script type=\"text\/plain\" data-tcf=\"waiting-for-consent\" data-id=\"1033\" data-bid=\"1\">PGRpdiBpZD0iYW1jLTE0NzgyMDQ2NzgiPjxzY3JpcHQgYXN5bmMgc3JjPSIvL3BhZ2VhZDIuZ29vZ2xlc3luZGljYXRpb24uY29tL3BhZ2VhZC9qcy9hZHNieWdvb2dsZS5qcz9jbGllbnQ9Y2EtcHViLTQ0MDExNDUwMjc1MzkxMTUiIGNyb3Nzb3JpZ2luPSJhbm9ueW1vdXMiPjwvc2NyaXB0PjxpbnMgY2xhc3M9ImFkc2J5Z29vZ2xlIiBzdHlsZT0iZGlzcGxheTpibG9jazsiIGRhdGEtYWQtY2xpZW50PSJjYS1wdWItNDQwMTE0NTAyNzUzOTExNSIgCmRhdGEtYWQtc2xvdD0iIiAKZGF0YS1hZC1mb3JtYXQ9ImF1dG8iIGRhdGEtZnVsbC13aWR0aC1yZXNwb25zaXZlPSJ0cnVlIj48L2lucz4KPHNjcmlwdD4gCihhZHNieWdvb2dsZSA9IHdpbmRvdy5hZHNieWdvb2dsZSB8fCBbXSkucHVzaCh7fSk7IAo8L3NjcmlwdD4KPC9kaXY+<\/script><\/div><div class=\"amc-dopo-il-contenuto\" id=\"amc-2614893083\"><script type=\"text\/plain\" data-tcf=\"waiting-for-consent\" data-id=\"1033\" data-bid=\"1\">PGRpdiBpZD0iYW1jLTQxMTM4MjU5OCI+PHNjcmlwdCBhc3luYyBzcmM9Ii8vcGFnZWFkMi5nb29nbGVzeW5kaWNhdGlvbi5jb20vcGFnZWFkL2pzL2Fkc2J5Z29vZ2xlLmpzP2NsaWVudD1jYS1wdWItNDQwMTE0NTAyNzUzOTExNSIgY3Jvc3NvcmlnaW49ImFub255bW91cyI+PC9zY3JpcHQ+PGlucyBjbGFzcz0iYWRzYnlnb29nbGUiIHN0eWxlPSJkaXNwbGF5OmJsb2NrOyIgZGF0YS1hZC1jbGllbnQ9ImNhLXB1Yi00NDAxMTQ1MDI3NTM5MTE1IiAKZGF0YS1hZC1zbG90PSIiIApkYXRhLWFkLWZvcm1hdD0iYXV0byIgZGF0YS1mdWxsLXdpZHRoLXJlc3BvbnNpdmU9InRydWUiPjwvaW5zPgo8c2NyaXB0PiAKKGFkc2J5Z29vZ2xlID0gd2luZG93LmFkc2J5Z29vZ2xlIHx8IFtdKS5wdXNoKHt9KTsgCjwvc2NyaXB0Pgo8L2Rpdj4=<\/script><\/div>","protected":false},"excerpt":{"rendered":"<p>Chi \u00e8 il Nuovo Pontefice e Cosa Significa la Scelta del Suo Nome L\u20198 maggio 2025, alle ore 18:07, una colonna di fumo bianco ha annunciato al mondo l\u2019elezione del nuovo Pontefice della Chiesa cattolica. Dalla loggia centrale della Basilica di San Pietro \u00e8 risuonato un nome destinato a segnare un\u2019epoca: Leone XIV. Ma chi [&hellip;]<\/p>","protected":false},"author":3,"featured_media":355,"comment_status":"open","ping_status":"open","sticky":false,"template":"","format":"standard","meta":{"_acf_changed":false,"footnotes":""},"categories":[1],"tags":[],"class_list":["post-354","post","type-post","status-publish","format-standard","has-post-thumbnail","hentry","category-notizie-e-aggiornamenti"],"acf":[],"_links":{"self":[{"href":"https:\/\/aspettandomilanocortina2026.it\/de\/wp-json\/wp\/v2\/posts\/354","targetHints":{"allow":["GET"]}}],"collection":[{"href":"https:\/\/aspettandomilanocortina2026.it\/de\/wp-json\/wp\/v2\/posts"}],"about":[{"href":"https:\/\/aspettandomilanocortina2026.it\/de\/wp-json\/wp\/v2\/types\/post"}],"author":[{"embeddable":true,"href":"https:\/\/aspettandomilanocortina2026.it\/de\/wp-json\/wp\/v2\/users\/3"}],"replies":[{"embeddable":true,"href":"https:\/\/aspettandomilanocortina2026.it\/de\/wp-json\/wp\/v2\/comments?post=354"}],"version-history":[{"count":1,"href":"https:\/\/aspettandomilanocortina2026.it\/de\/wp-json\/wp\/v2\/posts\/354\/revisions"}],"predecessor-version":[{"id":356,"href":"https:\/\/aspettandomilanocortina2026.it\/de\/wp-json\/wp\/v2\/posts\/354\/revisions\/356"}],"wp:featuredmedia":[{"embeddable":true,"href":"https:\/\/aspettandomilanocortina2026.it\/de\/wp-json\/wp\/v2\/media\/355"}],"wp:attachment":[{"href":"https:\/\/aspettandomilanocortina2026.it\/de\/wp-json\/wp\/v2\/media?parent=354"}],"wp:term":[{"taxonomy":"category","embeddable":true,"href":"https:\/\/aspettandomilanocortina2026.it\/de\/wp-json\/wp\/v2\/categories?post=354"},{"taxonomy":"post_tag","embeddable":true,"href":"https:\/\/aspettandomilanocortina2026.it\/de\/wp-json\/wp\/v2\/tags?post=354"}],"curies":[{"name":"wp","href":"https:\/\/api.w.org\/{rel}","templated":true}]}}