{"id":345,"date":"2025-05-07T16:56:07","date_gmt":"2025-05-07T15:56:07","guid":{"rendered":"https:\/\/aspettandomilanocortina2026.it\/?p=345"},"modified":"2025-05-07T16:56:08","modified_gmt":"2025-05-07T15:56:08","slug":"val-di-fiemme-2026-die-wiege-des-nordischen-skisports-erfindet-sich-fur-die-olympiade-neu","status":"publish","type":"post","link":"https:\/\/aspettandomilanocortina2026.it\/de\/val-di-fiemme-2026-die-wiege-des-nordischen-skisports-erfindet-sich-fur-die-olympiade-neu\/","title":{"rendered":"Val di Fiemme 2026: Die Wiege des nordischen Skisports erfindet sich f\u00fcr die Olympischen Spiele neu"},"content":{"rendered":"<script type=\"text\/plain\" data-tcf=\"waiting-for-consent\" data-id=\"1033\" data-bid=\"1\" data-placement=\"1034\">PGRpdiBpZD0iYW1jLTEyMTYzMTgwMDEiIGNsYXNzPSJhbWMtcHJpbWEtZGVsLWNvbnRlbnV0byI+PHNjcmlwdCBhc3luYyBzcmM9Ii8vcGFnZWFkMi5nb29nbGVzeW5kaWNhdGlvbi5jb20vcGFnZWFkL2pzL2Fkc2J5Z29vZ2xlLmpzP2NsaWVudD1jYS1wdWItNDQwMTE0NTAyNzUzOTExNSIgY3Jvc3NvcmlnaW49ImFub255bW91cyI+PC9zY3JpcHQ+PGlucyBjbGFzcz0iYWRzYnlnb29nbGUiIHN0eWxlPSJkaXNwbGF5OmJsb2NrOyIgZGF0YS1hZC1jbGllbnQ9ImNhLXB1Yi00NDAxMTQ1MDI3NTM5MTE1IiAKZGF0YS1hZC1zbG90PSIiIApkYXRhLWFkLWZvcm1hdD0iYXV0byIgZGF0YS1mdWxsLXdpZHRoLXJlc3BvbnNpdmU9InRydWUiPjwvaW5zPgo8c2NyaXB0PiAKKGFkc2J5Z29vZ2xlID0gd2luZG93LmFkc2J5Z29vZ2xlIHx8IFtdKS5wdXNoKHt9KTsgCjwvc2NyaXB0Pgo8L2Rpdj4=<\/script>\n<p>Im Herzen des Trentino, inmitten von jahrhundertealten W\u00e4ldern und majest\u00e4tischen Gipfeln, liegt das <strong>Fleimstal<\/strong> bereitet sich auf die R\u00fcckkehr auf die olympische B\u00fchne vor. Mit seiner langen Tradition im nordischen Skisport ist dieses Tal in den Dolomiten bereit, eine der eindrucksvollsten und authentischsten Kulissen f\u00fcr die Spiele 2026 in Mailand-Cortina zu bieten.<\/p><script type=\"text\/plain\" data-tcf=\"waiting-for-consent\" data-id=\"1037\" data-bid=\"1\" data-placement=\"726\">PGRpdiBpZD0iYW1jLTIzMzkwMDk1NDIiIGNsYXNzPSJhbWMtcG9zdC1jb250ZW50IiBzdHlsZT0ibWFyZ2luLWxlZnQ6IGF1dG87bWFyZ2luLXJpZ2h0OiBhdXRvO3RleHQtYWxpZ246IGNlbnRlcjsiPjxzY3JpcHQgYXN5bmMgc3JjPSIvL3BhZ2VhZDIuZ29vZ2xlc3luZGljYXRpb24uY29tL3BhZ2VhZC9qcy9hZHNieWdvb2dsZS5qcz9jbGllbnQ9Y2EtcHViLTQ0MDExNDUwMjc1MzkxMTUiIGNyb3Nzb3JpZ2luPSJhbm9ueW1vdXMiPjwvc2NyaXB0PjxpbnMgY2xhc3M9ImFkc2J5Z29vZ2xlIiBzdHlsZT0iZGlzcGxheTpibG9jazsiIGRhdGEtYWQtY2xpZW50PSJjYS1wdWItNDQwMTE0NTAyNzUzOTExNSIgCmRhdGEtYWQtc2xvdD0iODAyMDU4Mzc5MyIgCmRhdGEtYWQtZm9ybWF0PSJhdXRvIiBkYXRhLWZ1bGwtd2lkdGgtcmVzcG9uc2l2ZT0idHJ1ZSI+PC9pbnM+CjxzY3JpcHQ+IAooYWRzYnlnb29nbGUgPSB3aW5kb3cuYWRzYnlnb29nbGUgfHwgW10pLnB1c2goe30pOyAKPC9zY3JpcHQ+CjwvZGl2PjxiciBzdHlsZT0iY2xlYXI6IGJvdGg7IGRpc3BsYXk6IGJsb2NrOyBmbG9hdDogbm9uZTsiLz4=<\/script>\n\n\n\n<p><strong>Das Haus des nordischen Skisports<\/strong><\/p><script type=\"text\/plain\" data-tcf=\"waiting-for-consent\" data-id=\"1033\" data-bid=\"1\" data-placement=\"985\">PGRpdiBpZD0iYW1jLTM3MzQxMzQxNzkiIGNsYXNzPSJhbWMtbWgtbWlkIj48c2NyaXB0IGFzeW5jIHNyYz0iLy9wYWdlYWQyLmdvb2dsZXN5bmRpY2F0aW9uLmNvbS9wYWdlYWQvanMvYWRzYnlnb29nbGUuanM\/Y2xpZW50PWNhLXB1Yi00NDAxMTQ1MDI3NTM5MTE1IiBjcm9zc29yaWdpbj0iYW5vbnltb3VzIj48L3NjcmlwdD48aW5zIGNsYXNzPSJhZHNieWdvb2dsZSIgc3R5bGU9ImRpc3BsYXk6YmxvY2s7IiBkYXRhLWFkLWNsaWVudD0iY2EtcHViLTQ0MDExNDUwMjc1MzkxMTUiIApkYXRhLWFkLXNsb3Q9IiIgCmRhdGEtYWQtZm9ybWF0PSJhdXRvIiBkYXRhLWZ1bGwtd2lkdGgtcmVzcG9uc2l2ZT0idHJ1ZSI+PC9pbnM+CjxzY3JpcHQ+IAooYWRzYnlnb29nbGUgPSB3aW5kb3cuYWRzYnlnb29nbGUgfHwgW10pLnB1c2goe30pOyAKPC9zY3JpcHQ+CjwvZGl2Pg==<\/script>\n\n\n\n<p>Es ist kein Zufall, dass das Val di Fiemme als Austragungsort f\u00fcr die <strong>Skilanglauf<\/strong>, <strong>Nordische Kombination<\/strong> e <strong>Skispringen<\/strong>. Die Stadt beherbergt eines der ber\u00fchmtesten Sportzentren Europas: das <strong>Langlaufzentrum am Lago di Tesero<\/strong> und die <strong>Stadion der Skisprungschanze Predazzo<\/strong>Einrichtungen, die bereits drei Nordische Skiweltmeisterschaften (1991, 2003, 2013) ausgerichtet haben.<\/p>\n\n\n\n<p>Im Vorfeld der Spiele wurden diese Anlagen komplett umgestaltet: neue R\u00e4ume f\u00fcr Athleten, Medien, Zuschauer, \u00fcberdachte Trib\u00fcnen, verbesserte Beschneiungsanlagen und Pisten, die nach internationalen technischen Kriterien millimetergenau abgesteckt wurden. Alles in Harmonie mit der umgebenden Natur.<\/p>\n\n\n\n<p><strong>Nordische Kombination und Springen: Die R\u00fcckkehr des Fluges<\/strong><\/p>\n\n\n\n<p>A <strong>Predazzo<\/strong>Die Renovierung des Skisprungstadions hat den Schanzen HS106 und HS135 neues Leben eingehaucht und sie mit nachhaltigen Materialien und digitaler Leistungsmesstechnik aufgewertet. Die Nordische Kombination - eine Sportart, die ein Symbol der olympischen Wintertradition ist - wird hier eine ihrer spektakul\u00e4rsten B\u00fchnen finden.<\/p>\n\n\n\n<p>W\u00e4hrend der Paralympics werden in demselben Gebiet auch die <strong>Ski nordisch para<\/strong>den gesamten Bezirk zu einem integrativen und zug\u00e4nglichen Sportzentrum zu machen.<\/p>\n\n\n\n<p><strong>Eine Olympiade ohne Auswirkungen<\/strong><\/p>\n\n\n\n<p>Eine der St\u00e4rken des Val di Fiemme ist sein Umweltbewusstsein. Die W\u00e4lder rund um die Einrichtungen werden seit Jahrhunderten nachhaltig bewirtschaftet, so dass das Tal f\u00fcr das \"harmonische\" Holz ber\u00fchmt ist, das f\u00fcr die Herstellung von Musikinstrumenten verwendet wird.<\/p>\n\n\n\n<p>Die olympischen Sanierungsma\u00dfnahmen wurden ohne neuen, dauerhaften Beton durchgef\u00fchrt: Die olympischen D\u00f6rfer werden tempor\u00e4r sein und wenig Auswirkungen haben, und die bestehenden Strukturen wurden mit Photovoltaikanlagen, Wasserr\u00fcckgewinnungssystemen und energiesparenden L\u00f6sungen aufger\u00fcstet.<\/p>\n\n\n\n<p>Auch der Verkehr wird umweltfreundlich sein: W\u00e4hrend der Spiele wird das Tal mit elektrischen Shuttlebussen, verbesserten Z\u00fcgen und Bike- und Ski-Sharing-Diensten bedient.<\/p>\n\n\n\n<p><strong>Gastfreundschaft und Gemeinschaft<\/strong><\/p>\n\n\n\n<p>Das Val di Fiemme besteht aus kleinen D\u00f6rfern, jedes mit seiner eigenen Seele: Cavalese, Tesero, Predazzo, Ziano, Castello di Fiemme... Sie alle sind an den Vorbereitungen f\u00fcr das Ereignis beteiligt, mit leichten und intelligenten Renovierungen von Hotels, Bauernh\u00f6fen und B&amp;Bs, bereit, Athleten, Journalisten und Zuschauer zu empfangen.<\/p>\n\n\n\n<p>Was dieses Tal jedoch einzigartig macht, ist seine authentische Gastfreundschaft: Hier ist jedes Sportereignis ein Dorffest, bei dem Tradition und Innovation nebeneinander bestehen. Und die Olympischen Spiele werden eine einzigartige Gelegenheit sein, diesen Geist der Welt zu zeigen.<\/p>\n\n\n\n<p><strong>Val di Fiemme 2026: Eine Olympiade, die mit dem Berg atmet<\/strong><\/p>\n\n\n\n<p>Val di Fiemme ist mehr als nur ein Austragungsort f\u00fcr Wettk\u00e4mpfe und ein gutes Beispiel daf\u00fcr, wie Gro\u00dfveranstaltungen in ein Gebiet integriert werden k\u00f6nnen, ohne es zu entstellen. Mit seinen geschichtstr\u00e4chtigen Anlagen, seinem Umweltschutz und einer Gemeinschaft, die dem Sport sehr zugetan ist, best\u00e4tigt sich dieses Tal als eines der Herzst\u00fccke von Mailand-Cortina 2026. Hier, inmitten von verschneiter Stille und Gleitfl\u00fcgen, werden Wettk\u00e4mpfe der Ausdauer, der Pr\u00e4zision und der Sch\u00f6nheit ausgetragen werden. Es wird eine Olympiade sein, die die Sprache der Berge sprechen wird - und das mit Stil.<\/p>\n\n\n<div class=\"amc-sqrd-sidebar-bottom\" style=\"width: 970px;height: 250px;\" id=\"amc-3427551489\"><script type=\"text\/plain\" data-tcf=\"waiting-for-consent\" data-id=\"1033\" data-bid=\"1\">PGRpdiBpZD0iYW1jLTEwOTYwMTM0NjgiPjxzY3JpcHQgYXN5bmMgc3JjPSIvL3BhZ2VhZDIuZ29vZ2xlc3luZGljYXRpb24uY29tL3BhZ2VhZC9qcy9hZHNieWdvb2dsZS5qcz9jbGllbnQ9Y2EtcHViLTQ0MDExNDUwMjc1MzkxMTUiIGNyb3Nzb3JpZ2luPSJhbm9ueW1vdXMiPjwvc2NyaXB0PjxpbnMgY2xhc3M9ImFkc2J5Z29vZ2xlIiBzdHlsZT0iZGlzcGxheTpibG9jazsiIGRhdGEtYWQtY2xpZW50PSJjYS1wdWItNDQwMTE0NTAyNzUzOTExNSIgCmRhdGEtYWQtc2xvdD0iIiAKZGF0YS1hZC1mb3JtYXQ9ImF1dG8iIGRhdGEtZnVsbC13aWR0aC1yZXNwb25zaXZlPSJ0cnVlIj48L2lucz4KPHNjcmlwdD4gCihhZHNieWdvb2dsZSA9IHdpbmRvdy5hZHNieWdvb2dsZSB8fCBbXSkucHVzaCh7fSk7IAo8L3NjcmlwdD4KPC9kaXY+<\/script><\/div><div class=\"amc-dopo-il-contenuto\" id=\"amc-1608150101\"><script type=\"text\/plain\" data-tcf=\"waiting-for-consent\" data-id=\"1033\" data-bid=\"1\">PGRpdiBpZD0iYW1jLTMyOTAxODE3OTYiPjxzY3JpcHQgYXN5bmMgc3JjPSIvL3BhZ2VhZDIuZ29vZ2xlc3luZGljYXRpb24uY29tL3BhZ2VhZC9qcy9hZHNieWdvb2dsZS5qcz9jbGllbnQ9Y2EtcHViLTQ0MDExNDUwMjc1MzkxMTUiIGNyb3Nzb3JpZ2luPSJhbm9ueW1vdXMiPjwvc2NyaXB0PjxpbnMgY2xhc3M9ImFkc2J5Z29vZ2xlIiBzdHlsZT0iZGlzcGxheTpibG9jazsiIGRhdGEtYWQtY2xpZW50PSJjYS1wdWItNDQwMTE0NTAyNzUzOTExNSIgCmRhdGEtYWQtc2xvdD0iIiAKZGF0YS1hZC1mb3JtYXQ9ImF1dG8iIGRhdGEtZnVsbC13aWR0aC1yZXNwb25zaXZlPSJ0cnVlIj48L2lucz4KPHNjcmlwdD4gCihhZHNieWdvb2dsZSA9IHdpbmRvdy5hZHNieWdvb2dsZSB8fCBbXSkucHVzaCh7fSk7IAo8L3NjcmlwdD4KPC9kaXY+<\/script><\/div>","protected":false},"excerpt":{"rendered":"<p>Nel cuore del Trentino, tra boschi secolari e vette maestose, la Val di Fiemme si prepara a tornare protagonista sulla scena olimpica. Con la sua lunga tradizione nello sci nordico, questa valle incastonata tra le Dolomiti \u00e8 pronta a offrire uno degli scenari pi\u00f9 suggestivi e autentici dei Giochi di Milano-Cortina 2026. La Casa dello [&hellip;]<\/p>","protected":false},"author":3,"featured_media":346,"comment_status":"open","ping_status":"open","sticky":false,"template":"","format":"standard","meta":{"_acf_changed":false,"footnotes":""},"categories":[1,4,7],"tags":[],"class_list":["post-345","post","type-post","status-publish","format-standard","has-post-thumbnail","hentry","category-notizie-e-aggiornamenti","category-dietro-le-quinte","category-milano-e-cortina"],"acf":[],"_links":{"self":[{"href":"https:\/\/aspettandomilanocortina2026.it\/de\/wp-json\/wp\/v2\/posts\/345","targetHints":{"allow":["GET"]}}],"collection":[{"href":"https:\/\/aspettandomilanocortina2026.it\/de\/wp-json\/wp\/v2\/posts"}],"about":[{"href":"https:\/\/aspettandomilanocortina2026.it\/de\/wp-json\/wp\/v2\/types\/post"}],"author":[{"embeddable":true,"href":"https:\/\/aspettandomilanocortina2026.it\/de\/wp-json\/wp\/v2\/users\/3"}],"replies":[{"embeddable":true,"href":"https:\/\/aspettandomilanocortina2026.it\/de\/wp-json\/wp\/v2\/comments?post=345"}],"version-history":[{"count":1,"href":"https:\/\/aspettandomilanocortina2026.it\/de\/wp-json\/wp\/v2\/posts\/345\/revisions"}],"predecessor-version":[{"id":347,"href":"https:\/\/aspettandomilanocortina2026.it\/de\/wp-json\/wp\/v2\/posts\/345\/revisions\/347"}],"wp:featuredmedia":[{"embeddable":true,"href":"https:\/\/aspettandomilanocortina2026.it\/de\/wp-json\/wp\/v2\/media\/346"}],"wp:attachment":[{"href":"https:\/\/aspettandomilanocortina2026.it\/de\/wp-json\/wp\/v2\/media?parent=345"}],"wp:term":[{"taxonomy":"category","embeddable":true,"href":"https:\/\/aspettandomilanocortina2026.it\/de\/wp-json\/wp\/v2\/categories?post=345"},{"taxonomy":"post_tag","embeddable":true,"href":"https:\/\/aspettandomilanocortina2026.it\/de\/wp-json\/wp\/v2\/tags?post=345"}],"curies":[{"name":"wp","href":"https:\/\/api.w.org\/{rel}","templated":true}]}}