{"id":342,"date":"2025-05-07T16:51:15","date_gmt":"2025-05-07T15:51:15","guid":{"rendered":"https:\/\/aspettandomilanocortina2026.it\/?p=342"},"modified":"2025-05-07T16:51:16","modified_gmt":"2025-05-07T15:51:16","slug":"livigno-2026-das-kleine-italienische-tibet-bereitet-sich-auf-das-grose-olympische-ereignis-vor","status":"publish","type":"post","link":"https:\/\/aspettandomilanocortina2026.it\/de\/livigno-2026-das-kleine-italienische-tibet-bereitet-sich-auf-das-grose-olympische-ereignis-vor\/","title":{"rendered":"Livigno 2026: Das kleine italienische Tibet bereitet sich auf das olympische Gro\u00dfereignis vor"},"content":{"rendered":"<script type=\"text\/plain\" data-tcf=\"waiting-for-consent\" data-id=\"1033\" data-bid=\"1\" data-placement=\"1034\">PGRpdiBpZD0iYW1jLTIyMTQ0MjE1MjAiIGNsYXNzPSJhbWMtcHJpbWEtZGVsLWNvbnRlbnV0byI+PHNjcmlwdCBhc3luYyBzcmM9Ii8vcGFnZWFkMi5nb29nbGVzeW5kaWNhdGlvbi5jb20vcGFnZWFkL2pzL2Fkc2J5Z29vZ2xlLmpzP2NsaWVudD1jYS1wdWItNDQwMTE0NTAyNzUzOTExNSIgY3Jvc3NvcmlnaW49ImFub255bW91cyI+PC9zY3JpcHQ+PGlucyBjbGFzcz0iYWRzYnlnb29nbGUiIHN0eWxlPSJkaXNwbGF5OmJsb2NrOyIgZGF0YS1hZC1jbGllbnQ9ImNhLXB1Yi00NDAxMTQ1MDI3NTM5MTE1IiAKZGF0YS1hZC1zbG90PSIiIApkYXRhLWFkLWZvcm1hdD0iYXV0byIgZGF0YS1mdWxsLXdpZHRoLXJlc3BvbnNpdmU9InRydWUiPjwvaW5zPgo8c2NyaXB0PiAKKGFkc2J5Z29vZ2xlID0gd2luZG93LmFkc2J5Z29vZ2xlIHx8IFtdKS5wdXNoKHt9KTsgCjwvc2NyaXB0Pgo8L2Rpdj4=<\/script>\n<p>In den h\u00f6chsten Bergen der Lombardei, an der Grenze zur Schweiz, steht <strong>Livigno<\/strong>einer der beliebtesten alpinen Urlaubsorte Italiens. Livigno, das wegen seines trockenen Klimas, seiner H\u00f6henlage und seiner malerischen T\u00e4ler als \"Klein-Tibet\" bekannt ist, erf\u00e4hrt im Hinblick auf die Olympischen und Paralympischen Winterspiele im kommenden Jahr eine Metamorphose. <strong>Mailand-Cortina 2026<\/strong>.<\/p><script type=\"text\/plain\" data-tcf=\"waiting-for-consent\" data-id=\"1037\" data-bid=\"1\" data-placement=\"726\">PGRpdiBpZD0iYW1jLTI5NjMxNDU1OTIiIGNsYXNzPSJhbWMtcG9zdC1jb250ZW50IiBzdHlsZT0ibWFyZ2luLWxlZnQ6IGF1dG87bWFyZ2luLXJpZ2h0OiBhdXRvO3RleHQtYWxpZ246IGNlbnRlcjsiPjxzY3JpcHQgYXN5bmMgc3JjPSIvL3BhZ2VhZDIuZ29vZ2xlc3luZGljYXRpb24uY29tL3BhZ2VhZC9qcy9hZHNieWdvb2dsZS5qcz9jbGllbnQ9Y2EtcHViLTQ0MDExNDUwMjc1MzkxMTUiIGNyb3Nzb3JpZ2luPSJhbm9ueW1vdXMiPjwvc2NyaXB0PjxpbnMgY2xhc3M9ImFkc2J5Z29vZ2xlIiBzdHlsZT0iZGlzcGxheTpibG9jazsiIGRhdGEtYWQtY2xpZW50PSJjYS1wdWItNDQwMTE0NTAyNzUzOTExNSIgCmRhdGEtYWQtc2xvdD0iODAyMDU4Mzc5MyIgCmRhdGEtYWQtZm9ybWF0PSJhdXRvIiBkYXRhLWZ1bGwtd2lkdGgtcmVzcG9uc2l2ZT0idHJ1ZSI+PC9pbnM+CjxzY3JpcHQ+IAooYWRzYnlnb29nbGUgPSB3aW5kb3cuYWRzYnlnb29nbGUgfHwgW10pLnB1c2goe30pOyAKPC9zY3JpcHQ+CjwvZGl2PjxiciBzdHlsZT0iY2xlYXI6IGJvdGg7IGRpc3BsYXk6IGJsb2NrOyBmbG9hdDogbm9uZTsiLz4=<\/script>\n\n\n\n<p><strong>Das K\u00f6nigreich des Skilanglaufs<\/strong><\/p><script type=\"text\/plain\" data-tcf=\"waiting-for-consent\" data-id=\"1033\" data-bid=\"1\" data-placement=\"985\">PGRpdiBpZD0iYW1jLTU1NDA0MzkxMCIgY2xhc3M9ImFtYy1taC1taWQiPjxzY3JpcHQgYXN5bmMgc3JjPSIvL3BhZ2VhZDIuZ29vZ2xlc3luZGljYXRpb24uY29tL3BhZ2VhZC9qcy9hZHNieWdvb2dsZS5qcz9jbGllbnQ9Y2EtcHViLTQ0MDExNDUwMjc1MzkxMTUiIGNyb3Nzb3JpZ2luPSJhbm9ueW1vdXMiPjwvc2NyaXB0PjxpbnMgY2xhc3M9ImFkc2J5Z29vZ2xlIiBzdHlsZT0iZGlzcGxheTpibG9jazsiIGRhdGEtYWQtY2xpZW50PSJjYS1wdWItNDQwMTE0NTAyNzUzOTExNSIgCmRhdGEtYWQtc2xvdD0iIiAKZGF0YS1hZC1mb3JtYXQ9ImF1dG8iIGRhdGEtZnVsbC13aWR0aC1yZXNwb25zaXZlPSJ0cnVlIj48L2lucz4KPHNjcmlwdD4gCihhZHNieWdvb2dsZSA9IHdpbmRvdy5hZHNieWdvb2dsZSB8fCBbXSkucHVzaCh7fSk7IAo8L3NjcmlwdD4KPC9kaXY+<\/script>\n\n\n\n<p>Livigno wird das pulsierende Herz der Wettbewerbe der <strong>Skilanglauf<\/strong>. Die H\u00f6henlage (1.816 m \u00fcber dem Meeresspiegel) und die langen, schneereichen Winter machen es zu einem idealen Ort f\u00fcr diesen Sport. Das Tal bietet bereits Dutzende von Kilometern an pr\u00e4parierten Loipen, aber die Olympiastrecke ist wie geschaffen f\u00fcr M\u00e4nner-, Frauen- und gemischte Rennen.<\/p>\n\n\n\n<p>Das neue Langlaufstadion in der Zentralebene wird eine Anlage f\u00fcr die Elite sein, ausgestattet mit tempor\u00e4ren Trib\u00fcnen, Pl\u00e4tzen f\u00fcr die Athleten und einer ringf\u00f6rmigen Strecke mit technischen Steigungen und Abfahrten, die auch die erfahrensten Langl\u00e4ufer auf die Probe stellen.<\/p>\n\n\n\n<p>W\u00e4hrend der Paralympics finden in Livigno auch Wettbewerbe statt in <strong>Paralympischer Skilanglauf<\/strong>die sich als Ort der Integration und des Sports f\u00fcr alle best\u00e4tigt.<\/p>\n\n\n\n<p><strong>Ein neues olympisches Trainingszentrum<\/strong><\/p>\n\n\n\n<p>Livigno wird nicht nur Austragungsort von Wettk\u00e4mpfen sein, sondern auch ein Trainingsst\u00fctzpunkt. Mit der Erweiterung und Modernisierung des <strong>Aquagranda-Zentrum<\/strong>das bereits von vielen Nationalmannschaften zum H\u00f6hentraining genutzt wird, wird zu einem der modernsten Sportzentren Europas.<\/p>\n\n\n\n<p>Ausgestattet mit einem olympischen Schwimmbecken, einer Hochleistungssporthalle, einem medizinischen Zentrum und hypobaren Kammern wird Aquagranda den Athleten vor und w\u00e4hrend der Spiele dienen. Dieses Verm\u00e4chtnis wird einer der gro\u00dfen postolympischen Vorteile f\u00fcr den Sporttourismus sein.<\/p>\n\n\n\n<p><strong>Gastfreundschaft zwischen Natur und Design<\/strong><\/p>\n\n\n\n<p>In Livigno, wo sich alpine Architektur mit Nachhaltigkeit verbindet, ist die Gastfreundschaft ein integraler Bestandteil des Erlebnisses. Im Hinblick auf das Jahr 2026 wurden viele Hotels und Chalets nach Kriterien des \u00f6kologischen Bauens renoviert, und neue Unterk\u00fcnfte wurden so konzipiert, dass sie sich harmonisch in die Landschaft einf\u00fcgen.<\/p>\n\n\n\n<p>Obwohl kein st\u00e4ndiges olympisches Dorf geplant ist, werden zahlreiche Unterk\u00fcnfte vor\u00fcbergehend in Wohnungen f\u00fcr Sportler und Delegationen umgewandelt. Dar\u00fcber hinaus wird das gesamte Gebiet durch ein emissionsarmes \u00f6ffentliches Verkehrssystem mit elektrischen Shuttlebussen und Parkpl\u00e4tzen im Freien erschlossen, um den Verkehr im Dorf zu reduzieren.<\/p>\n\n\n\n<p><strong>Nachhaltigkeit und Alpine Vision<\/strong><\/p>\n\n\n\n<p>Livigno nutzte die Olympischen Spiele, um seinen Weg in Richtung einer neuen Gesellschaft zu beschleunigen. <strong>gr\u00fcnes Tal<\/strong>. Die neuen \u00f6ffentlichen Geb\u00e4ude werden mit erneuerbaren Energiequellen betrieben, die st\u00e4dtische Mobilit\u00e4t erfolgt zunehmend elektrisch, und selbst die Beleuchtung der Gleise wird energiesparend sein.<\/p>\n\n\n\n<p>Der Schutz der nat\u00fcrlichen Umwelt - von den W\u00e4ldern bis zu den Almen - steht im Mittelpunkt des olympischen Entwicklungsplans. So ist es nicht verwunderlich, dass viele Strecken entlang der Landschaft angelegt werden, um die Auswirkungen auf das lokale \u00d6kosystem zu minimieren.<\/p>\n\n\n\n<p><strong>Livigno und die Zukunft: Von den Olympischen Spielen zur Hauptstadt des Outdoorsports<\/strong><\/p>\n\n\n\n<p>Livigno wird nicht nur f\u00fcr vierzehn Tage ein Protagonist sein. Das Ziel der Gemeinde und der Region ist es, das olympische Erbe in einen definitiven Impuls f\u00fcr den internationalen Sporttourismus zu verwandeln. Mit Sommer- und Winterveranstaltungen, einer Infrastruktur von Weltrang und einer Identit\u00e4t, die immer st\u00e4rker mit Wellness und Natur verbunden ist, bereitet sich Livigno darauf vor, weit mehr als nur ein olympischer Austragungsort zu sein: Es wird ein Beispiel daf\u00fcr sein, wie sich ein kleines Tal der Welt \u00f6ffnen kann, ohne seine Seele zu verlieren.<\/p>\n<div class=\"amc-dopo-il-contenuto\" id=\"amc-795973380\"><script type=\"text\/plain\" data-tcf=\"waiting-for-consent\" data-id=\"1033\" data-bid=\"1\">PGRpdiBpZD0iYW1jLTI3NzEwMjAzMjgiPjxzY3JpcHQgYXN5bmMgc3JjPSIvL3BhZ2VhZDIuZ29vZ2xlc3luZGljYXRpb24uY29tL3BhZ2VhZC9qcy9hZHNieWdvb2dsZS5qcz9jbGllbnQ9Y2EtcHViLTQ0MDExNDUwMjc1MzkxMTUiIGNyb3Nzb3JpZ2luPSJhbm9ueW1vdXMiPjwvc2NyaXB0PjxpbnMgY2xhc3M9ImFkc2J5Z29vZ2xlIiBzdHlsZT0iZGlzcGxheTpibG9jazsiIGRhdGEtYWQtY2xpZW50PSJjYS1wdWItNDQwMTE0NTAyNzUzOTExNSIgCmRhdGEtYWQtc2xvdD0iIiAKZGF0YS1hZC1mb3JtYXQ9ImF1dG8iIGRhdGEtZnVsbC13aWR0aC1yZXNwb25zaXZlPSJ0cnVlIj48L2lucz4KPHNjcmlwdD4gCihhZHNieWdvb2dsZSA9IHdpbmRvdy5hZHNieWdvb2dsZSB8fCBbXSkucHVzaCh7fSk7IAo8L3NjcmlwdD4KPC9kaXY+<\/script><\/div>","protected":false},"excerpt":{"rendered":"<p>Tra le montagne pi\u00f9 alte della Lombardia, al confine con la Svizzera, sorge Livigno, una delle localit\u00e0 alpine pi\u00f9 amate d\u2019Italia. Conosciuta come il \u201cPiccolo Tibet\u201d per il suo clima secco, l\u2019alta quota e le valli suggestive, Livigno sta vivendo una vera e propria metamorfosi in vista dei Giochi Olimpici e Paralimpici Invernali di Milano-Cortina [&hellip;]<\/p>","protected":false},"author":3,"featured_media":343,"comment_status":"open","ping_status":"open","sticky":false,"template":"","format":"standard","meta":{"_acf_changed":false,"footnotes":""},"categories":[1,4,7],"tags":[],"class_list":["post-342","post","type-post","status-publish","format-standard","has-post-thumbnail","hentry","category-notizie-e-aggiornamenti","category-dietro-le-quinte","category-milano-e-cortina"],"acf":[],"_links":{"self":[{"href":"https:\/\/aspettandomilanocortina2026.it\/de\/wp-json\/wp\/v2\/posts\/342","targetHints":{"allow":["GET"]}}],"collection":[{"href":"https:\/\/aspettandomilanocortina2026.it\/de\/wp-json\/wp\/v2\/posts"}],"about":[{"href":"https:\/\/aspettandomilanocortina2026.it\/de\/wp-json\/wp\/v2\/types\/post"}],"author":[{"embeddable":true,"href":"https:\/\/aspettandomilanocortina2026.it\/de\/wp-json\/wp\/v2\/users\/3"}],"replies":[{"embeddable":true,"href":"https:\/\/aspettandomilanocortina2026.it\/de\/wp-json\/wp\/v2\/comments?post=342"}],"version-history":[{"count":1,"href":"https:\/\/aspettandomilanocortina2026.it\/de\/wp-json\/wp\/v2\/posts\/342\/revisions"}],"predecessor-version":[{"id":344,"href":"https:\/\/aspettandomilanocortina2026.it\/de\/wp-json\/wp\/v2\/posts\/342\/revisions\/344"}],"wp:featuredmedia":[{"embeddable":true,"href":"https:\/\/aspettandomilanocortina2026.it\/de\/wp-json\/wp\/v2\/media\/343"}],"wp:attachment":[{"href":"https:\/\/aspettandomilanocortina2026.it\/de\/wp-json\/wp\/v2\/media?parent=342"}],"wp:term":[{"taxonomy":"category","embeddable":true,"href":"https:\/\/aspettandomilanocortina2026.it\/de\/wp-json\/wp\/v2\/categories?post=342"},{"taxonomy":"post_tag","embeddable":true,"href":"https:\/\/aspettandomilanocortina2026.it\/de\/wp-json\/wp\/v2\/tags?post=342"}],"curies":[{"name":"wp","href":"https:\/\/api.w.org\/{rel}","templated":true}]}}