{"id":332,"date":"2025-05-07T16:33:55","date_gmt":"2025-05-07T15:33:55","guid":{"rendered":"https:\/\/aspettandomilanocortina2026.it\/?p=332"},"modified":"2025-05-07T16:33:56","modified_gmt":"2025-05-07T15:33:56","slug":"mailand-2026-die-olympische-hauptstadt-zwischen-innovation-und-neuentwicklung","status":"publish","type":"post","link":"https:\/\/aspettandomilanocortina2026.it\/de\/mailand-2026-die-olympische-hauptstadt-zwischen-innovation-und-neuentwicklung\/","title":{"rendered":"Mailand 2026: Die Olympiahauptstadt zwischen Innovation und Wiederaufbau"},"content":{"rendered":"<script type=\"text\/plain\" data-tcf=\"waiting-for-consent\" data-id=\"1033\" data-bid=\"1\" data-placement=\"1034\">PGRpdiBpZD0iYW1jLTU5NzY2NzY4MSIgY2xhc3M9ImFtYy1wcmltYS1kZWwtY29udGVudXRvIj48c2NyaXB0IGFzeW5jIHNyYz0iLy9wYWdlYWQyLmdvb2dsZXN5bmRpY2F0aW9uLmNvbS9wYWdlYWQvanMvYWRzYnlnb29nbGUuanM\/Y2xpZW50PWNhLXB1Yi00NDAxMTQ1MDI3NTM5MTE1IiBjcm9zc29yaWdpbj0iYW5vbnltb3VzIj48L3NjcmlwdD48aW5zIGNsYXNzPSJhZHNieWdvb2dsZSIgc3R5bGU9ImRpc3BsYXk6YmxvY2s7IiBkYXRhLWFkLWNsaWVudD0iY2EtcHViLTQ0MDExNDUwMjc1MzkxMTUiIApkYXRhLWFkLXNsb3Q9IiIgCmRhdGEtYWQtZm9ybWF0PSJhdXRvIiBkYXRhLWZ1bGwtd2lkdGgtcmVzcG9uc2l2ZT0idHJ1ZSI+PC9pbnM+CjxzY3JpcHQ+IAooYWRzYnlnb29nbGUgPSB3aW5kb3cuYWRzYnlnb29nbGUgfHwgW10pLnB1c2goe30pOyAKPC9zY3JpcHQ+CjwvZGl2Pg==<\/script>\n<p>Im pulsierenden Herzen der Lombardei bereitet sich Mailand darauf vor, mit der Ausrichtung der Olympischen und Paralympischen Winterspiele 2026 ein historisches Kapitel zu schreiben. Die Stadt, die bereits ein Symbol f\u00fcr Innovation und Design ist, wird durch einen ehrgeizigen st\u00e4dtebaulichen und infrastrukturellen Sanierungsplan umgestaltet, um Athleten und Zuschauer aus der ganzen Welt zu empfangen.<\/p><script type=\"text\/plain\" data-tcf=\"waiting-for-consent\" data-id=\"1037\" data-bid=\"1\" data-placement=\"726\">PGRpdiBpZD0iYW1jLTQyNDkyMDAxOTMiIGNsYXNzPSJhbWMtcG9zdC1jb250ZW50IiBzdHlsZT0ibWFyZ2luLWxlZnQ6IGF1dG87bWFyZ2luLXJpZ2h0OiBhdXRvO3RleHQtYWxpZ246IGNlbnRlcjsiPjxzY3JpcHQgYXN5bmMgc3JjPSIvL3BhZ2VhZDIuZ29vZ2xlc3luZGljYXRpb24uY29tL3BhZ2VhZC9qcy9hZHNieWdvb2dsZS5qcz9jbGllbnQ9Y2EtcHViLTQ0MDExNDUwMjc1MzkxMTUiIGNyb3Nzb3JpZ2luPSJhbm9ueW1vdXMiPjwvc2NyaXB0PjxpbnMgY2xhc3M9ImFkc2J5Z29vZ2xlIiBzdHlsZT0iZGlzcGxheTpibG9jazsiIGRhdGEtYWQtY2xpZW50PSJjYS1wdWItNDQwMTE0NTAyNzUzOTExNSIgCmRhdGEtYWQtc2xvdD0iODAyMDU4Mzc5MyIgCmRhdGEtYWQtZm9ybWF0PSJhdXRvIiBkYXRhLWZ1bGwtd2lkdGgtcmVzcG9uc2l2ZT0idHJ1ZSI+PC9pbnM+CjxzY3JpcHQ+IAooYWRzYnlnb29nbGUgPSB3aW5kb3cuYWRzYnlnb29nbGUgfHwgW10pLnB1c2goe30pOyAKPC9zY3JpcHQ+CjwvZGl2PjxiciBzdHlsZT0iY2xlYXI6IGJvdGg7IGRpc3BsYXk6IGJsb2NrOyBmbG9hdDogbm9uZTsiLz4=<\/script>\n\n\n\n<p><strong>Santa Giulia Arena: Der neue Tempel des Sports<\/strong><\/p><script type=\"text\/plain\" data-tcf=\"waiting-for-consent\" data-id=\"1033\" data-bid=\"1\" data-placement=\"985\">PGRpdiBpZD0iYW1jLTMzOTY0NDQ1OCIgY2xhc3M9ImFtYy1taC1taWQiPjxzY3JpcHQgYXN5bmMgc3JjPSIvL3BhZ2VhZDIuZ29vZ2xlc3luZGljYXRpb24uY29tL3BhZ2VhZC9qcy9hZHNieWdvb2dsZS5qcz9jbGllbnQ9Y2EtcHViLTQ0MDExNDUwMjc1MzkxMTUiIGNyb3Nzb3JpZ2luPSJhbm9ueW1vdXMiPjwvc2NyaXB0PjxpbnMgY2xhc3M9ImFkc2J5Z29vZ2xlIiBzdHlsZT0iZGlzcGxheTpibG9jazsiIGRhdGEtYWQtY2xpZW50PSJjYS1wdWItNDQwMTE0NTAyNzUzOTExNSIgCmRhdGEtYWQtc2xvdD0iIiAKZGF0YS1hZC1mb3JtYXQ9ImF1dG8iIGRhdGEtZnVsbC13aWR0aC1yZXNwb25zaXZlPSJ0cnVlIj48L2lucz4KPHNjcmlwdD4gCihhZHNieWdvb2dsZSA9IHdpbmRvdy5hZHNieWdvb2dsZSB8fCBbXSkucHVzaCh7fSk7IAo8L3NjcmlwdD4KPC9kaXY+<\/script>\n\n\n\n<p>Im aufstrebenden Stadtteil Santa Giulia steht die Arena Santa Giulia, auch bekannt als PalaItalia. Die vom britischen Architekten David Chipperfield in Zusammenarbeit mit Arup entworfene, hochmoderne Anlage wird w\u00e4hrend der Olympischen Spiele Eishockeywettbewerbe und w\u00e4hrend der Paralympics Rennrodelhockey ausrichten. Mit einer Kapazit\u00e4t von 16 000 Pl\u00e4tzen wird die Arena auch ein Wahrzeichen f\u00fcr kulturelle und musikalische Veranstaltungen nach den Olympischen Spielen sein.<\/p>\n\n\n\n<p><strong>Porta Romana Olympisches Dorf: Vom Bahnhof zum Universit\u00e4tspol<\/strong><\/p>\n\n\n\n<p>Der ehemalige Rangierbahnhof Porta Romana wird in das Olympische Dorf umgewandelt, das die Athleten und Delegationen w\u00e4hrend der Spiele beherbergen soll. Im Rahmen des 330-Millionen-Euro-Projekts wird das Areal nach der Veranstaltung in Studenten- und Sozialwohnungen umgewandelt, was zur st\u00e4dtischen und sozialen Erneuerung des Gebiets beitr\u00e4gt.<\/p>\n\n\n\n<p><strong>Andere strategische Einrichtungen<\/strong><\/p>\n\n\n\n<ul class=\"wp-block-list\">\n<li><strong>Unipol Forum Assago<\/strong>Die Stadt wird dank ihrer Kapazit\u00e4t und ihrer modernen Infrastruktur das Hockeyturnier der Frauen ausrichten.<\/li>\n\n\n\n<li><strong>Mail\u00e4nder Rho-Messe<\/strong>Sie wird vor\u00fcbergehend f\u00fcr die Durchf\u00fchrung von Eisschnelllaufwettbewerben umgestaltet, indem in den Ausstellungshallen eine Eisbahn eingerichtet wird.<\/li>\n<\/ul>\n\n\n\n<p><strong>Mobilit\u00e4t und Barrierefreiheit: Eine olympiataugliche Stadt<\/strong><\/p>\n\n\n\n<p>Mailand investiert auch in nachhaltige Mobilit\u00e4t, um eine effiziente Anreise w\u00e4hrend der Veranstaltung zu gew\u00e4hrleisten. Der Ausbau von U-Bahn-Linien, die Schaffung neuer Radwege und die Einrichtung zus\u00e4tzlicher \u00f6ffentlicher Verkehrsmittel stehen im Mittelpunkt des Stadtplans.<\/p>\n\n\n\n<p><strong>Ein bleibendes Verm\u00e4chtnis<\/strong><\/p>\n\n\n\n<p>Die Ver\u00e4nderungen, die stattfinden, werden nicht mit dem Ende der Spiele enden. Die Sportanlagen, Infrastrukturen und sanierten Gebiete werden den B\u00fcrgern zur Verf\u00fcgung stehen und Sport und Kultur f\u00f6rdern. Mailand bewirbt sich also darum, ein internationales Modell f\u00fcr Nachhaltigkeit und urbane Innovation zu werden.<\/p>\n\n\n<div class=\"amc-sqrd-sidebar-bottom\" style=\"width: 970px;height: 250px;\" id=\"amc-3124362746\"><script type=\"text\/plain\" data-tcf=\"waiting-for-consent\" data-id=\"1033\" data-bid=\"1\">PGRpdiBpZD0iYW1jLTMxNjczNjc2NTMiPjxzY3JpcHQgYXN5bmMgc3JjPSIvL3BhZ2VhZDIuZ29vZ2xlc3luZGljYXRpb24uY29tL3BhZ2VhZC9qcy9hZHNieWdvb2dsZS5qcz9jbGllbnQ9Y2EtcHViLTQ0MDExNDUwMjc1MzkxMTUiIGNyb3Nzb3JpZ2luPSJhbm9ueW1vdXMiPjwvc2NyaXB0PjxpbnMgY2xhc3M9ImFkc2J5Z29vZ2xlIiBzdHlsZT0iZGlzcGxheTpibG9jazsiIGRhdGEtYWQtY2xpZW50PSJjYS1wdWItNDQwMTE0NTAyNzUzOTExNSIgCmRhdGEtYWQtc2xvdD0iIiAKZGF0YS1hZC1mb3JtYXQ9ImF1dG8iIGRhdGEtZnVsbC13aWR0aC1yZXNwb25zaXZlPSJ0cnVlIj48L2lucz4KPHNjcmlwdD4gCihhZHNieWdvb2dsZSA9IHdpbmRvdy5hZHNieWdvb2dsZSB8fCBbXSkucHVzaCh7fSk7IAo8L3NjcmlwdD4KPC9kaXY+<\/script><\/div><div class=\"amc-dopo-il-contenuto\" id=\"amc-510341772\"><script type=\"text\/plain\" data-tcf=\"waiting-for-consent\" data-id=\"1033\" data-bid=\"1\">PGRpdiBpZD0iYW1jLTIzODU2MDkwMTMiPjxzY3JpcHQgYXN5bmMgc3JjPSIvL3BhZ2VhZDIuZ29vZ2xlc3luZGljYXRpb24uY29tL3BhZ2VhZC9qcy9hZHNieWdvb2dsZS5qcz9jbGllbnQ9Y2EtcHViLTQ0MDExNDUwMjc1MzkxMTUiIGNyb3Nzb3JpZ2luPSJhbm9ueW1vdXMiPjwvc2NyaXB0PjxpbnMgY2xhc3M9ImFkc2J5Z29vZ2xlIiBzdHlsZT0iZGlzcGxheTpibG9jazsiIGRhdGEtYWQtY2xpZW50PSJjYS1wdWItNDQwMTE0NTAyNzUzOTExNSIgCmRhdGEtYWQtc2xvdD0iIiAKZGF0YS1hZC1mb3JtYXQ9ImF1dG8iIGRhdGEtZnVsbC13aWR0aC1yZXNwb25zaXZlPSJ0cnVlIj48L2lucz4KPHNjcmlwdD4gCihhZHNieWdvb2dsZSA9IHdpbmRvdy5hZHNieWdvb2dsZSB8fCBbXSkucHVzaCh7fSk7IAo8L3NjcmlwdD4KPC9kaXY+<\/script><\/div>","protected":false},"excerpt":{"rendered":"<p>Nel cuore pulsante della Lombardia, Milano si prepara a vivere un capitolo storico con l&#8217;arrivo dei Giochi Olimpici e Paralimpici Invernali del 2026. La citt\u00e0, gi\u00e0 simbolo di innovazione e design, si trasforma per accogliere atleti e spettatori da tutto il mondo, attraverso un ambizioso piano di riqualificazione urbana e infrastrutturale.\u200b Arena Santa Giulia: Il [&hellip;]<\/p>","protected":false},"author":3,"featured_media":333,"comment_status":"open","ping_status":"open","sticky":false,"template":"","format":"standard","meta":{"_acf_changed":false,"footnotes":""},"categories":[1,4,7],"tags":[],"class_list":["post-332","post","type-post","status-publish","format-standard","has-post-thumbnail","hentry","category-notizie-e-aggiornamenti","category-dietro-le-quinte","category-milano-e-cortina"],"acf":[],"_links":{"self":[{"href":"https:\/\/aspettandomilanocortina2026.it\/de\/wp-json\/wp\/v2\/posts\/332","targetHints":{"allow":["GET"]}}],"collection":[{"href":"https:\/\/aspettandomilanocortina2026.it\/de\/wp-json\/wp\/v2\/posts"}],"about":[{"href":"https:\/\/aspettandomilanocortina2026.it\/de\/wp-json\/wp\/v2\/types\/post"}],"author":[{"embeddable":true,"href":"https:\/\/aspettandomilanocortina2026.it\/de\/wp-json\/wp\/v2\/users\/3"}],"replies":[{"embeddable":true,"href":"https:\/\/aspettandomilanocortina2026.it\/de\/wp-json\/wp\/v2\/comments?post=332"}],"version-history":[{"count":1,"href":"https:\/\/aspettandomilanocortina2026.it\/de\/wp-json\/wp\/v2\/posts\/332\/revisions"}],"predecessor-version":[{"id":334,"href":"https:\/\/aspettandomilanocortina2026.it\/de\/wp-json\/wp\/v2\/posts\/332\/revisions\/334"}],"wp:featuredmedia":[{"embeddable":true,"href":"https:\/\/aspettandomilanocortina2026.it\/de\/wp-json\/wp\/v2\/media\/333"}],"wp:attachment":[{"href":"https:\/\/aspettandomilanocortina2026.it\/de\/wp-json\/wp\/v2\/media?parent=332"}],"wp:term":[{"taxonomy":"category","embeddable":true,"href":"https:\/\/aspettandomilanocortina2026.it\/de\/wp-json\/wp\/v2\/categories?post=332"},{"taxonomy":"post_tag","embeddable":true,"href":"https:\/\/aspettandomilanocortina2026.it\/de\/wp-json\/wp\/v2\/tags?post=332"}],"curies":[{"name":"wp","href":"https:\/\/api.w.org\/{rel}","templated":true}]}}