{"id":310,"date":"2025-05-06T13:44:24","date_gmt":"2025-05-06T12:44:24","guid":{"rendered":"https:\/\/aspettandomilanocortina2026.it\/?p=310"},"modified":"2025-05-06T13:44:26","modified_gmt":"2025-05-06T12:44:26","slug":"wer-wird-der-fahnentragerkandidat-fur-italien-sein","status":"publish","type":"post","link":"https:\/\/aspettandomilanocortina2026.it\/de\/wer-wird-der-fahnentragerkandidat-fur-italien-sein\/","title":{"rendered":"Wer wird der Fahnentr\u00e4ger-Kandidat f\u00fcr Italien?"},"content":{"rendered":"<script type=\"text\/plain\" data-tcf=\"waiting-for-consent\" data-id=\"1033\" data-bid=\"1\" data-placement=\"1034\">PGRpdiBpZD0iYW1jLTI4MDc4OTUyOTYiIGNsYXNzPSJhbWMtcHJpbWEtZGVsLWNvbnRlbnV0byI+PHNjcmlwdCBhc3luYyBzcmM9Ii8vcGFnZWFkMi5nb29nbGVzeW5kaWNhdGlvbi5jb20vcGFnZWFkL2pzL2Fkc2J5Z29vZ2xlLmpzP2NsaWVudD1jYS1wdWItNDQwMTE0NTAyNzUzOTExNSIgY3Jvc3NvcmlnaW49ImFub255bW91cyI+PC9zY3JpcHQ+PGlucyBjbGFzcz0iYWRzYnlnb29nbGUiIHN0eWxlPSJkaXNwbGF5OmJsb2NrOyIgZGF0YS1hZC1jbGllbnQ9ImNhLXB1Yi00NDAxMTQ1MDI3NTM5MTE1IiAKZGF0YS1hZC1zbG90PSIiIApkYXRhLWFkLWZvcm1hdD0iYXV0byIgZGF0YS1mdWxsLXdpZHRoLXJlc3BvbnNpdmU9InRydWUiPjwvaW5zPgo8c2NyaXB0PiAKKGFkc2J5Z29vZ2xlID0gd2luZG93LmFkc2J5Z29vZ2xlIHx8IFtdKS5wdXNoKHt9KTsgCjwvc2NyaXB0Pgo8L2Rpdj4=<\/script>\n<p>Derzeit hat das Nationale Olympische Komitee Italiens (CONI) noch nicht offiziell bekannt gegeben, wer Italiens Fahnentr\u00e4ger bei der Er\u00f6ffnungsfeier der Olympischen Winterspiele Mailand-Cortina 2026 sein wird, die vom 6. bis 22. Februar 2026 stattfinden werden. Allerdings gibt es bereits mehrere Nominierungen und Spekulationen dar\u00fcber, wer diese Ehre erhalten k\u00f6nnte.<\/p><script type=\"text\/plain\" data-tcf=\"waiting-for-consent\" data-id=\"1037\" data-bid=\"1\" data-placement=\"726\">PGRpdiBpZD0iYW1jLTIxODI3NDU5OTQiIGNsYXNzPSJhbWMtcG9zdC1jb250ZW50IiBzdHlsZT0ibWFyZ2luLWxlZnQ6IGF1dG87bWFyZ2luLXJpZ2h0OiBhdXRvO3RleHQtYWxpZ246IGNlbnRlcjsiPjxzY3JpcHQgYXN5bmMgc3JjPSIvL3BhZ2VhZDIuZ29vZ2xlc3luZGljYXRpb24uY29tL3BhZ2VhZC9qcy9hZHNieWdvb2dsZS5qcz9jbGllbnQ9Y2EtcHViLTQ0MDExNDUwMjc1MzkxMTUiIGNyb3Nzb3JpZ2luPSJhbm9ueW1vdXMiPjwvc2NyaXB0PjxpbnMgY2xhc3M9ImFkc2J5Z29vZ2xlIiBzdHlsZT0iZGlzcGxheTpibG9jazsiIGRhdGEtYWQtY2xpZW50PSJjYS1wdWItNDQwMTE0NTAyNzUzOTExNSIgCmRhdGEtYWQtc2xvdD0iODAyMDU4Mzc5MyIgCmRhdGEtYWQtZm9ybWF0PSJhdXRvIiBkYXRhLWZ1bGwtd2lkdGgtcmVzcG9uc2l2ZT0idHJ1ZSI+PC9pbnM+CjxzY3JpcHQ+IAooYWRzYnlnb29nbGUgPSB3aW5kb3cuYWRzYnlnb29nbGUgfHwgW10pLnB1c2goe30pOyAKPC9zY3JpcHQ+CjwvZGl2PjxiciBzdHlsZT0iY2xlYXI6IGJvdGg7IGRpc3BsYXk6IGJsb2NrOyBmbG9hdDogbm9uZTsiLz4=<\/script>\n\n\n\n<p><strong>F\u00fchrende Kandidaten f\u00fcr die Rolle des Fahnentr\u00e4gers<\/strong><\/p><script type=\"text\/plain\" data-tcf=\"waiting-for-consent\" data-id=\"1033\" data-bid=\"1\" data-placement=\"985\">PGRpdiBpZD0iYW1jLTIxODkxNjcxNDEiIGNsYXNzPSJhbWMtbWgtbWlkIj48c2NyaXB0IGFzeW5jIHNyYz0iLy9wYWdlYWQyLmdvb2dsZXN5bmRpY2F0aW9uLmNvbS9wYWdlYWQvanMvYWRzYnlnb29nbGUuanM\/Y2xpZW50PWNhLXB1Yi00NDAxMTQ1MDI3NTM5MTE1IiBjcm9zc29yaWdpbj0iYW5vbnltb3VzIj48L3NjcmlwdD48aW5zIGNsYXNzPSJhZHNieWdvb2dsZSIgc3R5bGU9ImRpc3BsYXk6YmxvY2s7IiBkYXRhLWFkLWNsaWVudD0iY2EtcHViLTQ0MDExNDUwMjc1MzkxMTUiIApkYXRhLWFkLXNsb3Q9IiIgCmRhdGEtYWQtZm9ybWF0PSJhdXRvIiBkYXRhLWZ1bGwtd2lkdGgtcmVzcG9uc2l2ZT0idHJ1ZSI+PC9pbnM+CjxzY3JpcHQ+IAooYWRzYnlnb29nbGUgPSB3aW5kb3cuYWRzYnlnb29nbGUgfHwgW10pLnB1c2goe30pOyAKPC9zY3JpcHQ+CjwvZGl2Pg==<\/script>\n\n\n\n<p><strong>Federica Brignone - Skifahren alpin<\/strong><\/p>\n\n\n\n<p><strong>Federica Brignone<\/strong>Die Skirennl\u00e4uferin \u00e4u\u00dferte den Wunsch, Fahnentr\u00e4gerin zu werden, mit den Worten, dass dies \"die Kr\u00f6nung einer Karriere\" sei und dass sie sich die Nominierung verdient habe.<\/p>\n\n\n\n<p><strong>Sofia Goggia - Ski Alpin<\/strong><\/p>\n\n\n\n<p><strong>Sofia Goggia<\/strong>, Gewinnerin des olympischen Goldes in der Abfahrt in PyeongChang 2018, ist eine weitere m\u00f6gliche Kandidatin. Sie erkl\u00e4rte jedoch, dass die Entscheidung nicht bei ihr liege und zog es vor, sich nicht weiter zu diesem Thema zu \u00e4u\u00dfern.<\/p>\n\n\n\n<p><strong>Federico Pellegrino - Skilanglauf<\/strong><\/p>\n\n\n\n<p><strong>Federico Pellegrino<\/strong>, Silbermedaillengewinner im Sprint in PyeongChang 2018, gilt als Anf\u00fchrer der italienischen Skilanglaufbewegung. CONI-Pr\u00e4sident Giovanni Malag\u00f2 w\u00fcrdigte seine zentrale Rolle, wollte sich aber nicht zur Frage des Fahnentr\u00e4gers \u00e4u\u00dfern.<\/p>\n\n\n\n<p><strong>Davide Ghiotto - Eisschnelllauf<\/strong><\/p>\n\n\n\n<p><strong>Davide Ghiotto<\/strong> hat vor kurzem seinen dritten Weltmeistertitel \u00fcber 10.000 Meter in Folge gewonnen und ist damit der erste Italiener, dem dies in dieser Disziplin gelungen ist. Diese Erfolge machen ihn zu einem starken Kandidaten f\u00fcr die Rolle des Fahnentr\u00e4gers.<\/p>\n\n\n\n<p><strong>Wann wird der Fahnentr\u00e4ger bekannt gegeben?<\/strong><\/p>\n\n\n\n<p>Traditionell ist die <strong>CONI<\/strong> gibt einige Monate vor Beginn der Spiele die olympischen Fahnentr\u00e4ger bekannt. F\u00fcr <strong>Mailand-Cortina 2026<\/strong>Die offizielle Ank\u00fcndigung wird f\u00fcr Ende 2025 erwartet, wahrscheinlich im Rahmen einer Zeremonie in der <strong>Quirinal<\/strong> mit dem <strong>Der Pr\u00e4sident der Republik<\/strong>.<\/p>\n\n\n\n<p><strong>Schlussfolgerung<\/strong><\/p>\n\n\n\n<p>Obwohl es noch keine offizielle Ank\u00fcndigung gibt, haben Sportler wie <strong>Federica Brignone, Sofia Goggia, Federico Pellegrino<\/strong> e <strong>Davide Ghiotto<\/strong> geh\u00f6ren zu den Hauptkandidaten f\u00fcr das Tragen der Trikolore bei der Er\u00f6ffnungsfeier von Mailand-Cortina 2026. Bei der endg\u00fcltigen Entscheidung werden die sportlichen Leistungen, die F\u00fchrungsqualit\u00e4ten und die Symbolik, die mit jedem Athleten verbunden sind, ber\u00fccksichtigt.<\/p>\n\n\n\n<p>Um \u00fcber die offizielle Ank\u00fcndigung und die neuesten Nachrichten zu den Spielen auf dem Laufenden zu bleiben, sollten Sie die offiziellen Kan\u00e4le der <strong>CONI<\/strong> und das Organisationskomitee der <strong>Mailand-Cortina 2026<\/strong>.<\/p>\n\n\n\n<p><strong>Bleiben Sie auf dem Laufenden, indem Sie Waiting for MilanoCortina2026 folgen<\/strong><\/p>\n\n\n<div class=\"amc-dopo-il-contenuto\" id=\"amc-761351043\"><script type=\"text\/plain\" data-tcf=\"waiting-for-consent\" data-id=\"1033\" data-bid=\"1\">PGRpdiBpZD0iYW1jLTExMTc4MTk5NDUiPjxzY3JpcHQgYXN5bmMgc3JjPSIvL3BhZ2VhZDIuZ29vZ2xlc3luZGljYXRpb24uY29tL3BhZ2VhZC9qcy9hZHNieWdvb2dsZS5qcz9jbGllbnQ9Y2EtcHViLTQ0MDExNDUwMjc1MzkxMTUiIGNyb3Nzb3JpZ2luPSJhbm9ueW1vdXMiPjwvc2NyaXB0PjxpbnMgY2xhc3M9ImFkc2J5Z29vZ2xlIiBzdHlsZT0iZGlzcGxheTpibG9jazsiIGRhdGEtYWQtY2xpZW50PSJjYS1wdWItNDQwMTE0NTAyNzUzOTExNSIgCmRhdGEtYWQtc2xvdD0iIiAKZGF0YS1hZC1mb3JtYXQ9ImF1dG8iIGRhdGEtZnVsbC13aWR0aC1yZXNwb25zaXZlPSJ0cnVlIj48L2lucz4KPHNjcmlwdD4gCihhZHNieWdvb2dsZSA9IHdpbmRvdy5hZHNieWdvb2dsZSB8fCBbXSkucHVzaCh7fSk7IAo8L3NjcmlwdD4KPC9kaXY+<\/script><\/div>","protected":false},"excerpt":{"rendered":"<p>Al momento, il Comitato Olimpico Nazionale Italiano (CONI) non ha ancora annunciato ufficialmente chi sar\u00e0 il portabandiera dell&#8217;Italia per la cerimonia di apertura dei Giochi Olimpici Invernali di Milano-Cortina 2026, in programma dal 6 al 22 febbraio 2026. Tuttavia, sono emerse diverse candidature e speculazioni su chi potrebbe ricevere questo onore.\u200b Candidati principali per il [&hellip;]<\/p>","protected":false},"author":3,"featured_media":318,"comment_status":"open","ping_status":"open","sticky":false,"template":"","format":"standard","meta":{"_acf_changed":false,"footnotes":""},"categories":[1,2],"tags":[],"class_list":["post-310","post","type-post","status-publish","format-standard","has-post-thumbnail","hentry","category-notizie-e-aggiornamenti","category-atleti-e-squadre"],"acf":[],"_links":{"self":[{"href":"https:\/\/aspettandomilanocortina2026.it\/de\/wp-json\/wp\/v2\/posts\/310","targetHints":{"allow":["GET"]}}],"collection":[{"href":"https:\/\/aspettandomilanocortina2026.it\/de\/wp-json\/wp\/v2\/posts"}],"about":[{"href":"https:\/\/aspettandomilanocortina2026.it\/de\/wp-json\/wp\/v2\/types\/post"}],"author":[{"embeddable":true,"href":"https:\/\/aspettandomilanocortina2026.it\/de\/wp-json\/wp\/v2\/users\/3"}],"replies":[{"embeddable":true,"href":"https:\/\/aspettandomilanocortina2026.it\/de\/wp-json\/wp\/v2\/comments?post=310"}],"version-history":[{"count":1,"href":"https:\/\/aspettandomilanocortina2026.it\/de\/wp-json\/wp\/v2\/posts\/310\/revisions"}],"predecessor-version":[{"id":319,"href":"https:\/\/aspettandomilanocortina2026.it\/de\/wp-json\/wp\/v2\/posts\/310\/revisions\/319"}],"wp:featuredmedia":[{"embeddable":true,"href":"https:\/\/aspettandomilanocortina2026.it\/de\/wp-json\/wp\/v2\/media\/318"}],"wp:attachment":[{"href":"https:\/\/aspettandomilanocortina2026.it\/de\/wp-json\/wp\/v2\/media?parent=310"}],"wp:term":[{"taxonomy":"category","embeddable":true,"href":"https:\/\/aspettandomilanocortina2026.it\/de\/wp-json\/wp\/v2\/categories?post=310"},{"taxonomy":"post_tag","embeddable":true,"href":"https:\/\/aspettandomilanocortina2026.it\/de\/wp-json\/wp\/v2\/tags?post=310"}],"curies":[{"name":"wp","href":"https:\/\/api.w.org\/{rel}","templated":true}]}}