{"id":307,"date":"2025-05-06T13:09:33","date_gmt":"2025-05-06T12:09:33","guid":{"rendered":"https:\/\/aspettandomilanocortina2026.it\/?p=307"},"modified":"2025-05-06T13:09:34","modified_gmt":"2025-05-06T12:09:34","slug":"italiens-fahnentrager-bei-den-olympischen-winterspielen","status":"publish","type":"post","link":"https:\/\/aspettandomilanocortina2026.it\/de\/italiens-fahnentrager-bei-den-olympischen-winterspielen\/","title":{"rendered":"Italiens Fahnentr\u00e4ger bei den Olympischen Winterspielen"},"content":{"rendered":"<script type=\"text\/plain\" data-tcf=\"waiting-for-consent\" data-id=\"1033\" data-bid=\"1\" data-placement=\"1034\">PGRpdiBpZD0iYW1jLTM4MzE3MDE2NDAiIGNsYXNzPSJhbWMtcHJpbWEtZGVsLWNvbnRlbnV0byI+PHNjcmlwdCBhc3luYyBzcmM9Ii8vcGFnZWFkMi5nb29nbGVzeW5kaWNhdGlvbi5jb20vcGFnZWFkL2pzL2Fkc2J5Z29vZ2xlLmpzP2NsaWVudD1jYS1wdWItNDQwMTE0NTAyNzUzOTExNSIgY3Jvc3NvcmlnaW49ImFub255bW91cyI+PC9zY3JpcHQ+PGlucyBjbGFzcz0iYWRzYnlnb29nbGUiIHN0eWxlPSJkaXNwbGF5OmJsb2NrOyIgZGF0YS1hZC1jbGllbnQ9ImNhLXB1Yi00NDAxMTQ1MDI3NTM5MTE1IiAKZGF0YS1hZC1zbG90PSIiIApkYXRhLWFkLWZvcm1hdD0iYXV0byIgZGF0YS1mdWxsLXdpZHRoLXJlc3BvbnNpdmU9InRydWUiPjwvaW5zPgo8c2NyaXB0PiAKKGFkc2J5Z29vZ2xlID0gd2luZG93LmFkc2J5Z29vZ2xlIHx8IFtdKS5wdXNoKHt9KTsgCjwvc2NyaXB0Pgo8L2Rpdj4=<\/script>\n<p><strong>Er\u00f6ffnungszeremonie<\/strong><\/p><script type=\"text\/plain\" data-tcf=\"waiting-for-consent\" data-id=\"1037\" data-bid=\"1\" data-placement=\"726\">PGRpdiBpZD0iYW1jLTQ4NTgyMDk5NiIgY2xhc3M9ImFtYy1wb3N0LWNvbnRlbnQiIHN0eWxlPSJtYXJnaW4tbGVmdDogYXV0bzttYXJnaW4tcmlnaHQ6IGF1dG87dGV4dC1hbGlnbjogY2VudGVyOyI+PHNjcmlwdCBhc3luYyBzcmM9Ii8vcGFnZWFkMi5nb29nbGVzeW5kaWNhdGlvbi5jb20vcGFnZWFkL2pzL2Fkc2J5Z29vZ2xlLmpzP2NsaWVudD1jYS1wdWItNDQwMTE0NTAyNzUzOTExNSIgY3Jvc3NvcmlnaW49ImFub255bW91cyI+PC9zY3JpcHQ+PGlucyBjbGFzcz0iYWRzYnlnb29nbGUiIHN0eWxlPSJkaXNwbGF5OmJsb2NrOyIgZGF0YS1hZC1jbGllbnQ9ImNhLXB1Yi00NDAxMTQ1MDI3NTM5MTE1IiAKZGF0YS1hZC1zbG90PSI4MDIwNTgzNzkzIiAKZGF0YS1hZC1mb3JtYXQ9ImF1dG8iIGRhdGEtZnVsbC13aWR0aC1yZXNwb25zaXZlPSJ0cnVlIj48L2lucz4KPHNjcmlwdD4gCihhZHNieWdvb2dsZSA9IHdpbmRvdy5hZHNieWdvb2dsZSB8fCBbXSkucHVzaCh7fSk7IAo8L3NjcmlwdD4KPC9kaXY+PGJyIHN0eWxlPSJjbGVhcjogYm90aDsgZGlzcGxheTogYmxvY2s7IGZsb2F0OiBub25lOyIvPg==<\/script>\n\n\n\n<p>Die Rolle des Fahnentr\u00e4gers ist eine der h\u00f6chsten Auszeichnungen f\u00fcr einen olympischen Athleten und eine Aufgabe, die Athleten vorbehalten ist, die die Exzellenz des italienischen Sports repr\u00e4sentiert haben. Hier ist die historische Liste.<\/p><script type=\"text\/plain\" data-tcf=\"waiting-for-consent\" data-id=\"1033\" data-bid=\"1\" data-placement=\"985\">PGRpdiBpZD0iYW1jLTYxNTE2NDAzOCIgY2xhc3M9ImFtYy1taC1taWQiPjxzY3JpcHQgYXN5bmMgc3JjPSIvL3BhZ2VhZDIuZ29vZ2xlc3luZGljYXRpb24uY29tL3BhZ2VhZC9qcy9hZHNieWdvb2dsZS5qcz9jbGllbnQ9Y2EtcHViLTQ0MDExNDUwMjc1MzkxMTUiIGNyb3Nzb3JpZ2luPSJhbm9ueW1vdXMiPjwvc2NyaXB0PjxpbnMgY2xhc3M9ImFkc2J5Z29vZ2xlIiBzdHlsZT0iZGlzcGxheTpibG9jazsiIGRhdGEtYWQtY2xpZW50PSJjYS1wdWItNDQwMTE0NTAyNzUzOTExNSIgCmRhdGEtYWQtc2xvdD0iIiAKZGF0YS1hZC1mb3JtYXQ9ImF1dG8iIGRhdGEtZnVsbC13aWR0aC1yZXNwb25zaXZlPSJ0cnVlIj48L2lucz4KPHNjcmlwdD4gCihhZHNieWdvb2dsZSA9IHdpbmRvdy5hZHNieWdvb2dsZSB8fCBbXSkucHVzaCh7fSk7IAo8L3NjcmlwdD4KPC9kaXY+<\/script>\n\n\n\n<figure class=\"wp-block-table\"><table class=\"has-fixed-layout\"><thead><tr><td><strong>Ausgabe<\/strong><\/td><td><strong>Standort<\/strong><\/td><td><strong>Fahnentr\u00e4ger<\/strong><\/td><td><strong>Disziplinarverfahren<\/strong><\/td><\/tr><\/thead><tbody><tr><td>1924<\/td><td>Chamonix<\/td><td>Andrea Venerando<\/td><td>Eiskunstlauf<\/td><\/tr><tr><td>1928<\/td><td>St. Moritz<\/td><td>Ernesto Zardini<\/td><td>Bob<\/td><\/tr><tr><td>1932<\/td><td>Lake Placid<\/td><td>Ernesto Zardini<\/td><td>Bob<\/td><\/tr><tr><td>1936<\/td><td>Garmisch-Partenkirchen<\/td><td>Ernesto Zardini<\/td><td>Bob<\/td><\/tr><tr><td>1948<\/td><td>St. Moritz<\/td><td>Giulio Gerardi<\/td><td>Skilanglauf<\/td><\/tr><tr><td>1952<\/td><td>Oslo<\/td><td>Giulio Gerardi<\/td><td>Skilanglauf<\/td><\/tr><tr><td>1956<\/td><td>Cortina d'Ampezzo<\/td><td>Giulio Gerardi<\/td><td>Skilanglauf<\/td><\/tr><tr><td>1960<\/td><td>Squaw Valley<\/td><td>Bruno Alberti<\/td><td>Ski Alpin<\/td><\/tr><tr><td>1964<\/td><td>Innsbruck<\/td><td>Lamberto Dalla Costa<\/td><td>Bob<\/td><\/tr><tr><td>1968<\/td><td>Grenoble<\/td><td>Claudio Apollonio<\/td><td>Bob<\/td><\/tr><tr><td>1972<\/td><td>Sapporo<\/td><td>Erminio Sertorelli<\/td><td>Skilanglauf<\/td><\/tr><tr><td>1976<\/td><td>Innsbruck<\/td><td>Claudio Ravetto<\/td><td>Biathlon<\/td><\/tr><tr><td>1980<\/td><td>Lake Placid<\/td><td>Joseph Fabre<\/td><td>Tobogganing<\/td><\/tr><tr><td>1984<\/td><td>Sarajevo<\/td><td>Giuliana Minuzzo<\/td><td>Ski Alpin<\/td><\/tr><tr><td>1988<\/td><td>Calgary<\/td><td>Maurilio De Zolt<\/td><td>Skilanglauf<\/td><\/tr><tr><td>1992<\/td><td>Albertville<\/td><td>Alberto Tomba<\/td><td>Ski Alpin<\/td><\/tr><tr><td>1994<\/td><td>Lillehammer<\/td><td>Deborah Compagnoni<\/td><td>Ski Alpin<\/td><\/tr><tr><td>1998<\/td><td>Nagano<\/td><td>Gerda Wei\u00dfensteiner<\/td><td>Tobogganing<\/td><\/tr><tr><td>2002<\/td><td>Salt Lake City<\/td><td>Isolde Kostner<\/td><td>Ski Alpin<\/td><\/tr><tr><td>2006<\/td><td>Turin<\/td><td>Carolina Kostner<\/td><td>Eiskunstlauf<\/td><\/tr><tr><td>2010<\/td><td>Vancouver<\/td><td>Giorgio Di Centa<\/td><td>Skilanglauf<\/td><\/tr><tr><td>2014<\/td><td>Sotschi<\/td><td>Armin Z\u00f6ggeler<\/td><td>Tobogganing<\/td><\/tr><tr><td>2018<\/td><td>PyeongChang<\/td><td>Arianna Fontana<\/td><td>Kurze Strecke<\/td><\/tr><tr><td>2022<\/td><td>Peking<\/td><td>Michela Moioli<\/td><td>Snowboard cross<\/td><\/tr><\/tbody><\/table><\/figure>\n\n\n\n<p><em>Anmerkung: Im Jahr 2022 ersetzt Michela Moioli die urspr\u00fcnglich nominierte Sofia Goggia aufgrund einer Verletzung.<\/em><\/p>\n\n\n\n<p><strong>Abschlusszeremonie<\/strong><\/p>\n\n\n\n<p>An der Abschlussfeier nahmen auch prominente italienische Sportler teil.<\/p>\n\n\n\n<figure class=\"wp-block-table\"><table class=\"has-fixed-layout\"><thead><tr><td><strong>Ausgabe<\/strong><\/td><td><strong>Standort<\/strong><\/td><td><strong>Fahnentr\u00e4ger<\/strong><\/td><td><strong>Disziplinarverfahren<\/strong><\/td><\/tr><\/thead><tbody><tr><td>2014<\/td><td>Sotschi<\/td><td>Arianna Fontana<\/td><td>Kurze Strecke<\/td><\/tr><tr><td>2018<\/td><td>PyeongChang<\/td><td>Carolina Kostner<\/td><td>Eiskunstlauf<\/td><\/tr><tr><td>2022<\/td><td>Peking<\/td><td>Francesca Lollobrigida<\/td><td>Eisschnelllauf<\/td><\/tr><\/tbody><\/table><\/figure>\n\n\n\n<p><em>Anmerkung: Francesca Lollobrigida wurde f\u00fcr die Abschlussfeier in Peking 2022 ausgew\u00e4hlt, nachdem sie Silber \u00fcber 3000 Meter gewonnen hatte.<\/em><\/p>\n\n\n\n<p><strong>Kuriosit\u00e4ten und Rekorde<\/strong><\/p>\n\n\n\n<ul class=\"wp-block-list\">\n<li><strong>Ernesto Zardini<\/strong> e <strong>Giulio Gerardi<\/strong> geh\u00f6ren zu den Athleten, die am h\u00e4ufigsten als Fahnentr\u00e4ger aufgetreten sind.<\/li>\n\n\n\n<li><strong>Deborah Compagnoni<\/strong>Erste Italienerin, die drei olympische Goldmedaillen im alpinen Skisport gewann und 1994 Fahnentr\u00e4gerin war.<\/li>\n\n\n\n<li><strong>Arianna Fontana<\/strong>Der einzige italienische Athlet, der sowohl bei der Er\u00f6ffnungs- (2018) als auch bei der Abschlusszeremonie (2014) als Fahnentr\u00e4ger aufgetreten ist.<\/li>\n\n\n\n<li>Im Jahr 2022 hatte Italien zum ersten Mal zwei Fahnentr\u00e4ger f\u00fcr die Er\u00f6ffnungszeremonie (eine Frau und einen Mann) und folgte damit den Richtlinien der <strong>IOC<\/strong> f\u00fcr die Gleichstellung der Geschlechter.<\/li>\n<\/ul>\n\n\n\n<p><strong>Auf dem Weg zu Mailand-Cortina 2026<\/strong><\/p>\n\n\n\n<p>F\u00fcr die bevorstehenden Olympischen Winterspiele in <strong>Mailand-Cortina 2026<\/strong>Italien hat den Fahnentr\u00e4ger noch nicht offiziell bekannt gegeben. Zu den m\u00f6glichen Kandidaten geh\u00f6ren jedoch Sportler wie <strong>Federica Brignone, Sofia Goggia, Davide Ghiotto <\/strong>e<strong> Federico Pellegrino<\/strong>Sie alle k\u00f6nnen auf eine gl\u00e4nzende Karriere und olympische Medaillen zur\u00fcckblicken.<\/p>\n\n\n<div class=\"amc-dopo-il-contenuto\" id=\"amc-242746609\"><script type=\"text\/plain\" data-tcf=\"waiting-for-consent\" data-id=\"1033\" data-bid=\"1\">PGRpdiBpZD0iYW1jLTIwMzc2OTU0MSI+PHNjcmlwdCBhc3luYyBzcmM9Ii8vcGFnZWFkMi5nb29nbGVzeW5kaWNhdGlvbi5jb20vcGFnZWFkL2pzL2Fkc2J5Z29vZ2xlLmpzP2NsaWVudD1jYS1wdWItNDQwMTE0NTAyNzUzOTExNSIgY3Jvc3NvcmlnaW49ImFub255bW91cyI+PC9zY3JpcHQ+PGlucyBjbGFzcz0iYWRzYnlnb29nbGUiIHN0eWxlPSJkaXNwbGF5OmJsb2NrOyIgZGF0YS1hZC1jbGllbnQ9ImNhLXB1Yi00NDAxMTQ1MDI3NTM5MTE1IiAKZGF0YS1hZC1zbG90PSIiIApkYXRhLWFkLWZvcm1hdD0iYXV0byIgZGF0YS1mdWxsLXdpZHRoLXJlc3BvbnNpdmU9InRydWUiPjwvaW5zPgo8c2NyaXB0PiAKKGFkc2J5Z29vZ2xlID0gd2luZG93LmFkc2J5Z29vZ2xlIHx8IFtdKS5wdXNoKHt9KTsgCjwvc2NyaXB0Pgo8L2Rpdj4=<\/script><\/div>","protected":false},"excerpt":{"rendered":"<p>Cerimonia di Apertura Il ruolo di portabandiera \u00e8 uno dei massimi onori per un atleta olimpico \u00e8 un compito riservato ad atleti che hanno rappresentato l&#8217;eccellenza dello sport italiano. Ecco la lista storica. Edizione Localit\u00e0 Portabandiera Disciplina 1924 Chamonix Andrea Venerando Pattinaggio di figura 1928 St. Moritz Ernesto Zardini Bob 1932 Lake Placid Ernesto Zardini [&hellip;]<\/p>","protected":false},"author":3,"featured_media":308,"comment_status":"open","ping_status":"open","sticky":false,"template":"","format":"standard","meta":{"_acf_changed":false,"footnotes":""},"categories":[1,2],"tags":[],"class_list":["post-307","post","type-post","status-publish","format-standard","has-post-thumbnail","hentry","category-notizie-e-aggiornamenti","category-atleti-e-squadre"],"acf":[],"_links":{"self":[{"href":"https:\/\/aspettandomilanocortina2026.it\/de\/wp-json\/wp\/v2\/posts\/307","targetHints":{"allow":["GET"]}}],"collection":[{"href":"https:\/\/aspettandomilanocortina2026.it\/de\/wp-json\/wp\/v2\/posts"}],"about":[{"href":"https:\/\/aspettandomilanocortina2026.it\/de\/wp-json\/wp\/v2\/types\/post"}],"author":[{"embeddable":true,"href":"https:\/\/aspettandomilanocortina2026.it\/de\/wp-json\/wp\/v2\/users\/3"}],"replies":[{"embeddable":true,"href":"https:\/\/aspettandomilanocortina2026.it\/de\/wp-json\/wp\/v2\/comments?post=307"}],"version-history":[{"count":1,"href":"https:\/\/aspettandomilanocortina2026.it\/de\/wp-json\/wp\/v2\/posts\/307\/revisions"}],"predecessor-version":[{"id":309,"href":"https:\/\/aspettandomilanocortina2026.it\/de\/wp-json\/wp\/v2\/posts\/307\/revisions\/309"}],"wp:featuredmedia":[{"embeddable":true,"href":"https:\/\/aspettandomilanocortina2026.it\/de\/wp-json\/wp\/v2\/media\/308"}],"wp:attachment":[{"href":"https:\/\/aspettandomilanocortina2026.it\/de\/wp-json\/wp\/v2\/media?parent=307"}],"wp:term":[{"taxonomy":"category","embeddable":true,"href":"https:\/\/aspettandomilanocortina2026.it\/de\/wp-json\/wp\/v2\/categories?post=307"},{"taxonomy":"post_tag","embeddable":true,"href":"https:\/\/aspettandomilanocortina2026.it\/de\/wp-json\/wp\/v2\/tags?post=307"}],"curies":[{"name":"wp","href":"https:\/\/api.w.org\/{rel}","templated":true}]}}