{"id":282,"date":"2025-04-28T17:25:36","date_gmt":"2025-04-28T16:25:36","guid":{"rendered":"https:\/\/aspettandomilanocortina2026.it\/?p=282"},"modified":"2025-04-29T15:00:13","modified_gmt":"2025-04-29T14:00:13","slug":"laddio-fur-papst-franziskus-ein-historisches-grabmal","status":"publish","type":"post","link":"https:\/\/aspettandomilanocortina2026.it\/de\/laddio-fur-papst-franziskus-ein-historisches-grabmal\/","title":{"rendered":"Abschied von Papst Franziskus: Ein historisches Begr\u00e4bnis"},"content":{"rendered":"<script type=\"text\/plain\" data-tcf=\"waiting-for-consent\" data-id=\"1033\" data-bid=\"1\" data-placement=\"1034\">PGRpdiBpZD0iYW1jLTE0NzkzNzI0MzUiIGNsYXNzPSJhbWMtcHJpbWEtZGVsLWNvbnRlbnV0byI+PHNjcmlwdCBhc3luYyBzcmM9Ii8vcGFnZWFkMi5nb29nbGVzeW5kaWNhdGlvbi5jb20vcGFnZWFkL2pzL2Fkc2J5Z29vZ2xlLmpzP2NsaWVudD1jYS1wdWItNDQwMTE0NTAyNzUzOTExNSIgY3Jvc3NvcmlnaW49ImFub255bW91cyI+PC9zY3JpcHQ+PGlucyBjbGFzcz0iYWRzYnlnb29nbGUiIHN0eWxlPSJkaXNwbGF5OmJsb2NrOyIgZGF0YS1hZC1jbGllbnQ9ImNhLXB1Yi00NDAxMTQ1MDI3NTM5MTE1IiAKZGF0YS1hZC1zbG90PSIiIApkYXRhLWFkLWZvcm1hdD0iYXV0byIgZGF0YS1mdWxsLXdpZHRoLXJlc3BvbnNpdmU9InRydWUiPjwvaW5zPgo8c2NyaXB0PiAKKGFkc2J5Z29vZ2xlID0gd2luZG93LmFkc2J5Z29vZ2xlIHx8IFtdKS5wdXNoKHt9KTsgCjwvc2NyaXB0Pgo8L2Rpdj4=<\/script>\n<p><strong>Der Tod des Papstes<\/strong><\/p><script type=\"text\/plain\" data-tcf=\"waiting-for-consent\" data-id=\"1037\" data-bid=\"1\" data-placement=\"726\">PGRpdiBpZD0iYW1jLTIzOTA3MDc5MzAiIGNsYXNzPSJhbWMtcG9zdC1jb250ZW50IiBzdHlsZT0ibWFyZ2luLWxlZnQ6IGF1dG87bWFyZ2luLXJpZ2h0OiBhdXRvO3RleHQtYWxpZ246IGNlbnRlcjsiPjxzY3JpcHQgYXN5bmMgc3JjPSIvL3BhZ2VhZDIuZ29vZ2xlc3luZGljYXRpb24uY29tL3BhZ2VhZC9qcy9hZHNieWdvb2dsZS5qcz9jbGllbnQ9Y2EtcHViLTQ0MDExNDUwMjc1MzkxMTUiIGNyb3Nzb3JpZ2luPSJhbm9ueW1vdXMiPjwvc2NyaXB0PjxpbnMgY2xhc3M9ImFkc2J5Z29vZ2xlIiBzdHlsZT0iZGlzcGxheTpibG9jazsiIGRhdGEtYWQtY2xpZW50PSJjYS1wdWItNDQwMTE0NTAyNzUzOTExNSIgCmRhdGEtYWQtc2xvdD0iODAyMDU4Mzc5MyIgCmRhdGEtYWQtZm9ybWF0PSJhdXRvIiBkYXRhLWZ1bGwtd2lkdGgtcmVzcG9uc2l2ZT0idHJ1ZSI+PC9pbnM+CjxzY3JpcHQ+IAooYWRzYnlnb29nbGUgPSB3aW5kb3cuYWRzYnlnb29nbGUgfHwgW10pLnB1c2goe30pOyAKPC9zY3JpcHQ+CjwvZGl2PjxiciBzdHlsZT0iY2xlYXI6IGJvdGg7IGRpc3BsYXk6IGJsb2NrOyBmbG9hdDogbm9uZTsiLz4=<\/script>\n\n\n\n<p>Papst Franziskus, der 266. Pontifex der katholischen Kirche, verstarb am <strong>21. April 2025<\/strong>, bei <strong>7:35<\/strong>in seinem Wohnsitz in der <strong>Domus Sanctae Marthae<\/strong> im Vatikan im Alter von 88 Jahren. Sein Tod wurde verursacht durch eine <strong>isch\u00e4mischer Schlaganfall<\/strong>was zu einer raschen Verschlechterung seiner Gesundheit f\u00fchrte. Der Kardinal-K\u00e4mmerer <strong>Kevin Joseph Farrell<\/strong> k\u00fcndigte seinen Tod auf der <strong>9:47<\/strong>mit einer von Vatican Media ausgestrahlten Botschaft.<\/p><script type=\"text\/plain\" data-tcf=\"waiting-for-consent\" data-id=\"1033\" data-bid=\"1\" data-placement=\"985\">PGRpdiBpZD0iYW1jLTM0MjY3OTY2MzkiIGNsYXNzPSJhbWMtbWgtbWlkIj48c2NyaXB0IGFzeW5jIHNyYz0iLy9wYWdlYWQyLmdvb2dsZXN5bmRpY2F0aW9uLmNvbS9wYWdlYWQvanMvYWRzYnlnb29nbGUuanM\/Y2xpZW50PWNhLXB1Yi00NDAxMTQ1MDI3NTM5MTE1IiBjcm9zc29yaWdpbj0iYW5vbnltb3VzIj48L3NjcmlwdD48aW5zIGNsYXNzPSJhZHNieWdvb2dsZSIgc3R5bGU9ImRpc3BsYXk6YmxvY2s7IiBkYXRhLWFkLWNsaWVudD0iY2EtcHViLTQ0MDExNDUwMjc1MzkxMTUiIApkYXRhLWFkLXNsb3Q9IiIgCmRhdGEtYWQtZm9ybWF0PSJhdXRvIiBkYXRhLWZ1bGwtd2lkdGgtcmVzcG9uc2l2ZT0idHJ1ZSI+PC9pbnM+CjxzY3JpcHQ+IAooYWRzYnlnb29nbGUgPSB3aW5kb3cuYWRzYnlnb29nbGUgfHwgW10pLnB1c2goe30pOyAKPC9zY3JpcHQ+CjwvZGl2Pg==<\/script>\n\n\n\n<p>Sein Tod ersch\u00fctterte die ganze Welt und l\u00f6ste eine Welle der Trauer und des Gedenkens an sein Pontifikat aus, das sich durch Bescheidenheit, interreligi\u00f6sen Dialog und Engagement f\u00fcr die Armen und Ausgegrenzten auszeichnete.<\/p>\n\n\n\n<p><strong> Beerdigungen<\/strong><\/p>\n\n\n\n<p>Die Beerdigung von Papst Franziskus fand am <strong>26. April 2025<\/strong>, bei <strong>10:00<\/strong>, in <strong>Petersplatz<\/strong>in Anwesenheit von etwa <strong>400.000 Menschen<\/strong>einschlie\u00dflich \u00fcber <strong>150.000 Gl\u00e4ubige<\/strong> entlang der Route des Leichenzugs durch die Stra\u00dfen Roms zum <strong>Basilika St. Maria Major<\/strong>wo der Papst begraben wurde.<\/p>\n\n\n\n<p>Die Zeremonie wurde geleitet von <strong>Kardinal Giovanni Battista Re<\/strong>Dekan des Kardinalskollegiums, und wurde von zahlreichen Staatsoberh\u00e4uptern, Herrschern und internationalen Delegationen besucht. Unter den Anwesenden waren der Pr\u00e4sident der Vereinigten Staaten <strong>Joe Biden<\/strong>der Pr\u00e4sident der Europ\u00e4ischen Kommission <strong>Ursula von der Leyen<\/strong>der griechische Premierminister <strong>Kyriakos Mitsotakis<\/strong>und der marokkanische Premierminister <strong>Aziz Akhannouch<\/strong>.<\/p>\n\n\n\n<p>W\u00e4hrend der Zeremonie wurden Gebete in mehreren Sprachen vorgetragen, darunter Franz\u00f6sisch, Arabisch, Portugiesisch, Polnisch, Deutsch und Mandarin, was die Universalit\u00e4t der Botschaft von Papst Franziskus beweist.<\/p>\n\n\n\n<p>Papst Franziskus hatte um eine einfache und n\u00fcchterne Zeremonie gebeten. Sein Leichnam wurde in einem mit Zink ausgekleideten Holzsarg aufgebahrt, ohne einen Katafalk oder einen p\u00e4pstlichen Stab zu benutzen, wie er es sich gew\u00fcnscht hatte. Nach der Messe zog der Trauerzug durch die Stra\u00dfen Roms, begr\u00fc\u00dft von einem langen Beifall der Gl\u00e4ubigen, und erreichte die <strong>Basilika St. Maria Major<\/strong>.<\/p>\n\n\n\n<p><strong> Das Testament und das Begr\u00e4bnis<\/strong><\/p>\n\n\n\n<p>Nach den testamentarischen Verf\u00fcgungen von Papst Franziskus fand seine Beerdigung in der <strong>Basilika St. Maria Major<\/strong>in einem den P\u00e4psten vorbehaltenen Bereich, sondern in einem einfachen Grab ohne Denkm\u00e4ler oder Inschriften, als Zeichen seiner Demut.<\/p>\n\n\n\n<p><\/p>\n\n\n\n<p><strong> Die Zeit der Trauer und das Konklave<\/strong><\/p>\n\n\n\n<p>Nach der Beerdigung ist die Zeit der <strong>Novendiali<\/strong>neun Tage des Gebets und der Reflexion zum Gedenken an den Papst. Die <strong>5. Mai 2025<\/strong> den Beginn der <strong>Konklave<\/strong> f\u00fcr die Wahl des neuen Papstes.<\/p>\n\n\n\n<p><strong> Ein Papst des Friedens und der Barmherzigkeit<\/strong><\/p>\n\n\n\n<p>Papst Franziskus ist der erste jesuitische Pontifex und der erste aus Lateinamerika. W\u00e4hrend seines Pontifikats f\u00f6rderte er den interreligi\u00f6sen Dialog, die Sorge um die Armen und die Sorge um die Umwelt. Er war auch ein Vorreiter bei der St\u00e4rkung der \u00f6kumenischen Beziehungen zu anderen christlichen Konfessionen und der F\u00f6rderung des interreligi\u00f6sen Dialogs mit anderen Religionen. Seine Sorge um junge Menschen, Migranten und die Bewahrung der Erde hat sein Pontifikat zutiefst gepr\u00e4gt. Seine Botschaft des Friedens und der Br\u00fcderlichkeit hat Millionen von Menschen auf der ganzen Welt ber\u00fchrt.<\/p>\n<div class=\"amc-dopo-il-contenuto\" id=\"amc-1979034859\"><script type=\"text\/plain\" data-tcf=\"waiting-for-consent\" data-id=\"1033\" data-bid=\"1\">PGRpdiBpZD0iYW1jLTE5NDgwMjQ1OCI+PHNjcmlwdCBhc3luYyBzcmM9Ii8vcGFnZWFkMi5nb29nbGVzeW5kaWNhdGlvbi5jb20vcGFnZWFkL2pzL2Fkc2J5Z29vZ2xlLmpzP2NsaWVudD1jYS1wdWItNDQwMTE0NTAyNzUzOTExNSIgY3Jvc3NvcmlnaW49ImFub255bW91cyI+PC9zY3JpcHQ+PGlucyBjbGFzcz0iYWRzYnlnb29nbGUiIHN0eWxlPSJkaXNwbGF5OmJsb2NrOyIgZGF0YS1hZC1jbGllbnQ9ImNhLXB1Yi00NDAxMTQ1MDI3NTM5MTE1IiAKZGF0YS1hZC1zbG90PSIiIApkYXRhLWFkLWZvcm1hdD0iYXV0byIgZGF0YS1mdWxsLXdpZHRoLXJlc3BvbnNpdmU9InRydWUiPjwvaW5zPgo8c2NyaXB0PiAKKGFkc2J5Z29vZ2xlID0gd2luZG93LmFkc2J5Z29vZ2xlIHx8IFtdKS5wdXNoKHt9KTsgCjwvc2NyaXB0Pgo8L2Rpdj4=<\/script><\/div>","protected":false},"excerpt":{"rendered":"<p>La Morte del Papa Papa Francesco, il 266\u00b0 Pontefice della Chiesa cattolica, \u00e8 deceduto il 21 aprile 2025, alle ore 7:35, nella sua residenza presso la Domus Sanctae Marthae in Vaticano, all&#8217;et\u00e0 di 88 anni. La sua morte \u00e8 stata causata da un ictus ischemico, che ha portato a un rapido declino delle sue condizioni [&hellip;]<\/p>","protected":false},"author":3,"featured_media":285,"comment_status":"open","ping_status":"open","sticky":false,"template":"","format":"standard","meta":{"_acf_changed":false,"footnotes":""},"categories":[1],"tags":[],"class_list":["post-282","post","type-post","status-publish","format-standard","has-post-thumbnail","hentry","category-notizie-e-aggiornamenti"],"acf":[],"_links":{"self":[{"href":"https:\/\/aspettandomilanocortina2026.it\/de\/wp-json\/wp\/v2\/posts\/282","targetHints":{"allow":["GET"]}}],"collection":[{"href":"https:\/\/aspettandomilanocortina2026.it\/de\/wp-json\/wp\/v2\/posts"}],"about":[{"href":"https:\/\/aspettandomilanocortina2026.it\/de\/wp-json\/wp\/v2\/types\/post"}],"author":[{"embeddable":true,"href":"https:\/\/aspettandomilanocortina2026.it\/de\/wp-json\/wp\/v2\/users\/3"}],"replies":[{"embeddable":true,"href":"https:\/\/aspettandomilanocortina2026.it\/de\/wp-json\/wp\/v2\/comments?post=282"}],"version-history":[{"count":2,"href":"https:\/\/aspettandomilanocortina2026.it\/de\/wp-json\/wp\/v2\/posts\/282\/revisions"}],"predecessor-version":[{"id":287,"href":"https:\/\/aspettandomilanocortina2026.it\/de\/wp-json\/wp\/v2\/posts\/282\/revisions\/287"}],"wp:featuredmedia":[{"embeddable":true,"href":"https:\/\/aspettandomilanocortina2026.it\/de\/wp-json\/wp\/v2\/media\/285"}],"wp:attachment":[{"href":"https:\/\/aspettandomilanocortina2026.it\/de\/wp-json\/wp\/v2\/media?parent=282"}],"wp:term":[{"taxonomy":"category","embeddable":true,"href":"https:\/\/aspettandomilanocortina2026.it\/de\/wp-json\/wp\/v2\/categories?post=282"},{"taxonomy":"post_tag","embeddable":true,"href":"https:\/\/aspettandomilanocortina2026.it\/de\/wp-json\/wp\/v2\/tags?post=282"}],"curies":[{"name":"wp","href":"https:\/\/api.w.org\/{rel}","templated":true}]}}