{"id":279,"date":"2025-04-28T17:05:23","date_gmt":"2025-04-28T16:05:23","guid":{"rendered":"https:\/\/aspettandomilanocortina2026.it\/?p=279"},"modified":"2025-04-29T15:00:47","modified_gmt":"2025-04-29T14:00:47","slug":"die-reise-der-olympischen-flamme-von-mailand-cortina-2026-eine-ausergewohnliche-reise","status":"publish","type":"post","link":"https:\/\/aspettandomilanocortina2026.it\/de\/die-reise-der-olympischen-flamme-von-mailand-cortina-2026-eine-ausergewohnliche-reise\/","title":{"rendered":"Die Reise der olympischen Flamme von Mailand Cortina 2026: Eine au\u00dfergew\u00f6hnliche Route"},"content":{"rendered":"<script type=\"text\/plain\" data-tcf=\"waiting-for-consent\" data-id=\"1033\" data-bid=\"1\" data-placement=\"1034\">PGRpdiBpZD0iYW1jLTgzOTY3NjIzMCIgY2xhc3M9ImFtYy1wcmltYS1kZWwtY29udGVudXRvIj48c2NyaXB0IGFzeW5jIHNyYz0iLy9wYWdlYWQyLmdvb2dsZXN5bmRpY2F0aW9uLmNvbS9wYWdlYWQvanMvYWRzYnlnb29nbGUuanM\/Y2xpZW50PWNhLXB1Yi00NDAxMTQ1MDI3NTM5MTE1IiBjcm9zc29yaWdpbj0iYW5vbnltb3VzIj48L3NjcmlwdD48aW5zIGNsYXNzPSJhZHNieWdvb2dsZSIgc3R5bGU9ImRpc3BsYXk6YmxvY2s7IiBkYXRhLWFkLWNsaWVudD0iY2EtcHViLTQ0MDExNDUwMjc1MzkxMTUiIApkYXRhLWFkLXNsb3Q9IiIgCmRhdGEtYWQtZm9ybWF0PSJhdXRvIiBkYXRhLWZ1bGwtd2lkdGgtcmVzcG9uc2l2ZT0idHJ1ZSI+PC9pbnM+CjxzY3JpcHQ+IAooYWRzYnlnb29nbGUgPSB3aW5kb3cuYWRzYnlnb29nbGUgfHwgW10pLnB1c2goe30pOyAKPC9zY3JpcHQ+CjwvZGl2Pg==<\/script>\n<p>Die Reise des olympischen Feuers f\u00fcr die Olympischen Winterspiele 2026 in Mailand-Cortina, genannt \"The Greatest Journey\", ist ein symbolisches Ereignis, das ganz Italien durchqueren wird, lokale Gemeinschaften einbezieht und den olympischen Geist feiert. Die Reise, die am 26. November 2025 in Olympia (Griechenland) beginnt, wird alle 110 italienischen Provinzen durchqueren und in 63 Tagen rund 12 000 km zur\u00fccklegen. Sie wird am 6. Februar 2026 im San-Siro-Stadion in Mailand anl\u00e4sslich der Er\u00f6ffnungsfeier der Spiele enden.<\/p><script type=\"text\/plain\" data-tcf=\"waiting-for-consent\" data-id=\"1037\" data-bid=\"1\" data-placement=\"726\">PGRpdiBpZD0iYW1jLTE3NjAxNjY3NzUiIGNsYXNzPSJhbWMtcG9zdC1jb250ZW50IiBzdHlsZT0ibWFyZ2luLWxlZnQ6IGF1dG87bWFyZ2luLXJpZ2h0OiBhdXRvO3RleHQtYWxpZ246IGNlbnRlcjsiPjxzY3JpcHQgYXN5bmMgc3JjPSIvL3BhZ2VhZDIuZ29vZ2xlc3luZGljYXRpb24uY29tL3BhZ2VhZC9qcy9hZHNieWdvb2dsZS5qcz9jbGllbnQ9Y2EtcHViLTQ0MDExNDUwMjc1MzkxMTUiIGNyb3Nzb3JpZ2luPSJhbm9ueW1vdXMiPjwvc2NyaXB0PjxpbnMgY2xhc3M9ImFkc2J5Z29vZ2xlIiBzdHlsZT0iZGlzcGxheTpibG9jazsiIGRhdGEtYWQtY2xpZW50PSJjYS1wdWItNDQwMTE0NTAyNzUzOTExNSIgCmRhdGEtYWQtc2xvdD0iODAyMDU4Mzc5MyIgCmRhdGEtYWQtZm9ybWF0PSJhdXRvIiBkYXRhLWZ1bGwtd2lkdGgtcmVzcG9uc2l2ZT0idHJ1ZSI+PC9pbnM+CjxzY3JpcHQ+IAooYWRzYnlnb29nbGUgPSB3aW5kb3cuYWRzYnlnb29nbGUgfHwgW10pLnB1c2goe30pOyAKPC9zY3JpcHQ+CjwvZGl2PjxiciBzdHlsZT0iY2xlYXI6IGJvdGg7IGRpc3BsYXk6IGJsb2NrOyBmbG9hdDogbm9uZTsiLz4=<\/script>\n\n\n\n<p><strong>Griechenland: Die Entz\u00fcndung und Weitergabe der Fackel<\/strong><\/p><script type=\"text\/plain\" data-tcf=\"waiting-for-consent\" data-id=\"1033\" data-bid=\"1\" data-placement=\"985\">PGRpdiBpZD0iYW1jLTE3ODY5NDQ5MDMiIGNsYXNzPSJhbWMtbWgtbWlkIj48c2NyaXB0IGFzeW5jIHNyYz0iLy9wYWdlYWQyLmdvb2dsZXN5bmRpY2F0aW9uLmNvbS9wYWdlYWQvanMvYWRzYnlnb29nbGUuanM\/Y2xpZW50PWNhLXB1Yi00NDAxMTQ1MDI3NTM5MTE1IiBjcm9zc29yaWdpbj0iYW5vbnltb3VzIj48L3NjcmlwdD48aW5zIGNsYXNzPSJhZHNieWdvb2dsZSIgc3R5bGU9ImRpc3BsYXk6YmxvY2s7IiBkYXRhLWFkLWNsaWVudD0iY2EtcHViLTQ0MDExNDUwMjc1MzkxMTUiIApkYXRhLWFkLXNsb3Q9IiIgCmRhdGEtYWQtZm9ybWF0PSJhdXRvIiBkYXRhLWZ1bGwtd2lkdGgtcmVzcG9uc2l2ZT0idHJ1ZSI+PC9pbnM+CjxzY3JpcHQ+IAooYWRzYnlnb29nbGUgPSB3aW5kb3cuYWRzYnlnb29nbGUgfHwgW10pLnB1c2goe30pOyAKPC9zY3JpcHQ+CjwvZGl2Pg==<\/script>\n\n\n\n<ul class=\"wp-block-list\">\n<li><strong>26. November 2025<\/strong>Anz\u00fcnden der Flamme in Olympia, Griechenland, mit Hilfe des traditionellen Parabolspiegels.<\/li>\n\n\n\n<li><strong>4. Dezember 2025<\/strong>Zeremonie der Fackel\u00fcbergabe in Athen.<\/li>\n<\/ul>\n\n\n\n<p><strong>Italien: Die gro\u00dfe Reise<\/strong><\/p>\n\n\n\n<p>Die Reise in Italien beginnt am 6. Dezember 2025 und f\u00fchrt durch alle Regionen und Provinzen, mit wichtigen Zwischenstopps in mehreren St\u00e4dten.<\/p>\n\n\n\n<ul class=\"wp-block-list\">\n<li><strong>Rom (6. Dezember)<\/strong>Begr\u00fc\u00dfung der Fackel auf der Quirinale.<\/li>\n\n\n\n<li><strong>Neapel (23. Dezember)<\/strong>Weihnachtsb\u00fchne.<\/li>\n\n\n\n<li><strong>Bari (31. Dezember)<\/strong>: Neujahrsfest.<\/li>\n\n\n\n<li><strong>Cortina d'Ampezzo (26. Januar 2026)<\/strong>Gedenken an den 70. Jahrestag der Olympischen Winterspiele 1956.<\/li>\n\n\n\n<li><strong>Mailand (6. Februar 2026)<\/strong>Ankunft im San-Siro-Stadion zur Er\u00f6ffnungsfeier.<\/li>\n<\/ul>\n\n\n\n<p><strong> Regionale und lokale Etappen<\/strong><\/p>\n\n\n\n<ul class=\"wp-block-list\">\n<li><strong>Emilia-Romagna<\/strong>Vom 5. bis 16. Januar 2026 wird die Fackel Rimini, Bologna, Ferrara, Parma und Piacenza besuchen.<\/li>\n\n\n\n<li><strong>Italienische Alpen<\/strong>Im Januar 2026 wird die Strecke durch Ligurien, Piemont und das Aostatal f\u00fchren, mit Halt in Genua, Cuneo, Turin und Aosta<\/li>\n<\/ul>\n\n\n\n<p><strong> Fackeltr\u00e4ger<\/strong><\/p>\n\n\n\n<p>Sie werden <strong>10.001<\/strong> die Fackeltr\u00e4ger, die die Fackel entlang der Strecke tragen werden, ausgew\u00e4hlt durch eine \u00f6ffentliche Ausschreibung. Jeder Fackeltr\u00e4ger steht f\u00fcr eine einzigartige Geschichte und tr\u00e4gt dazu bei, Italien unter dem Banner der olympischen Werte zu vereinen.<\/p>\n\n\n\n<p><strong>Wie man sich bewirbt<\/strong><\/p>\n\n\n\n<p>Weitere Informationen und die M\u00f6glichkeit, Ihre Bewerbung einzureichen, finden Sie auf der offiziellen Website von Mailand Cortina 2026: <a href=\"https:\/\/www.milanocortina2026.org\" rel=\"nofollow noopener\" target=\"_blank\">www.milanocortina2026.org<\/a><\/p>\n<div class=\"amc-dopo-il-contenuto\" id=\"amc-1956580815\"><script type=\"text\/plain\" data-tcf=\"waiting-for-consent\" data-id=\"1033\" data-bid=\"1\">PGRpdiBpZD0iYW1jLTI1MzU5NDYzMDkiPjxzY3JpcHQgYXN5bmMgc3JjPSIvL3BhZ2VhZDIuZ29vZ2xlc3luZGljYXRpb24uY29tL3BhZ2VhZC9qcy9hZHNieWdvb2dsZS5qcz9jbGllbnQ9Y2EtcHViLTQ0MDExNDUwMjc1MzkxMTUiIGNyb3Nzb3JpZ2luPSJhbm9ueW1vdXMiPjwvc2NyaXB0PjxpbnMgY2xhc3M9ImFkc2J5Z29vZ2xlIiBzdHlsZT0iZGlzcGxheTpibG9jazsiIGRhdGEtYWQtY2xpZW50PSJjYS1wdWItNDQwMTE0NTAyNzUzOTExNSIgCmRhdGEtYWQtc2xvdD0iIiAKZGF0YS1hZC1mb3JtYXQ9ImF1dG8iIGRhdGEtZnVsbC13aWR0aC1yZXNwb25zaXZlPSJ0cnVlIj48L2lucz4KPHNjcmlwdD4gCihhZHNieWdvb2dsZSA9IHdpbmRvdy5hZHNieWdvb2dsZSB8fCBbXSkucHVzaCh7fSk7IAo8L3NjcmlwdD4KPC9kaXY+<\/script><\/div>","protected":false},"excerpt":{"rendered":"<p>Il viaggio della fiamma olimpica per le Olimpiadi Invernali di Milano Cortina 2026, denominato &#8220;The Greatest Journey&#8221;, \u00e8 un evento simbolico che attraverser\u00e0 tutta l&#8217;Italia, coinvolgendo le comunit\u00e0 locali e celebrando lo spirito olimpico. Partito il 26 novembre 2025 da Olimpia, in Grecia, il percorso toccher\u00e0 tutte le 110 province italiane, coprendo circa 12.000 km [&hellip;]<\/p>","protected":false},"author":3,"featured_media":280,"comment_status":"open","ping_status":"open","sticky":false,"template":"","format":"standard","meta":{"_acf_changed":false,"footnotes":""},"categories":[4,3,1],"tags":[],"class_list":["post-279","post","type-post","status-publish","format-standard","has-post-thumbnail","hentry","category-dietro-le-quinte","category-calendario-gare","category-notizie-e-aggiornamenti"],"acf":[],"_links":{"self":[{"href":"https:\/\/aspettandomilanocortina2026.it\/de\/wp-json\/wp\/v2\/posts\/279","targetHints":{"allow":["GET"]}}],"collection":[{"href":"https:\/\/aspettandomilanocortina2026.it\/de\/wp-json\/wp\/v2\/posts"}],"about":[{"href":"https:\/\/aspettandomilanocortina2026.it\/de\/wp-json\/wp\/v2\/types\/post"}],"author":[{"embeddable":true,"href":"https:\/\/aspettandomilanocortina2026.it\/de\/wp-json\/wp\/v2\/users\/3"}],"replies":[{"embeddable":true,"href":"https:\/\/aspettandomilanocortina2026.it\/de\/wp-json\/wp\/v2\/comments?post=279"}],"version-history":[{"count":2,"href":"https:\/\/aspettandomilanocortina2026.it\/de\/wp-json\/wp\/v2\/posts\/279\/revisions"}],"predecessor-version":[{"id":288,"href":"https:\/\/aspettandomilanocortina2026.it\/de\/wp-json\/wp\/v2\/posts\/279\/revisions\/288"}],"wp:featuredmedia":[{"embeddable":true,"href":"https:\/\/aspettandomilanocortina2026.it\/de\/wp-json\/wp\/v2\/media\/280"}],"wp:attachment":[{"href":"https:\/\/aspettandomilanocortina2026.it\/de\/wp-json\/wp\/v2\/media?parent=279"}],"wp:term":[{"taxonomy":"category","embeddable":true,"href":"https:\/\/aspettandomilanocortina2026.it\/de\/wp-json\/wp\/v2\/categories?post=279"},{"taxonomy":"post_tag","embeddable":true,"href":"https:\/\/aspettandomilanocortina2026.it\/de\/wp-json\/wp\/v2\/tags?post=279"}],"curies":[{"name":"wp","href":"https:\/\/api.w.org\/{rel}","templated":true}]}}