{"id":270,"date":"2025-04-28T16:07:02","date_gmt":"2025-04-28T15:07:02","guid":{"rendered":"https:\/\/aspettandomilanocortina2026.it\/?p=270"},"modified":"2025-04-29T15:02:40","modified_gmt":"2025-04-29T14:02:40","slug":"olympische-spiele-mailand-cortina-2026-was-wird-der-erste-wettbewerb-sein","status":"publish","type":"post","link":"https:\/\/aspettandomilanocortina2026.it\/de\/olympische-spiele-mailand-cortina-2026-was-wird-der-erste-wettbewerb-sein\/","title":{"rendered":"Olympische Spiele Mailand-Cortina 2026: Was wird das erste Rennen sein?"},"content":{"rendered":"<script type=\"text\/plain\" data-tcf=\"waiting-for-consent\" data-id=\"1033\" data-bid=\"1\" data-placement=\"1034\">PGRpdiBpZD0iYW1jLTIzMzE4MTk4NjgiIGNsYXNzPSJhbWMtcHJpbWEtZGVsLWNvbnRlbnV0byI+PHNjcmlwdCBhc3luYyBzcmM9Ii8vcGFnZWFkMi5nb29nbGVzeW5kaWNhdGlvbi5jb20vcGFnZWFkL2pzL2Fkc2J5Z29vZ2xlLmpzP2NsaWVudD1jYS1wdWItNDQwMTE0NTAyNzUzOTExNSIgY3Jvc3NvcmlnaW49ImFub255bW91cyI+PC9zY3JpcHQ+PGlucyBjbGFzcz0iYWRzYnlnb29nbGUiIHN0eWxlPSJkaXNwbGF5OmJsb2NrOyIgZGF0YS1hZC1jbGllbnQ9ImNhLXB1Yi00NDAxMTQ1MDI3NTM5MTE1IiAKZGF0YS1hZC1zbG90PSIiIApkYXRhLWFkLWZvcm1hdD0iYXV0byIgZGF0YS1mdWxsLXdpZHRoLXJlc3BvbnNpdmU9InRydWUiPjwvaW5zPgo8c2NyaXB0PiAKKGFkc2J5Z29vZ2xlID0gd2luZG93LmFkc2J5Z29vZ2xlIHx8IFtdKS5wdXNoKHt9KTsgCjwvc2NyaXB0Pgo8L2Rpdj4=<\/script>\n<p>Le <strong>Olympische Winterspiele Mailand-Cortina 2026<\/strong> wird mit einem der kultigsten und spektakul\u00e4rsten Rennen des alpinen Skisports er\u00f6ffnet: dem <strong>Herren-Abfahrt<\/strong>.<br>Adrenalin, Geschwindigkeit und Technik werden sofort den Ton f\u00fcr diese historische Ausgabe angeben.<\/p><script type=\"text\/plain\" data-tcf=\"waiting-for-consent\" data-id=\"1037\" data-bid=\"1\" data-placement=\"726\">PGRpdiBpZD0iYW1jLTEyMDc5NDE1MDkiIGNsYXNzPSJhbWMtcG9zdC1jb250ZW50IiBzdHlsZT0ibWFyZ2luLWxlZnQ6IGF1dG87bWFyZ2luLXJpZ2h0OiBhdXRvO3RleHQtYWxpZ246IGNlbnRlcjsiPjxzY3JpcHQgYXN5bmMgc3JjPSIvL3BhZ2VhZDIuZ29vZ2xlc3luZGljYXRpb24uY29tL3BhZ2VhZC9qcy9hZHNieWdvb2dsZS5qcz9jbGllbnQ9Y2EtcHViLTQ0MDExNDUwMjc1MzkxMTUiIGNyb3Nzb3JpZ2luPSJhbm9ueW1vdXMiPjwvc2NyaXB0PjxpbnMgY2xhc3M9ImFkc2J5Z29vZ2xlIiBzdHlsZT0iZGlzcGxheTpibG9jazsiIGRhdGEtYWQtY2xpZW50PSJjYS1wdWItNDQwMTE0NTAyNzUzOTExNSIgCmRhdGEtYWQtc2xvdD0iODAyMDU4Mzc5MyIgCmRhdGEtYWQtZm9ybWF0PSJhdXRvIiBkYXRhLWZ1bGwtd2lkdGgtcmVzcG9uc2l2ZT0idHJ1ZSI+PC9pbnM+CjxzY3JpcHQ+IAooYWRzYnlnb29nbGUgPSB3aW5kb3cuYWRzYnlnb29nbGUgfHwgW10pLnB1c2goe30pOyAKPC9zY3JpcHQ+CjwvZGl2PjxiciBzdHlsZT0iY2xlYXI6IGJvdGg7IGRpc3BsYXk6IGJsb2NrOyBmbG9hdDogbm9uZTsiLz4=<\/script>\n\n\n\n<p><strong> Wann und wo sie gespielt wird<\/strong><\/p><script type=\"text\/plain\" data-tcf=\"waiting-for-consent\" data-id=\"1033\" data-bid=\"1\" data-placement=\"985\">PGRpdiBpZD0iYW1jLTU3ODUzMjI2IiBjbGFzcz0iYW1jLW1oLW1pZCI+PHNjcmlwdCBhc3luYyBzcmM9Ii8vcGFnZWFkMi5nb29nbGVzeW5kaWNhdGlvbi5jb20vcGFnZWFkL2pzL2Fkc2J5Z29vZ2xlLmpzP2NsaWVudD1jYS1wdWItNDQwMTE0NTAyNzUzOTExNSIgY3Jvc3NvcmlnaW49ImFub255bW91cyI+PC9zY3JpcHQ+PGlucyBjbGFzcz0iYWRzYnlnb29nbGUiIHN0eWxlPSJkaXNwbGF5OmJsb2NrOyIgZGF0YS1hZC1jbGllbnQ9ImNhLXB1Yi00NDAxMTQ1MDI3NTM5MTE1IiAKZGF0YS1hZC1zbG90PSIiIApkYXRhLWFkLWZvcm1hdD0iYXV0byIgZGF0YS1mdWxsLXdpZHRoLXJlc3BvbnNpdmU9InRydWUiPjwvaW5zPgo8c2NyaXB0PiAKKGFkc2J5Z29vZ2xlID0gd2luZG93LmFkc2J5Z29vZ2xlIHx8IFtdKS5wdXNoKHt9KTsgCjwvc2NyaXB0Pgo8L2Rpdj4=<\/script>\n\n\n\n<ul class=\"wp-block-list\">\n<li><strong>Datum:<\/strong> Samstag, 7. Februar 2026<\/li>\n\n\n\n<li><strong>Standort:<\/strong> Pista Stelvio, Bormio (Valtellina)<\/li>\n<\/ul>\n\n\n\n<p>Das Stilfser Joch gilt als eine der anspruchsvollsten Strecken der Welt und ist bekannt f\u00fcr seine extremen H\u00f6henunterschiede, seine technischen Abschnitte und die Notwendigkeit einer perfekten Kombination aus Mut und Pr\u00e4zision.<\/p>\n\n\n\n<p><strong> Warum die Talfahrt so wichtig ist<\/strong><\/p>\n\n\n\n<p>Die Abfahrt ist die K\u00f6nigsdisziplin des alpinen Skisports:<\/p>\n\n\n\n<ul class=\"wp-block-list\">\n<li>Die Athleten erreichen Geschwindigkeiten von \u00fcber <strong>130 km\/h<\/strong>.<\/li>\n\n\n\n<li>Erfordert <strong>gro\u00dfe k\u00f6rperliche Kraft<\/strong>, <strong>schnelle Reflexe<\/strong> e <strong>starke Nerven<\/strong>.<\/li>\n\n\n\n<li>Es ist ein Rennen <strong>trocken<\/strong>keine Mehrfachversuche, nur eine Abfahrt, um alles zu spielen.<\/li>\n<\/ul>\n\n\n\n<p>Die Olympischen Spiele mit dieser Disziplin zu er\u00f6ffnen, bedeutet, sofort mit einem Maximum an Spannung und Spektakel zu beginnen.<\/p>\n\n\n\n<p><strong> Die ersten Helden der Spiele<\/strong><\/p>\n\n\n\n<p>Der Abfahrtslauf wird belohnt <strong>die ersten Goldmedaillen<\/strong> der Olympischen Spiele 2026 zu einem der am meisten erwarteten und verfolgten Momente f\u00fcr Fans in aller Welt.<br>Der Sieger wird sofort in die Geschichte eingehen und den ersten olympischen Wintertitel auf italienischem Boden nach 20 Jahren gewinnen (das letzte Mal war Turin 2006).<\/p>\n\n\n\n<p><strong> Die gro\u00dfen Favoriten<\/strong><\/p>\n\n\n\n<p>Obwohl es f\u00fcr offizielle Listen noch zu fr\u00fch ist, dominieren traditionell die Champions aus \u00d6sterreich, der Schweiz, Norwegen und Italien die Szene.<br>Alle Augen sind auf die Geschwindigkeitsspezialisten gerichtet, die sich auf einer Strecke messen wollen, die Mut, Technik und Ausdauer belohnt.<\/p>\n\n\n\n<p><strong> Eine aufregende Einweihungsfeier<\/strong><\/p>\n\n\n\n<p>Auch ohne die offizielle Zeremonie abzuwarten, beginnt das eigentliche Spektakel bereits im Morgengrauen des 7. Februar mit der Schnee-Challenge in Bormio.<br><strong>Mailand-Cortina 2026<\/strong> h\u00e4tte sich keinen besseren Start aussuchen k\u00f6nnen: Adrenalin pur, Frost in der Luft und der olympische Traum wird sofort lebendig.<\/p>\n\n\n\n<p><strong>Merken Sie sich das Datum:<\/strong> das erste unumg\u00e4ngliche Ereignis zwischen Mailand und Cortina wird ein atemberaubendes Rennen zum Ruhm sein!<\/p>\n\n\n<div class=\"amc-sqrd-sidebar-bottom\" style=\"width: 970px;height: 250px;\" id=\"amc-603566462\"><script type=\"text\/plain\" data-tcf=\"waiting-for-consent\" data-id=\"1033\" data-bid=\"1\">PGRpdiBpZD0iYW1jLTIzNTAzNjY4NDgiPjxzY3JpcHQgYXN5bmMgc3JjPSIvL3BhZ2VhZDIuZ29vZ2xlc3luZGljYXRpb24uY29tL3BhZ2VhZC9qcy9hZHNieWdvb2dsZS5qcz9jbGllbnQ9Y2EtcHViLTQ0MDExNDUwMjc1MzkxMTUiIGNyb3Nzb3JpZ2luPSJhbm9ueW1vdXMiPjwvc2NyaXB0PjxpbnMgY2xhc3M9ImFkc2J5Z29vZ2xlIiBzdHlsZT0iZGlzcGxheTpibG9jazsiIGRhdGEtYWQtY2xpZW50PSJjYS1wdWItNDQwMTE0NTAyNzUzOTExNSIgCmRhdGEtYWQtc2xvdD0iIiAKZGF0YS1hZC1mb3JtYXQ9ImF1dG8iIGRhdGEtZnVsbC13aWR0aC1yZXNwb25zaXZlPSJ0cnVlIj48L2lucz4KPHNjcmlwdD4gCihhZHNieWdvb2dsZSA9IHdpbmRvdy5hZHNieWdvb2dsZSB8fCBbXSkucHVzaCh7fSk7IAo8L3NjcmlwdD4KPC9kaXY+<\/script><\/div><div class=\"amc-dopo-il-contenuto\" id=\"amc-2594793274\"><script type=\"text\/plain\" data-tcf=\"waiting-for-consent\" data-id=\"1033\" data-bid=\"1\">PGRpdiBpZD0iYW1jLTM5MzI0ODgxMDEiPjxzY3JpcHQgYXN5bmMgc3JjPSIvL3BhZ2VhZDIuZ29vZ2xlc3luZGljYXRpb24uY29tL3BhZ2VhZC9qcy9hZHNieWdvb2dsZS5qcz9jbGllbnQ9Y2EtcHViLTQ0MDExNDUwMjc1MzkxMTUiIGNyb3Nzb3JpZ2luPSJhbm9ueW1vdXMiPjwvc2NyaXB0PjxpbnMgY2xhc3M9ImFkc2J5Z29vZ2xlIiBzdHlsZT0iZGlzcGxheTpibG9jazsiIGRhdGEtYWQtY2xpZW50PSJjYS1wdWItNDQwMTE0NTAyNzUzOTExNSIgCmRhdGEtYWQtc2xvdD0iIiAKZGF0YS1hZC1mb3JtYXQ9ImF1dG8iIGRhdGEtZnVsbC13aWR0aC1yZXNwb25zaXZlPSJ0cnVlIj48L2lucz4KPHNjcmlwdD4gCihhZHNieWdvb2dsZSA9IHdpbmRvdy5hZHNieWdvb2dsZSB8fCBbXSkucHVzaCh7fSk7IAo8L3NjcmlwdD4KPC9kaXY+<\/script><\/div>","protected":false},"excerpt":{"rendered":"<p>Le Olimpiadi Invernali di Milano-Cortina 2026 si apriranno con una delle gare pi\u00f9 iconiche e spettacolari dello sci alpino: la discesa libera maschile.Adrenalina, velocit\u00e0 e tecnica daranno subito il tono a questa edizione destinata a essere storica. Quando e Dove si Disputer\u00e0 La Stelvio \u00e8 considerata una delle piste pi\u00f9 impegnative del circuito mondiale, celebre [&hellip;]<\/p>","protected":false},"author":3,"featured_media":137,"comment_status":"open","ping_status":"open","sticky":false,"template":"","format":"standard","meta":{"_acf_changed":false,"footnotes":""},"categories":[3,1],"tags":[],"class_list":["post-270","post","type-post","status-publish","format-standard","has-post-thumbnail","hentry","category-calendario-gare","category-notizie-e-aggiornamenti"],"acf":[],"_links":{"self":[{"href":"https:\/\/aspettandomilanocortina2026.it\/de\/wp-json\/wp\/v2\/posts\/270","targetHints":{"allow":["GET"]}}],"collection":[{"href":"https:\/\/aspettandomilanocortina2026.it\/de\/wp-json\/wp\/v2\/posts"}],"about":[{"href":"https:\/\/aspettandomilanocortina2026.it\/de\/wp-json\/wp\/v2\/types\/post"}],"author":[{"embeddable":true,"href":"https:\/\/aspettandomilanocortina2026.it\/de\/wp-json\/wp\/v2\/users\/3"}],"replies":[{"embeddable":true,"href":"https:\/\/aspettandomilanocortina2026.it\/de\/wp-json\/wp\/v2\/comments?post=270"}],"version-history":[{"count":2,"href":"https:\/\/aspettandomilanocortina2026.it\/de\/wp-json\/wp\/v2\/posts\/270\/revisions"}],"predecessor-version":[{"id":291,"href":"https:\/\/aspettandomilanocortina2026.it\/de\/wp-json\/wp\/v2\/posts\/270\/revisions\/291"}],"wp:featuredmedia":[{"embeddable":true,"href":"https:\/\/aspettandomilanocortina2026.it\/de\/wp-json\/wp\/v2\/media\/137"}],"wp:attachment":[{"href":"https:\/\/aspettandomilanocortina2026.it\/de\/wp-json\/wp\/v2\/media?parent=270"}],"wp:term":[{"taxonomy":"category","embeddable":true,"href":"https:\/\/aspettandomilanocortina2026.it\/de\/wp-json\/wp\/v2\/categories?post=270"},{"taxonomy":"post_tag","embeddable":true,"href":"https:\/\/aspettandomilanocortina2026.it\/de\/wp-json\/wp\/v2\/tags?post=270"}],"curies":[{"name":"wp","href":"https:\/\/api.w.org\/{rel}","templated":true}]}}