{"id":239,"date":"2025-04-24T16:29:12","date_gmt":"2025-04-24T15:29:12","guid":{"rendered":"https:\/\/aspettandomilanocortina2026.it\/?p=239"},"modified":"2025-04-29T15:21:24","modified_gmt":"2025-04-29T14:21:24","slug":"eroffnungsfeier-mailand-cortina-2026-italien-eroffnet-die-spiele-mit-einem-historischen-spektakel","status":"publish","type":"post","link":"https:\/\/aspettandomilanocortina2026.it\/de\/eroffnungsfeier-mailand-cortina-2026-italien-eroffnet-die-spiele-mit-einem-historischen-spektakel\/","title":{"rendered":"Er\u00f6ffnungszeremonie Mailand-Cortina 2026: Italien er\u00f6ffnet die Spiele mit einem historischen Spektakel"},"content":{"rendered":"<script type=\"text\/plain\" data-tcf=\"waiting-for-consent\" data-id=\"1033\" data-bid=\"1\" data-placement=\"1034\">PGRpdiBpZD0iYW1jLTMyNTI3Mzg2MjkiIGNsYXNzPSJhbWMtcHJpbWEtZGVsLWNvbnRlbnV0byI+PHNjcmlwdCBhc3luYyBzcmM9Ii8vcGFnZWFkMi5nb29nbGVzeW5kaWNhdGlvbi5jb20vcGFnZWFkL2pzL2Fkc2J5Z29vZ2xlLmpzP2NsaWVudD1jYS1wdWItNDQwMTE0NTAyNzUzOTExNSIgY3Jvc3NvcmlnaW49ImFub255bW91cyI+PC9zY3JpcHQ+PGlucyBjbGFzcz0iYWRzYnlnb29nbGUiIHN0eWxlPSJkaXNwbGF5OmJsb2NrOyIgZGF0YS1hZC1jbGllbnQ9ImNhLXB1Yi00NDAxMTQ1MDI3NTM5MTE1IiAKZGF0YS1hZC1zbG90PSIiIApkYXRhLWFkLWZvcm1hdD0iYXV0byIgZGF0YS1mdWxsLXdpZHRoLXJlc3BvbnNpdmU9InRydWUiPjwvaW5zPgo8c2NyaXB0PiAKKGFkc2J5Z29vZ2xlID0gd2luZG93LmFkc2J5Z29vZ2xlIHx8IFtdKS5wdXNoKHt9KTsgCjwvc2NyaXB0Pgo8L2Rpdj4=<\/script>\n<p>Die <strong>6. Februar 2026<\/strong>die ganze Welt wird auf Italien schauen, um Zeuge der <strong>Er\u00f6ffnungszeremonie der Olympischen Winterspiele Mailand-Cortina 2026<\/strong>. Es wird ein epochales, bedeutungsvolles Ereignis sein, das die <strong>Sport, Kultur und Unterhaltung<\/strong> in einer gro\u00dfen Umarmung. Und zum ersten Mal in der Geschichte der Winterspiele wird die Er\u00f6ffnung in einem <strong>Fu\u00dfballstadion<\/strong>der Historiker <strong>San Siro in Mailand<\/strong>.<\/p><script type=\"text\/plain\" data-tcf=\"waiting-for-consent\" data-id=\"1037\" data-bid=\"1\" data-placement=\"726\">PGRpdiBpZD0iYW1jLTEwNjY0NDIwNTYiIGNsYXNzPSJhbWMtcG9zdC1jb250ZW50IiBzdHlsZT0ibWFyZ2luLWxlZnQ6IGF1dG87bWFyZ2luLXJpZ2h0OiBhdXRvO3RleHQtYWxpZ246IGNlbnRlcjsiPjxzY3JpcHQgYXN5bmMgc3JjPSIvL3BhZ2VhZDIuZ29vZ2xlc3luZGljYXRpb24uY29tL3BhZ2VhZC9qcy9hZHNieWdvb2dsZS5qcz9jbGllbnQ9Y2EtcHViLTQ0MDExNDUwMjc1MzkxMTUiIGNyb3Nzb3JpZ2luPSJhbm9ueW1vdXMiPjwvc2NyaXB0PjxpbnMgY2xhc3M9ImFkc2J5Z29vZ2xlIiBzdHlsZT0iZGlzcGxheTpibG9jazsiIGRhdGEtYWQtY2xpZW50PSJjYS1wdWItNDQwMTE0NTAyNzUzOTExNSIgCmRhdGEtYWQtc2xvdD0iODAyMDU4Mzc5MyIgCmRhdGEtYWQtZm9ybWF0PSJhdXRvIiBkYXRhLWZ1bGwtd2lkdGgtcmVzcG9uc2l2ZT0idHJ1ZSI+PC9pbnM+CjxzY3JpcHQ+IAooYWRzYnlnb29nbGUgPSB3aW5kb3cuYWRzYnlnb29nbGUgfHwgW10pLnB1c2goe30pOyAKPC9zY3JpcHQ+CjwvZGl2PjxiciBzdHlsZT0iY2xlYXI6IGJvdGg7IGRpc3BsYXk6IGJsb2NrOyBmbG9hdDogbm9uZTsiLz4=<\/script>\n\n\n\n<p><strong> San Siro: ein ikonisches Stadion f\u00fcr ein globales Ereignis<\/strong><\/p><script type=\"text\/plain\" data-tcf=\"waiting-for-consent\" data-id=\"1033\" data-bid=\"1\" data-placement=\"985\">PGRpdiBpZD0iYW1jLTMxNTAxNzU2NTIiIGNsYXNzPSJhbWMtbWgtbWlkIj48c2NyaXB0IGFzeW5jIHNyYz0iLy9wYWdlYWQyLmdvb2dsZXN5bmRpY2F0aW9uLmNvbS9wYWdlYWQvanMvYWRzYnlnb29nbGUuanM\/Y2xpZW50PWNhLXB1Yi00NDAxMTQ1MDI3NTM5MTE1IiBjcm9zc29yaWdpbj0iYW5vbnltb3VzIj48L3NjcmlwdD48aW5zIGNsYXNzPSJhZHNieWdvb2dsZSIgc3R5bGU9ImRpc3BsYXk6YmxvY2s7IiBkYXRhLWFkLWNsaWVudD0iY2EtcHViLTQ0MDExNDUwMjc1MzkxMTUiIApkYXRhLWFkLXNsb3Q9IiIgCmRhdGEtYWQtZm9ybWF0PSJhdXRvIiBkYXRhLWZ1bGwtd2lkdGgtcmVzcG9uc2l2ZT0idHJ1ZSI+PC9pbnM+CjxzY3JpcHQ+IAooYWRzYnlnb29nbGUgPSB3aW5kb3cuYWRzYnlnb29nbGUgfHwgW10pLnB1c2goe30pOyAKPC9zY3JpcHQ+CjwvZGl2Pg==<\/script>\n\n\n\n<p>Lo <strong>Giuseppe-Meazza-Stadion<\/strong>besser bekannt unter dem Namen San Siro, ist eine der ber\u00fchmtesten Sportst\u00e4tten in Europa. Hier fanden schon Champions-League-Finale, historische Konzerte und hitzige Derbys zwischen dem AC Mailand und Inter Mailand statt. Jetzt bereitet es sich darauf vor, zur B\u00fchne f\u00fcr die <strong>Er\u00f6ffnungsfeier der XXV. Olympischen Winterspiele<\/strong>.<\/p>\n\n\n\n<p>Mit einer Kapazit\u00e4t von \u00fcber <strong>80.000 Pl\u00e4tze<\/strong>wird die erste nicht am Berg gelegene Anlage sein, in der eine olympische Winterzeremonie stattfindet, und stellt damit eine <strong>logistischer und kultureller Wendepunkt<\/strong> bei der Organisation der Spiele.<\/p>\n\n\n\n<p><strong> Was Sie bei der Zeremonie erwartet<\/strong><\/p>\n\n\n\n<p>Wie es die olympische Tradition vorsieht, wird die Zeremonie eine Mischung aus:<\/p>\n\n\n\n<ul class=\"wp-block-list\">\n<li><strong>Parade der Nationen<\/strong>Alle teilnehmenden Delegationen werden hinter ihren Flaggen paradieren. Italien, das Gastgeberland, wird als letztes aufmarschieren und mit einem Trikolore-Gebr\u00fcll begr\u00fc\u00dft werden.<\/li>\n\n\n\n<li><strong>Anz\u00fcnden des olympischen Kohlenbeckens<\/strong>der symboltr\u00e4chtigste und am meisten erwartete Moment. Die Identit\u00e4t des letzten Fackeltr\u00e4gers ist noch streng geheim, aber es ist die Rede von <strong>eine Legende des italienischen Sports<\/strong>oder vielleicht <strong>ein junges Symbol f\u00fcr die Zukunft<\/strong>.<\/li>\n\n\n\n<li><strong>K\u00fcnstlerische Leistung<\/strong>Mailand wird die <strong>ein modernes und integratives visuelles Werk<\/strong>aus Musik, Tanz, Projektionen, digitaler Technologie und Choreographie, inspiriert von der Geschichte und der Zukunft der Alpen.<\/li>\n\n\n\n<li><strong>Er\u00f6ffnungsrede<\/strong>von einem IOC-Vertreter und dem Pr\u00e4sidenten der Italienischen Republik nach der klassischen Formel verk\u00fcndet: <em>\"Ich erkl\u00e4re die Olympischen Winterspiele in Mailand-Cortina f\u00fcr er\u00f6ffnet\".<\/em>.<\/li>\n<\/ul>\n\n\n\n<p><strong> Eine Botschaft der Einigkeit und Nachhaltigkeit<\/strong><\/p>\n\n\n\n<p>Mailand-Cortina 2026 wird die erste Winterolympiade sein <strong>die sich \u00fcber ein so gro\u00dfes Gebiet erstrecken<\/strong>mit Veranstaltungen in der Lombardei, Venetien, Trentino-S\u00fcdtirol und sogar in Verona. Die Er\u00f6ffnungsfeier soll dies widerspiegeln <strong>Konzept der Einheit in der Vielfalt<\/strong>Hervorhebung:<\/p>\n\n\n\n<ul class=\"wp-block-list\">\n<li>l'<strong>Einbeziehung der lokalen Gemeinschaften<\/strong><\/li>\n\n\n\n<li>l'<strong>Aufmerksamkeit f\u00fcr die Umwelt<\/strong><\/li>\n\n\n\n<li>die <strong>Aufwertung des italienischen Kulturerbes<\/strong><\/li>\n<\/ul>\n\n\n\n<p>Das zentrale Thema wird die <strong>Verbindung zwischen Tradition und Zukunft<\/strong>zwischen Bergen und St\u00e4dten, zwischen olympischer Geschichte und neuen Generationen.<\/p>\n\n\n\n<p><strong> Ein globales Ereignis<\/strong><\/p>\n\n\n\n<p>Die Zeremonie wird \u00fcbertragen in <strong>\u00fcber 200 L\u00e4nder<\/strong> und wird gefolgt von <strong>Hunderte von Millionen von Zuschauern<\/strong>. Sie wird von einem internationalen Team unter der Leitung von italienischen K\u00fcnstlern mit Erfahrung bei globalen Gro\u00dfveranstaltungen geleitet. Der Einsatz von <strong>Drohnen, Videomapping, Spezialeffekte und Choreografie aus der Luft<\/strong>f\u00fcr eine Show, die in die Geschichte eingehen wird.<\/p>\n\n\n\n<p><strong> Die Erwartung der \u00d6ffentlichkeit und der Athleten<\/strong><\/p>\n\n\n\n<p>Die Athleten erleben die Er\u00f6ffnungsfeier als <strong>der Moment, der dem olympischen Traum einen Sinn gibt<\/strong>. Es ist der offizielle Start, der Moment, in dem sich Spannung mit Stolz mischt. F\u00fcr die italienische \u00d6ffentlichkeit wird es eine Gelegenheit sein, die <strong>die Welt umarmen<\/strong> und demonstrieren einmal mehr ihre <strong>die F\u00e4higkeit, Gro\u00dfveranstaltungen mit Herzlichkeit, Leidenschaft und Sachverstand auszurichten<\/strong>.<\/p>\n\n\n\n<p><strong> Auf dem Weg zu 17 Tagen Sport, Spannung und Geschichte<\/strong><\/p>\n\n\n\n<p>Nach der Zeremonie werden die Spiele in vollem Gange sein mit \u00fcber <strong>100 Ereignisse<\/strong> e <strong>93 teilnehmende Nationen<\/strong>. Alle Augen werden auf die Lifte in Cortina, Bormio, Livigno, Predazzo, Anterselva und auf die Langlaufloipen in Tesero gerichtet sein, wo neue Seiten der olympischen Geschichte geschrieben werden.<\/p>\n\n\n\n<p><strong>Zusammengefasst...<\/strong><\/p>\n\n\n\n<p>La <strong>Er\u00f6ffnungszeremonie Mailand-Cortina 2026<\/strong> wird ein historisches, innovatives und zutiefst italienisches Ereignis sein. Eine Gelegenheit, der Welt zu zeigen <strong>Sch\u00f6nheit, Kreativit\u00e4t und Gastfreundschaft<\/strong> unseres Landes und damit der offizielle Startschuss f\u00fcr eine der am sehnlichsten erwarteten Olympischen Spiele aller Zeiten.<\/p>\n\n\n<div class=\"amc-dopo-il-contenuto\" id=\"amc-170240029\"><script type=\"text\/plain\" data-tcf=\"waiting-for-consent\" data-id=\"1033\" data-bid=\"1\">PGRpdiBpZD0iYW1jLTE0OTQ1NjI5NDQiPjxzY3JpcHQgYXN5bmMgc3JjPSIvL3BhZ2VhZDIuZ29vZ2xlc3luZGljYXRpb24uY29tL3BhZ2VhZC9qcy9hZHNieWdvb2dsZS5qcz9jbGllbnQ9Y2EtcHViLTQ0MDExNDUwMjc1MzkxMTUiIGNyb3Nzb3JpZ2luPSJhbm9ueW1vdXMiPjwvc2NyaXB0PjxpbnMgY2xhc3M9ImFkc2J5Z29vZ2xlIiBzdHlsZT0iZGlzcGxheTpibG9jazsiIGRhdGEtYWQtY2xpZW50PSJjYS1wdWItNDQwMTE0NTAyNzUzOTExNSIgCmRhdGEtYWQtc2xvdD0iIiAKZGF0YS1hZC1mb3JtYXQ9ImF1dG8iIGRhdGEtZnVsbC13aWR0aC1yZXNwb25zaXZlPSJ0cnVlIj48L2lucz4KPHNjcmlwdD4gCihhZHNieWdvb2dsZSA9IHdpbmRvdy5hZHNieWdvb2dsZSB8fCBbXSkucHVzaCh7fSk7IAo8L3NjcmlwdD4KPC9kaXY+<\/script><\/div>","protected":false},"excerpt":{"rendered":"<p>Il 6 febbraio 2026, il mondo intero punter\u00e0 gli occhi sull\u2019Italia per assistere alla Cerimonia di Apertura delle Olimpiadi Invernali di Milano-Cortina 2026. Sar\u00e0 un evento epocale, carico di significato, che unisce sport, cultura e spettacolo in un unico grande abbraccio. E per la prima volta nella storia dei Giochi Invernali, l\u2019apertura si terr\u00e0 in [&hellip;]<\/p>","protected":false},"author":3,"featured_media":240,"comment_status":"open","ping_status":"open","sticky":false,"template":"","format":"standard","meta":{"_acf_changed":false,"footnotes":""},"categories":[3,7,1],"tags":[],"class_list":["post-239","post","type-post","status-publish","format-standard","has-post-thumbnail","hentry","category-calendario-gare","category-milano-e-cortina","category-notizie-e-aggiornamenti"],"acf":[],"_links":{"self":[{"href":"https:\/\/aspettandomilanocortina2026.it\/de\/wp-json\/wp\/v2\/posts\/239","targetHints":{"allow":["GET"]}}],"collection":[{"href":"https:\/\/aspettandomilanocortina2026.it\/de\/wp-json\/wp\/v2\/posts"}],"about":[{"href":"https:\/\/aspettandomilanocortina2026.it\/de\/wp-json\/wp\/v2\/types\/post"}],"author":[{"embeddable":true,"href":"https:\/\/aspettandomilanocortina2026.it\/de\/wp-json\/wp\/v2\/users\/3"}],"replies":[{"embeddable":true,"href":"https:\/\/aspettandomilanocortina2026.it\/de\/wp-json\/wp\/v2\/comments?post=239"}],"version-history":[{"count":2,"href":"https:\/\/aspettandomilanocortina2026.it\/de\/wp-json\/wp\/v2\/posts\/239\/revisions"}],"predecessor-version":[{"id":301,"href":"https:\/\/aspettandomilanocortina2026.it\/de\/wp-json\/wp\/v2\/posts\/239\/revisions\/301"}],"wp:featuredmedia":[{"embeddable":true,"href":"https:\/\/aspettandomilanocortina2026.it\/de\/wp-json\/wp\/v2\/media\/240"}],"wp:attachment":[{"href":"https:\/\/aspettandomilanocortina2026.it\/de\/wp-json\/wp\/v2\/media?parent=239"}],"wp:term":[{"taxonomy":"category","embeddable":true,"href":"https:\/\/aspettandomilanocortina2026.it\/de\/wp-json\/wp\/v2\/categories?post=239"},{"taxonomy":"post_tag","embeddable":true,"href":"https:\/\/aspettandomilanocortina2026.it\/de\/wp-json\/wp\/v2\/tags?post=239"}],"curies":[{"name":"wp","href":"https:\/\/api.w.org\/{rel}","templated":true}]}}