{"id":206,"date":"2025-04-24T10:01:13","date_gmt":"2025-04-24T09:01:13","guid":{"rendered":"https:\/\/aspettandomilanocortina2026.it\/?p=206"},"modified":"2025-04-24T11:23:20","modified_gmt":"2025-04-24T10:23:20","slug":"protagonisten-auf-die-man-ein-auge-haben-sollte","status":"publish","type":"post","link":"https:\/\/aspettandomilanocortina2026.it\/de\/protagonisten-auf-die-man-ein-auge-haben-sollte\/","title":{"rendered":"Protagonisten, auf die man achten sollte"},"content":{"rendered":"<script type=\"text\/plain\" data-tcf=\"waiting-for-consent\" data-id=\"1033\" data-bid=\"1\" data-placement=\"1034\">PGRpdiBpZD0iYW1jLTE0NDUwMjk2NTAiIGNsYXNzPSJhbWMtcHJpbWEtZGVsLWNvbnRlbnV0byI+PHNjcmlwdCBhc3luYyBzcmM9Ii8vcGFnZWFkMi5nb29nbGVzeW5kaWNhdGlvbi5jb20vcGFnZWFkL2pzL2Fkc2J5Z29vZ2xlLmpzP2NsaWVudD1jYS1wdWItNDQwMTE0NTAyNzUzOTExNSIgY3Jvc3NvcmlnaW49ImFub255bW91cyI+PC9zY3JpcHQ+PGlucyBjbGFzcz0iYWRzYnlnb29nbGUiIHN0eWxlPSJkaXNwbGF5OmJsb2NrOyIgZGF0YS1hZC1jbGllbnQ9ImNhLXB1Yi00NDAxMTQ1MDI3NTM5MTE1IiAKZGF0YS1hZC1zbG90PSIiIApkYXRhLWFkLWZvcm1hdD0iYXV0byIgZGF0YS1mdWxsLXdpZHRoLXJlc3BvbnNpdmU9InRydWUiPjwvaW5zPgo8c2NyaXB0PiAKKGFkc2J5Z29vZ2xlID0gd2luZG93LmFkc2J5Z29vZ2xlIHx8IFtdKS5wdXNoKHt9KTsgCjwvc2NyaXB0Pgo8L2Rpdj4=<\/script>\n<p>Mit dem N\u00e4herr\u00fccken der Olympischen Winterspiele Mailand-Cortina 2026 r\u00fccken die Athleten in den Mittelpunkt, die sich bei den Wettk\u00e4mpfen profilieren k\u00f6nnten. Von etablierten Champions bis hin zu jungen Hoffnungstr\u00e4gern wird die Veranstaltung ein Schaufenster f\u00fcr die Sporttalente der Welt sein.<\/p><script type=\"text\/plain\" data-tcf=\"waiting-for-consent\" data-id=\"1037\" data-bid=\"1\" data-placement=\"726\">PGRpdiBpZD0iYW1jLTE3Nzk2MjU4MzgiIGNsYXNzPSJhbWMtcG9zdC1jb250ZW50IiBzdHlsZT0ibWFyZ2luLWxlZnQ6IGF1dG87bWFyZ2luLXJpZ2h0OiBhdXRvO3RleHQtYWxpZ246IGNlbnRlcjsiPjxzY3JpcHQgYXN5bmMgc3JjPSIvL3BhZ2VhZDIuZ29vZ2xlc3luZGljYXRpb24uY29tL3BhZ2VhZC9qcy9hZHNieWdvb2dsZS5qcz9jbGllbnQ9Y2EtcHViLTQ0MDExNDUwMjc1MzkxMTUiIGNyb3Nzb3JpZ2luPSJhbm9ueW1vdXMiPjwvc2NyaXB0PjxpbnMgY2xhc3M9ImFkc2J5Z29vZ2xlIiBzdHlsZT0iZGlzcGxheTpibG9jazsiIGRhdGEtYWQtY2xpZW50PSJjYS1wdWItNDQwMTE0NTAyNzUzOTExNSIgCmRhdGEtYWQtc2xvdD0iODAyMDU4Mzc5MyIgCmRhdGEtYWQtZm9ybWF0PSJhdXRvIiBkYXRhLWZ1bGwtd2lkdGgtcmVzcG9uc2l2ZT0idHJ1ZSI+PC9pbnM+CjxzY3JpcHQ+IAooYWRzYnlnb29nbGUgPSB3aW5kb3cuYWRzYnlnb29nbGUgfHwgW10pLnB1c2goe30pOyAKPC9zY3JpcHQ+CjwvZGl2PjxiciBzdHlsZT0iY2xlYXI6IGJvdGg7IGRpc3BsYXk6IGJsb2NrOyBmbG9hdDogbm9uZTsiLz4=<\/script>\n\n\n\n<p><strong>Italienische Stars<\/strong><\/p><script type=\"text\/plain\" data-tcf=\"waiting-for-consent\" data-id=\"1033\" data-bid=\"1\" data-placement=\"985\">PGRpdiBpZD0iYW1jLTM3OTI1NzYxODciIGNsYXNzPSJhbWMtbWgtbWlkIj48c2NyaXB0IGFzeW5jIHNyYz0iLy9wYWdlYWQyLmdvb2dsZXN5bmRpY2F0aW9uLmNvbS9wYWdlYWQvanMvYWRzYnlnb29nbGUuanM\/Y2xpZW50PWNhLXB1Yi00NDAxMTQ1MDI3NTM5MTE1IiBjcm9zc29yaWdpbj0iYW5vbnltb3VzIj48L3NjcmlwdD48aW5zIGNsYXNzPSJhZHNieWdvb2dsZSIgc3R5bGU9ImRpc3BsYXk6YmxvY2s7IiBkYXRhLWFkLWNsaWVudD0iY2EtcHViLTQ0MDExNDUwMjc1MzkxMTUiIApkYXRhLWFkLXNsb3Q9IiIgCmRhdGEtYWQtZm9ybWF0PSJhdXRvIiBkYXRhLWZ1bGwtd2lkdGgtcmVzcG9uc2l2ZT0idHJ1ZSI+PC9pbnM+CjxzY3JpcHQ+IAooYWRzYnlnb29nbGUgPSB3aW5kb3cuYWRzYnlnb29nbGUgfHwgW10pLnB1c2goe30pOyAKPC9zY3JpcHQ+CjwvZGl2Pg==<\/script>\n\n\n\n<p>Italien bereitet sich darauf vor, mit einigen seiner vielversprechendsten Athleten zu gl\u00e4nzen:<\/p>\n\n\n\n<ul class=\"wp-block-list\">\n<li><strong>Sofia Goggia<\/strong> (Ski Alpin): Die Goldmedaillengewinnerin von PyeongChang 2018 und Silbermedaillengewinnerin von Peking 2022 strebt einen weiteren Erfolg auf ihrer Heimpiste an.<\/li>\n\n\n\n<li><strong>Federica Brignone<\/strong> (Ski Alpin): Der Sieger des Gesamtweltcups 2020 wird einer der Athleten sein, die man in den technischen und schnellen Disziplinen beobachten kann.<\/li>\n\n\n\n<li><strong>Arianna Fontana<\/strong> (Shorttrack): Mit der Rekordzahl an olympischen Medaillen f\u00fcr Italien im Wintersport k\u00f6nnte er seinem Palmar\u00e8s weitere Triumphe hinzuf\u00fcgen.<\/li>\n\n\n\n<li><strong>Dominik Paris<\/strong> (Ski Alpin): Abfahrtsspezialistin, tr\u00e4umt davon, vor dem italienischen Publikum Gold zu gewinnen.<\/li>\n\n\n\n<li><strong>Dorothea Wierer<\/strong> (Biathlon): Nach ihren Erfolgen bei den Weltmeisterschaften will die Italienerin auch bei den Olympischen Spielen auf das Podium.<\/li>\n<\/ul>\n\n\n\n<p><strong>Internationale Stars<\/strong><\/p>\n\n\n\n<p>Auch die ausl\u00e4ndischen Sportler versprechen Spektakel:<\/p>\n\n\n\n<ul class=\"wp-block-list\">\n<li><strong>Mikaela Shiffrin<\/strong> (USA, Ski Alpin): Eine der gr\u00f6\u00dften Skifahrerinnen aller Zeiten, bereit, erneut zu \u00fcberraschen.<\/li>\n\n\n\n<li><strong>Johannes H\u00f8sflot Kl\u00e6bo<\/strong> (Norwegen, Skilanglauf): Er dominiert die Speed Trials und ist der Favorit bei den Langlaufrennen.<\/li>\n\n\n\n<li><strong>Nathan Chen<\/strong> (USA, Eiskunstlauf): Wird sie nach dem Gold von Peking 2022 immer noch der Star der Disziplin sein?<\/li>\n\n\n\n<li><strong>Yuzuru Hanyu<\/strong> (Japan, Eiskunstlauf - im Falle eines Comebacks): Die legend\u00e4re Eiskunstl\u00e4uferin k\u00f6nnte mit einem Comeback \u00fcberraschen.<\/li>\n\n\n\n<li><strong>Alexis Pinturault<\/strong> (Frankreich, Ski Alpin): Immer wettbewerbsf\u00e4hig in den technischen und vielseitigen Disziplinen.<\/li>\n<\/ul>\n\n\n\n<p><strong>Die jungen Versprechen<\/strong><\/p>\n\n\n\n<p>Mailand-Cortina k\u00f6nnte ein neues Talent hervorbringen:<\/p>\n\n\n\n<ul class=\"wp-block-list\">\n<li><strong>Laura Pirovano<\/strong> (Italien, Ski Alpin): Ein junges M\u00e4dchen auf dem Weg nach oben, bereit zu beeindrucken.<\/li>\n\n\n\n<li><strong>Edoardo Franco<\/strong> (Italien, Snowboarding): Einer der aufstrebenden Namen in der italienischen Snowboard-Szene.<\/li>\n\n\n\n<li><strong>Valieva Kamila<\/strong> (Russland, Eiskunstlauf - falls er teilnimmt): Au\u00dfergew\u00f6hnliches Talent, das zu einzigartigen Leistungen f\u00e4hig ist.<\/li>\n<\/ul>\n\n\n\n<p>Mit einer Mischung aus erfahrenen Champions und Newcomern wird Mailand-Cortina 2026 eine Veranstaltung voller Spannung und Unvorhersehbarkeit sein. Die Augen der Welt werden auf diese Athleten gerichtet sein, die bereit sind, die Geschichte des Wintersports zu schreiben!<\/p>\n\n\n\n\n\n<p><\/p>\n<div class=\"amc-dopo-il-contenuto\" id=\"amc-4119260692\"><script type=\"text\/plain\" data-tcf=\"waiting-for-consent\" data-id=\"1033\" data-bid=\"1\">PGRpdiBpZD0iYW1jLTI0MjA4MDA0NSI+PHNjcmlwdCBhc3luYyBzcmM9Ii8vcGFnZWFkMi5nb29nbGVzeW5kaWNhdGlvbi5jb20vcGFnZWFkL2pzL2Fkc2J5Z29vZ2xlLmpzP2NsaWVudD1jYS1wdWItNDQwMTE0NTAyNzUzOTExNSIgY3Jvc3NvcmlnaW49ImFub255bW91cyI+PC9zY3JpcHQ+PGlucyBjbGFzcz0iYWRzYnlnb29nbGUiIHN0eWxlPSJkaXNwbGF5OmJsb2NrOyIgZGF0YS1hZC1jbGllbnQ9ImNhLXB1Yi00NDAxMTQ1MDI3NTM5MTE1IiAKZGF0YS1hZC1zbG90PSIiIApkYXRhLWFkLWZvcm1hdD0iYXV0byIgZGF0YS1mdWxsLXdpZHRoLXJlc3BvbnNpdmU9InRydWUiPjwvaW5zPgo8c2NyaXB0PiAKKGFkc2J5Z29vZ2xlID0gd2luZG93LmFkc2J5Z29vZ2xlIHx8IFtdKS5wdXNoKHt9KTsgCjwvc2NyaXB0Pgo8L2Rpdj4=<\/script><\/div>","protected":false},"excerpt":{"rendered":"<p>Con l\u2019avvicinarsi delle Olimpiadi Invernali di Milano-Cortina 2026, l\u2019attenzione si concentra sugli atleti che potrebbero lasciare il segno nella competizione. Dai campioni affermati alle giovani promesse, l\u2019evento sar\u00e0 una vetrina per il talento sportivo mondiale. Le Stelle Italiane L\u2019Italia si prepara a brillare con alcuni dei suoi atleti pi\u00f9 promettenti: Le Star Internazionali Anche gli [&hellip;]<\/p>","protected":false},"author":3,"featured_media":207,"comment_status":"open","ping_status":"open","sticky":false,"template":"","format":"standard","meta":{"_acf_changed":false,"footnotes":""},"categories":[2,1],"tags":[],"class_list":["post-206","post","type-post","status-publish","format-standard","has-post-thumbnail","hentry","category-atleti-e-squadre","category-notizie-e-aggiornamenti"],"acf":[],"_links":{"self":[{"href":"https:\/\/aspettandomilanocortina2026.it\/de\/wp-json\/wp\/v2\/posts\/206","targetHints":{"allow":["GET"]}}],"collection":[{"href":"https:\/\/aspettandomilanocortina2026.it\/de\/wp-json\/wp\/v2\/posts"}],"about":[{"href":"https:\/\/aspettandomilanocortina2026.it\/de\/wp-json\/wp\/v2\/types\/post"}],"author":[{"embeddable":true,"href":"https:\/\/aspettandomilanocortina2026.it\/de\/wp-json\/wp\/v2\/users\/3"}],"replies":[{"embeddable":true,"href":"https:\/\/aspettandomilanocortina2026.it\/de\/wp-json\/wp\/v2\/comments?post=206"}],"version-history":[{"count":3,"href":"https:\/\/aspettandomilanocortina2026.it\/de\/wp-json\/wp\/v2\/posts\/206\/revisions"}],"predecessor-version":[{"id":213,"href":"https:\/\/aspettandomilanocortina2026.it\/de\/wp-json\/wp\/v2\/posts\/206\/revisions\/213"}],"wp:featuredmedia":[{"embeddable":true,"href":"https:\/\/aspettandomilanocortina2026.it\/de\/wp-json\/wp\/v2\/media\/207"}],"wp:attachment":[{"href":"https:\/\/aspettandomilanocortina2026.it\/de\/wp-json\/wp\/v2\/media?parent=206"}],"wp:term":[{"taxonomy":"category","embeddable":true,"href":"https:\/\/aspettandomilanocortina2026.it\/de\/wp-json\/wp\/v2\/categories?post=206"},{"taxonomy":"post_tag","embeddable":true,"href":"https:\/\/aspettandomilanocortina2026.it\/de\/wp-json\/wp\/v2\/tags?post=206"}],"curies":[{"name":"wp","href":"https:\/\/api.w.org\/{rel}","templated":true}]}}