{"id":1066,"date":"2026-02-04T15:09:48","date_gmt":"2026-02-04T13:09:48","guid":{"rendered":"https:\/\/aspettandomilanocortina2026.it\/?p=1066"},"modified":"2026-02-04T15:09:49","modified_gmt":"2026-02-04T13:09:49","slug":"mailand-cortina-olympiade-2026-curling-eroffnet-die-spiele-mit-dem-ersten-offiziellen-wettbewerb","status":"publish","type":"post","link":"https:\/\/aspettandomilanocortina2026.it\/de\/mailand-cortina-olympiade-2026-curling-eroffnet-die-spiele-mit-dem-ersten-offiziellen-wettbewerb\/","title":{"rendered":"Olympische Spiele 2026 in Mailand Cortina: Curling er\u00f6ffnet die Spiele mit dem ersten offiziellen Wettbewerb"},"content":{"rendered":"<script type=\"text\/plain\" data-tcf=\"waiting-for-consent\" data-id=\"1033\" data-bid=\"1\" data-placement=\"1034\">PGRpdiBpZD0iYW1jLTMyNjk2MTc1NzAiIGNsYXNzPSJhbWMtcHJpbWEtZGVsLWNvbnRlbnV0byI+PHNjcmlwdCBhc3luYyBzcmM9Ii8vcGFnZWFkMi5nb29nbGVzeW5kaWNhdGlvbi5jb20vcGFnZWFkL2pzL2Fkc2J5Z29vZ2xlLmpzP2NsaWVudD1jYS1wdWItNDQwMTE0NTAyNzUzOTExNSIgY3Jvc3NvcmlnaW49ImFub255bW91cyI+PC9zY3JpcHQ+PGlucyBjbGFzcz0iYWRzYnlnb29nbGUiIHN0eWxlPSJkaXNwbGF5OmJsb2NrOyIgZGF0YS1hZC1jbGllbnQ9ImNhLXB1Yi00NDAxMTQ1MDI3NTM5MTE1IiAKZGF0YS1hZC1zbG90PSIiIApkYXRhLWFkLWZvcm1hdD0iYXV0byIgZGF0YS1mdWxsLXdpZHRoLXJlc3BvbnNpdmU9InRydWUiPjwvaW5zPgo8c2NyaXB0PiAKKGFkc2J5Z29vZ2xlID0gd2luZG93LmFkc2J5Z29vZ2xlIHx8IFtdKS5wdXNoKHt9KTsgCjwvc2NyaXB0Pgo8L2Rpdj4=<\/script>\n<p>Le <strong>Mailand Cortina Olympische Winterspiele 2026<\/strong> beginnen bereits vor der Er\u00f6ffnungsfeier. Wie es die olympische Tradition vorsieht, wird die <strong>erstes offizielles Auswahlverfahren<\/strong> Der Startschuss f\u00e4llt in den Tagen vor der Er\u00f6ffnungsveranstaltung, um symbolisch den Motor der Spiele zu starten und die ersten Athleten aufs Eis zu bringen.<\/p><script type=\"text\/plain\" data-tcf=\"waiting-for-consent\" data-id=\"1037\" data-bid=\"1\" data-placement=\"726\">PGRpdiBpZD0iYW1jLTE5MjQyNzcxODciIGNsYXNzPSJhbWMtcG9zdC1jb250ZW50IiBzdHlsZT0ibWFyZ2luLWxlZnQ6IGF1dG87bWFyZ2luLXJpZ2h0OiBhdXRvO3RleHQtYWxpZ246IGNlbnRlcjsiPjxzY3JpcHQgYXN5bmMgc3JjPSIvL3BhZ2VhZDIuZ29vZ2xlc3luZGljYXRpb24uY29tL3BhZ2VhZC9qcy9hZHNieWdvb2dsZS5qcz9jbGllbnQ9Y2EtcHViLTQ0MDExNDUwMjc1MzkxMTUiIGNyb3Nzb3JpZ2luPSJhbm9ueW1vdXMiPjwvc2NyaXB0PjxpbnMgY2xhc3M9ImFkc2J5Z29vZ2xlIiBzdHlsZT0iZGlzcGxheTpibG9jazsiIGRhdGEtYWQtY2xpZW50PSJjYS1wdWItNDQwMTE0NTAyNzUzOTExNSIgCmRhdGEtYWQtc2xvdD0iODAyMDU4Mzc5MyIgCmRhdGEtYWQtZm9ybWF0PSJhdXRvIiBkYXRhLWZ1bGwtd2lkdGgtcmVzcG9uc2l2ZT0idHJ1ZSI+PC9pbnM+CjxzY3JpcHQ+IAooYWRzYnlnb29nbGUgPSB3aW5kb3cuYWRzYnlnb29nbGUgfHwgW10pLnB1c2goe30pOyAKPC9zY3JpcHQ+CjwvZGl2PjxiciBzdHlsZT0iY2xlYXI6IGJvdGg7IGRpc3BsYXk6IGJsb2NrOyBmbG9hdDogbm9uZTsiLz4=<\/script>\n\n\n\n<p>Ein stilles, aber bedeutungsvolles Deb\u00fct, das den offiziellen Eintritt der Nationen in die olympische Atmosph\u00e4re markiert.<\/p><script type=\"text\/plain\" data-tcf=\"waiting-for-consent\" data-id=\"1033\" data-bid=\"1\" data-placement=\"985\">PGRpdiBpZD0iYW1jLTk1ODM3NTg2NCIgY2xhc3M9ImFtYy1taC1taWQiPjxzY3JpcHQgYXN5bmMgc3JjPSIvL3BhZ2VhZDIuZ29vZ2xlc3luZGljYXRpb24uY29tL3BhZ2VhZC9qcy9hZHNieWdvb2dsZS5qcz9jbGllbnQ9Y2EtcHViLTQ0MDExNDUwMjc1MzkxMTUiIGNyb3Nzb3JpZ2luPSJhbm9ueW1vdXMiPjwvc2NyaXB0PjxpbnMgY2xhc3M9ImFkc2J5Z29vZ2xlIiBzdHlsZT0iZGlzcGxheTpibG9jazsiIGRhdGEtYWQtY2xpZW50PSJjYS1wdWItNDQwMTE0NTAyNzUzOTExNSIgCmRhdGEtYWQtc2xvdD0iIiAKZGF0YS1hZC1mb3JtYXQ9ImF1dG8iIGRhdGEtZnVsbC13aWR0aC1yZXNwb25zaXZlPSJ0cnVlIj48L2lucz4KPHNjcmlwdD4gCihhZHNieWdvb2dsZSA9IHdpbmRvdy5hZHNieWdvb2dsZSB8fCBbXSkucHVzaCh7fSk7IAo8L3NjcmlwdD4KPC9kaXY+<\/script>\n\n\n\n<h2 class=\"wp-block-heading\"><strong>Was ist das erste Rennen der Olympischen Spiele 2026 in Mailand-Cortina?<\/strong><\/h2>\n\n\n\n<p>Nach Angaben der <strong>vorl\u00e4ufiges olympisches programm<\/strong>die <strong>erster Wettbewerb der Olympischen Winterspiele 2026<\/strong> wird die <strong>Gemischtes Doppel Curling<\/strong>, Disziplin, die in den letzten Jahren zum wahren \u201cWegbereiter\u201d der Winterspiele geworden ist.<\/p>\n\n\n\n<p>Das Turnier wird beginnen <strong>ab heute, 4. Februar 2026<\/strong>, zwei Tage vor der Er\u00f6ffnungszeremonie, um einen reibungslosen Ablauf der Runden zu gew\u00e4hrleisten, eine vom IOC eingef\u00fchrte Tradition.<\/p>\n\n\n\n<p>Gemischtes Doppel-Curling ist eine symbolische Entscheidung:<\/p>\n\n\n\n<ul class=\"wp-block-list\">\n<li>ist eine Disziplin <strong>inklusive<\/strong>, mit Teams bestehend aus einem Mann und einer Frau<\/li>\n\n\n\n<li>hat ein schnelleres Tempo als das traditionelle Curling<\/li>\n\n\n\n<li>bietet sofort eine Show, die auch f\u00fcr die breite \u00d6ffentlichkeit zug\u00e4nglich ist<\/li>\n<\/ul>\n\n\n\n<h2 class=\"wp-block-heading\"><strong>Wo das erste Auswahlverfahren stattfinden wird<\/strong><\/h2>\n\n\n\n<p>Die ersten olympischen Steine werden auf der <strong>Cortina d'Ampezzo<\/strong>, in der historischen <strong>Olympisches Eisstadion<\/strong>, einer der kultigsten Veranstaltungsorte der gesamten Veranstaltung.<\/p>\n\n\n\n<p>Cortina, bereits der Star der Olympischen Spiele 1956, kehrt damit in den Mittelpunkt der Weltb\u00fchne zur\u00fcck und ist Gastgeber der <strong>der erste offizielle Wettbewerb der Spiele 2026<\/strong>, in einer renovierten Anlage, die den modernen olympischen Standards entspricht.<\/p>\n\n\n\n<p>Die Wahl des Ortes ist nicht zuf\u00e4llig: Cortina ist das symbolische Herz der Olympischen Winterspiele in Italien und verbindet sportliche Tradition, alpine Landschaft und internationale Sichtbarkeit.<\/p>\n\n\n\n<h2 class=\"wp-block-heading\"><strong>Die Nationen, die an den ersten olympischen Wettk\u00e4mpfen teilnehmen werden<\/strong><\/h2>\n\n\n\n<p>Beim Turnier der <strong>Gemischtes Doppel Curling<\/strong> wird teilnehmen <strong>bis zu 20 Nationen<\/strong>, ausgew\u00e4hlt durch internationale Rankings und offizielle Qualifikationen.<\/p>\n\n\n\n<p>Zu den L\u00e4ndern, die traditionell zu den Protagonisten geh\u00f6ren und auch in Mailand Cortina 2026 erwartet werden, geh\u00f6ren:<\/p>\n\n\n\n<ul class=\"wp-block-list\">\n<li>Italien (Gastgeberland)<\/li>\n\n\n\n<li>Kanada<\/li>\n\n\n\n<li>Schweden<\/li>\n\n\n\n<li>Norwegen<\/li>\n\n\n\n<li>Schweiz<\/li>\n\n\n\n<li>Gro\u00dfbritannien<\/li>\n\n\n\n<li>Vereinigte Staaten<\/li>\n\n\n\n<li>China<\/li>\n\n\n\n<li>Japan<\/li>\n\n\n\n<li>S\u00fcdkorea<\/li>\n<\/ul>\n\n\n\n<p>Neben den gro\u00dfen Curlingspielern werden bei diesem Turnier auch folgende Mannschaften vertreten sein <strong>Schwellenl\u00e4nder<\/strong>, Das macht den Wettbewerb besonders unvorhersehbar und wird aufmerksam verfolgt.<\/p>\n\n\n\n<h2 class=\"wp-block-heading\"><strong>Ein Start ohne Zeremonie, aber schon olympisch<\/strong><\/h2>\n\n\n\n<p>Sobald das Publikum die Trib\u00fcnen f\u00fcllt und die ersten internationalen Live-\u00dcbertragungen ausgestrahlt werden, <strong>die Olympischen Spiele haben bereits begonnen<\/strong>, auch ohne die traditionelle Er\u00f6ffnungsshow.<\/p>\n\n\n\n<p>F\u00fcr Curling-Sportler ist der Druck doppelt so hoch:<\/p>\n\n\n\n<ul class=\"wp-block-list\">\n<li>die Spiele offiziell er\u00f6ffnen<\/li>\n\n\n\n<li>antreten, w\u00e4hrend die olympische Welt noch im Aufbau begriffen ist<\/li>\n<\/ul>\n\n\n\n<p>In diesen fr\u00fchen Stunden bauen wir oft <strong>die \u00fcberraschendsten Geschichten<\/strong>, zwischen Au\u00dfenseitern, unerwarteten Siegen und fr\u00fchen Entt\u00e4uschungen.<\/p>\n\n\n\n<h2 class=\"wp-block-heading\"><strong>Die Bedeutung des ersten olympischen Wettbewerbs<\/strong><\/h2>\n\n\n\n<p>Beim ersten Wettbewerb der Olympischen Spiele werden nicht nur Punkte oder Medaillen vergeben:<br>stellt die <strong>symbolischer \u00dcbergang vom Warten zum Handeln<\/strong>, vom Countdown zur Realit\u00e4t.<\/p>\n\n\n\n<p>Ab dem 4. Februar 2026:<\/p>\n\n\n\n<ul class=\"wp-block-list\">\n<li>Das olympische Dorf ist in vollem Gange<\/li>\n\n\n\n<li>die Delegationen beginnen, zwischen den Standorten zu wechseln<\/li>\n\n\n\n<li>Mailand und Cortina werden offiziell Olympiast\u00e4dte<\/li>\n<\/ul>\n\n\n\n<p>Es ist der Moment, in dem die Olympischen Spiele aufh\u00f6ren, ein Projekt zu sein, und zu <strong>Geschichte in Bewegung<\/strong>.<\/p>\n<div class=\"amc-dopo-il-contenuto\" id=\"amc-3118927635\"><script type=\"text\/plain\" data-tcf=\"waiting-for-consent\" data-id=\"1033\" data-bid=\"1\">PGRpdiBpZD0iYW1jLTEyNzk4NzY2OTkiPjxzY3JpcHQgYXN5bmMgc3JjPSIvL3BhZ2VhZDIuZ29vZ2xlc3luZGljYXRpb24uY29tL3BhZ2VhZC9qcy9hZHNieWdvb2dsZS5qcz9jbGllbnQ9Y2EtcHViLTQ0MDExNDUwMjc1MzkxMTUiIGNyb3Nzb3JpZ2luPSJhbm9ueW1vdXMiPjwvc2NyaXB0PjxpbnMgY2xhc3M9ImFkc2J5Z29vZ2xlIiBzdHlsZT0iZGlzcGxheTpibG9jazsiIGRhdGEtYWQtY2xpZW50PSJjYS1wdWItNDQwMTE0NTAyNzUzOTExNSIgCmRhdGEtYWQtc2xvdD0iIiAKZGF0YS1hZC1mb3JtYXQ9ImF1dG8iIGRhdGEtZnVsbC13aWR0aC1yZXNwb25zaXZlPSJ0cnVlIj48L2lucz4KPHNjcmlwdD4gCihhZHNieWdvb2dsZSA9IHdpbmRvdy5hZHNieWdvb2dsZSB8fCBbXSkucHVzaCh7fSk7IAo8L3NjcmlwdD4KPC9kaXY+<\/script><\/div>","protected":false},"excerpt":{"rendered":"<p>Le Olimpiadi Invernali di Milano Cortina 2026 iniziano prima ancora della cerimonia inaugurale. Come da tradizione olimpica, la prima competizione ufficiale prende il via nei giorni immediatamente precedenti all\u2019evento di apertura, accendendo simbolicamente il motore dei Giochi e portando sul ghiaccio i primi atleti in gara. Un debutto silenzioso ma carico di significato, che segna [&hellip;]<\/p>","protected":false},"author":3,"featured_media":1067,"comment_status":"open","ping_status":"closed","sticky":false,"template":"","format":"standard","meta":{"_acf_changed":false,"footnotes":""},"categories":[16,2,3,17,8],"tags":[],"class_list":["post-1066","post","type-post","status-publish","format-standard","has-post-thumbnail","hentry","category-notizie-e-approfondimenti","category-atleti-e-squadre","category-calendario-gare","category-sport-e-atleti","category-sport-olimpici"],"acf":[],"_links":{"self":[{"href":"https:\/\/aspettandomilanocortina2026.it\/de\/wp-json\/wp\/v2\/posts\/1066","targetHints":{"allow":["GET"]}}],"collection":[{"href":"https:\/\/aspettandomilanocortina2026.it\/de\/wp-json\/wp\/v2\/posts"}],"about":[{"href":"https:\/\/aspettandomilanocortina2026.it\/de\/wp-json\/wp\/v2\/types\/post"}],"author":[{"embeddable":true,"href":"https:\/\/aspettandomilanocortina2026.it\/de\/wp-json\/wp\/v2\/users\/3"}],"replies":[{"embeddable":true,"href":"https:\/\/aspettandomilanocortina2026.it\/de\/wp-json\/wp\/v2\/comments?post=1066"}],"version-history":[{"count":1,"href":"https:\/\/aspettandomilanocortina2026.it\/de\/wp-json\/wp\/v2\/posts\/1066\/revisions"}],"predecessor-version":[{"id":1068,"href":"https:\/\/aspettandomilanocortina2026.it\/de\/wp-json\/wp\/v2\/posts\/1066\/revisions\/1068"}],"wp:featuredmedia":[{"embeddable":true,"href":"https:\/\/aspettandomilanocortina2026.it\/de\/wp-json\/wp\/v2\/media\/1067"}],"wp:attachment":[{"href":"https:\/\/aspettandomilanocortina2026.it\/de\/wp-json\/wp\/v2\/media?parent=1066"}],"wp:term":[{"taxonomy":"category","embeddable":true,"href":"https:\/\/aspettandomilanocortina2026.it\/de\/wp-json\/wp\/v2\/categories?post=1066"},{"taxonomy":"post_tag","embeddable":true,"href":"https:\/\/aspettandomilanocortina2026.it\/de\/wp-json\/wp\/v2\/tags?post=1066"}],"curies":[{"name":"wp","href":"https:\/\/api.w.org\/{rel}","templated":true}]}}