{"id":1004,"date":"2026-01-30T13:10:12","date_gmt":"2026-01-30T11:10:12","guid":{"rendered":"https:\/\/aspettandomilanocortina2026.it\/?p=1004"},"modified":"2026-01-30T13:10:14","modified_gmt":"2026-01-30T11:10:14","slug":"olimpiadi-invernali-milano-cortina-2026-chi-partecipa-allinaugurazione","status":"publish","type":"post","link":"https:\/\/aspettandomilanocortina2026.it\/de\/olimpiadi-invernali-milano-cortina-2026-chi-partecipa-allinaugurazione\/","title":{"rendered":"Olympische Winterspiele Mailand-Cortina 2026: Wer wird an der Er\u00f6ffnungsfeier teilnehmen?"},"content":{"rendered":"<script type=\"text\/plain\" data-tcf=\"waiting-for-consent\" data-id=\"1033\" data-bid=\"1\" data-placement=\"1034\">PGRpdiBpZD0iYW1jLTUyMjg4MzQzNSIgY2xhc3M9ImFtYy1wcmltYS1kZWwtY29udGVudXRvIj48c2NyaXB0IGFzeW5jIHNyYz0iLy9wYWdlYWQyLmdvb2dsZXN5bmRpY2F0aW9uLmNvbS9wYWdlYWQvanMvYWRzYnlnb29nbGUuanM\/Y2xpZW50PWNhLXB1Yi00NDAxMTQ1MDI3NTM5MTE1IiBjcm9zc29yaWdpbj0iYW5vbnltb3VzIj48L3NjcmlwdD48aW5zIGNsYXNzPSJhZHNieWdvb2dsZSIgc3R5bGU9ImRpc3BsYXk6YmxvY2s7IiBkYXRhLWFkLWNsaWVudD0iY2EtcHViLTQ0MDExNDUwMjc1MzkxMTUiIApkYXRhLWFkLXNsb3Q9IiIgCmRhdGEtYWQtZm9ybWF0PSJhdXRvIiBkYXRhLWZ1bGwtd2lkdGgtcmVzcG9uc2l2ZT0idHJ1ZSI+PC9pbnM+CjxzY3JpcHQ+IAooYWRzYnlnb29nbGUgPSB3aW5kb3cuYWRzYnlnb29nbGUgfHwgW10pLnB1c2goe30pOyAKPC9zY3JpcHQ+CjwvZGl2Pg==<\/script>\n<p>Le Olimpiadi Invernali Milano-Cortina 2026 si apriranno ufficialmente venerd\u00ec 6 febbraio 2026 con una cerimonia spettacolare allo <em>San-Siro-Stadion in Mailand<\/em> (ribattezzato per l\u2019occasione <em>San Siro Olympic Stadium<\/em>), un evento dal titolo <em>\u201cHarmonie\u201d<\/em> che unir\u00e0 performance artistiche, cultura, sport e protocollo internazionale in un unico grande spettacolo globale.<\/p><script type=\"text\/plain\" data-tcf=\"waiting-for-consent\" data-id=\"1037\" data-bid=\"1\" data-placement=\"726\">PGRpdiBpZD0iYW1jLTM1OTcyNDQwNzciIGNsYXNzPSJhbWMtcG9zdC1jb250ZW50IiBzdHlsZT0ibWFyZ2luLWxlZnQ6IGF1dG87bWFyZ2luLXJpZ2h0OiBhdXRvO3RleHQtYWxpZ246IGNlbnRlcjsiPjxzY3JpcHQgYXN5bmMgc3JjPSIvL3BhZ2VhZDIuZ29vZ2xlc3luZGljYXRpb24uY29tL3BhZ2VhZC9qcy9hZHNieWdvb2dsZS5qcz9jbGllbnQ9Y2EtcHViLTQ0MDExNDUwMjc1MzkxMTUiIGNyb3Nzb3JpZ2luPSJhbm9ueW1vdXMiPjwvc2NyaXB0PjxpbnMgY2xhc3M9ImFkc2J5Z29vZ2xlIiBzdHlsZT0iZGlzcGxheTpibG9jazsiIGRhdGEtYWQtY2xpZW50PSJjYS1wdWItNDQwMTE0NTAyNzUzOTExNSIgCmRhdGEtYWQtc2xvdD0iODAyMDU4Mzc5MyIgCmRhdGEtYWQtZm9ybWF0PSJhdXRvIiBkYXRhLWZ1bGwtd2lkdGgtcmVzcG9uc2l2ZT0idHJ1ZSI+PC9pbnM+CjxzY3JpcHQ+IAooYWRzYnlnb29nbGUgPSB3aW5kb3cuYWRzYnlnb29nbGUgfHwgW10pLnB1c2goe30pOyAKPC9zY3JpcHQ+CjwvZGl2PjxiciBzdHlsZT0iY2xlYXI6IGJvdGg7IGRpc3BsYXk6IGJsb2NrOyBmbG9hdDogbm9uZTsiLz4=<\/script>\n\n\n\n<h2 class=\"wp-block-heading\"><strong>La cerimonia: un evento globale<\/strong><\/h2>\n\n\n\n<p>La cerimonia di apertura sar\u00e0 un evento senza precedenti per l\u2019Olimpismo, non solo per il cast artistico e l\u2019innovativa struttura a pi\u00f9 sedi (Milano, Cortina d\u2019Ampezzo, Livigno e Predazzo), ma anche per la presenza di personalit\u00e0 istituzionali di altissimo profilo.<\/p><script type=\"text\/plain\" data-tcf=\"waiting-for-consent\" data-id=\"1033\" data-bid=\"1\" data-placement=\"985\">PGRpdiBpZD0iYW1jLTI5NDk3MTgwMDMiIGNsYXNzPSJhbWMtbWgtbWlkIj48c2NyaXB0IGFzeW5jIHNyYz0iLy9wYWdlYWQyLmdvb2dsZXN5bmRpY2F0aW9uLmNvbS9wYWdlYWQvanMvYWRzYnlnb29nbGUuanM\/Y2xpZW50PWNhLXB1Yi00NDAxMTQ1MDI3NTM5MTE1IiBjcm9zc29yaWdpbj0iYW5vbnltb3VzIj48L3NjcmlwdD48aW5zIGNsYXNzPSJhZHNieWdvb2dsZSIgc3R5bGU9ImRpc3BsYXk6YmxvY2s7IiBkYXRhLWFkLWNsaWVudD0iY2EtcHViLTQ0MDExNDUwMjc1MzkxMTUiIApkYXRhLWFkLXNsb3Q9IiIgCmRhdGEtYWQtZm9ybWF0PSJhdXRvIiBkYXRhLWZ1bGwtd2lkdGgtcmVzcG9uc2l2ZT0idHJ1ZSI+PC9pbnM+CjxzY3JpcHQ+IAooYWRzYnlnb29nbGUgPSB3aW5kb3cuYWRzYnlnb29nbGUgfHwgW10pLnB1c2goe30pOyAKPC9zY3JpcHQ+CjwvZGl2Pg==<\/script>\n\n\n\n<h2 class=\"wp-block-heading\"><strong>Le principali autorit\u00e0 italiane<\/strong><\/h2>\n\n\n\n<p>Sono confermate importanti presenze istituzionali italiane, tra cui:<\/p>\n\n\n\n<ul class=\"wp-block-list\">\n<li><strong>Sergio Mattarella<\/strong>, Presidente della Repubblica italiana, che rappresenter\u00e0 l\u2019Italia alla cerimonia di apertura e ufficialmente <em>dichiarer\u00e0 aperti i Giochi<\/em> secondo il protocollo olimpico.<\/li>\n\n\n\n<li>Durante i giorni precedenti all\u2019inaugurazione, Mattarella parteciper\u00e0 anche ad altri eventi istituzionali, come la cena per Capi di Stato organizzata dal Presidente del CIO e incontri con i membri del Comitato Olimpico Internazionale.<\/li>\n<\/ul>\n\n\n\n<h2 class=\"wp-block-heading\"><strong>Presenza degli Stati Uniti<\/strong><\/h2>\n\n\n\n<p>Dal lato internazionale, una delle delegazioni pi\u00f9 attese e confermate alla cerimonia di apertura \u00e8 quella degli Stati Uniti:<\/p>\n\n\n\n<ul class=\"wp-block-list\">\n<li><strong>J.D. Vance<\/strong>, Vice Presidente degli Stati Uniti, sar\u00e0 il capo della delegazione statunitense alla cerimonia.<\/li>\n\n\n\n<li>Con lui saranno presenti anche <strong>Marco Rubio<\/strong>, Segretario di Stato degli Stati Uniti, la Second Lady <strong>Usha Vance<\/strong> e l\u2019Ambasciatore statunitense in Italia <strong>Tilman J. Fertitta<\/strong>, oltre a ex campioni olimpici che accompagneranno la delegazione.<\/li>\n\n\n\n<li>L\u2019attuale Presidente degli Stati Uniti <strong>Donald Trump<\/strong> non \u00e8 incluso nella lista degli ospiti ufficiali per la cerimonia, ma non \u00e8 ancora detto che non parteciper\u00e0.<\/li>\n<\/ul>\n\n\n\n<h2 class=\"wp-block-heading\"><strong>Altri capi di Stato e delegazioni straniere<\/strong><\/h2>\n\n\n\n<p>Secondo le anticipazioni dei media italiani e fonti locali, si prevede la partecipazione di circa cinquanta capi di Stato e alte autorit\u00e0 internazionali alla cerimonia di apertura o ad eventi istituzionali collegati nei giorni precedenti.<br>Questo tipo di presenze \u00e8 tipico delle Olimpiadi, in cui i leader mondiali e i rappresentanti diplomatici si riuniscono per celebrare il valore dello sport e della cooperazione internazionale.<\/p>\n\n\n\n<p>Tuttavia, non esiste ancora un elenco ufficiale completo e definitivo pubblicato dai comitati organizzatori o dalla Presidenza italiana, per cui i nomi di altri capi di Stato saranno probabilmente confermati pi\u00f9 vicino alla data dell\u2019inaugurazione.<\/p>\n\n\n\n<h2 class=\"wp-block-heading\"><strong>Valore simbolico e diplomatico<\/strong><\/h2>\n\n\n\n<p>La partecipazione di capi di Stato, delegazioni governative e leader internazionali non \u00e8 solo un elemento di protocollo, ma anche un forte segnale diplomatico. Le Olimpiadi sono da sempre un palcoscenico globale per promuovere valori di pace, unit\u00e0 e cooperazione internazionale, oltre naturalmente all\u2019eccellenza sportiva.<\/p>\n<div class=\"amc-dopo-il-contenuto\" id=\"amc-2125025357\"><script type=\"text\/plain\" data-tcf=\"waiting-for-consent\" data-id=\"1033\" data-bid=\"1\">PGRpdiBpZD0iYW1jLTEyNzYzMzA1MzAiPjxzY3JpcHQgYXN5bmMgc3JjPSIvL3BhZ2VhZDIuZ29vZ2xlc3luZGljYXRpb24uY29tL3BhZ2VhZC9qcy9hZHNieWdvb2dsZS5qcz9jbGllbnQ9Y2EtcHViLTQ0MDExNDUwMjc1MzkxMTUiIGNyb3Nzb3JpZ2luPSJhbm9ueW1vdXMiPjwvc2NyaXB0PjxpbnMgY2xhc3M9ImFkc2J5Z29vZ2xlIiBzdHlsZT0iZGlzcGxheTpibG9jazsiIGRhdGEtYWQtY2xpZW50PSJjYS1wdWItNDQwMTE0NTAyNzUzOTExNSIgCmRhdGEtYWQtc2xvdD0iIiAKZGF0YS1hZC1mb3JtYXQ9ImF1dG8iIGRhdGEtZnVsbC13aWR0aC1yZXNwb25zaXZlPSJ0cnVlIj48L2lucz4KPHNjcmlwdD4gCihhZHNieWdvb2dsZSA9IHdpbmRvdy5hZHNieWdvb2dsZSB8fCBbXSkucHVzaCh7fSk7IAo8L3NjcmlwdD4KPC9kaXY+<\/script><\/div>","protected":false},"excerpt":{"rendered":"<p>Le Olimpiadi Invernali Milano-Cortina 2026 si apriranno ufficialmente venerd\u00ec 6 febbraio 2026 con una cerimonia spettacolare allo Stadio San Siro di Milano (ribattezzato per l\u2019occasione San Siro Olympic Stadium), un evento dal titolo \u201cArmonia\u201d che unir\u00e0 performance artistiche, cultura, sport e protocollo internazionale in un unico grande spettacolo globale. La cerimonia: un evento globale La [&hellip;]<\/p>","protected":false},"author":3,"featured_media":1006,"comment_status":"open","ping_status":"closed","sticky":false,"template":"","format":"standard","meta":{"_acf_changed":false,"footnotes":""},"categories":[5,1,16],"tags":[],"class_list":["post-1004","post","type-post","status-publish","format-standard","has-post-thumbnail","hentry","category-guida-per-i-tifosi","category-notizie-e-aggiornamenti","category-notizie-e-approfondimenti"],"acf":[],"_links":{"self":[{"href":"https:\/\/aspettandomilanocortina2026.it\/de\/wp-json\/wp\/v2\/posts\/1004","targetHints":{"allow":["GET"]}}],"collection":[{"href":"https:\/\/aspettandomilanocortina2026.it\/de\/wp-json\/wp\/v2\/posts"}],"about":[{"href":"https:\/\/aspettandomilanocortina2026.it\/de\/wp-json\/wp\/v2\/types\/post"}],"author":[{"embeddable":true,"href":"https:\/\/aspettandomilanocortina2026.it\/de\/wp-json\/wp\/v2\/users\/3"}],"replies":[{"embeddable":true,"href":"https:\/\/aspettandomilanocortina2026.it\/de\/wp-json\/wp\/v2\/comments?post=1004"}],"version-history":[{"count":1,"href":"https:\/\/aspettandomilanocortina2026.it\/de\/wp-json\/wp\/v2\/posts\/1004\/revisions"}],"predecessor-version":[{"id":1007,"href":"https:\/\/aspettandomilanocortina2026.it\/de\/wp-json\/wp\/v2\/posts\/1004\/revisions\/1007"}],"wp:featuredmedia":[{"embeddable":true,"href":"https:\/\/aspettandomilanocortina2026.it\/de\/wp-json\/wp\/v2\/media\/1006"}],"wp:attachment":[{"href":"https:\/\/aspettandomilanocortina2026.it\/de\/wp-json\/wp\/v2\/media?parent=1004"}],"wp:term":[{"taxonomy":"category","embeddable":true,"href":"https:\/\/aspettandomilanocortina2026.it\/de\/wp-json\/wp\/v2\/categories?post=1004"},{"taxonomy":"post_tag","embeddable":true,"href":"https:\/\/aspettandomilanocortina2026.it\/de\/wp-json\/wp\/v2\/tags?post=1004"}],"curies":[{"name":"wp","href":"https:\/\/api.w.org\/{rel}","templated":true}]}}